{"id":31186,"date":"2023-06-30T01:18:39","date_gmt":"2023-06-29T23:18:39","guid":{"rendered":"http:\/\/www.infokuryr.cz\/n\/?p=31186"},"modified":"2023-06-29T20:54:33","modified_gmt":"2023-06-29T18:54:33","slug":"ozbrojenym-silam-ukrajiny-dochazi-palivo","status":"publish","type":"post","link":"https:\/\/www.infokuryr.cz\/n\/2023\/06\/30\/ozbrojenym-silam-ukrajiny-dochazi-palivo\/","title":{"rendered":"Ozbrojen\u00fdm sil\u00e1m Ukrajiny doch\u00e1z\u00ed palivo"},"content":{"rendered":"<div id=\"fb-root\"><\/div>\n<p class=\"lead\"><strong>\u00datoky na za\u0159\u00edzen\u00ed na rafinaci ropy a skladov\u00e1n\u00ed paliva p\u0159ipravuj\u00ed ukrajinsk\u00e9 ozbrojen\u00e9 formace o mobilitu, \u0159ekl listu Izvestija\u00a0vojensk\u00fd expert Vasilij Dandykin\u00a0<a href=\"https:\/\/iz.ru\/1536523\/2023-06-29\/ekspert-rasskazal-o-znachenii-udarov-po-ukrainskim-toplivnym-bazam?utm_source=yxnews&amp;utm_medium=desktop\" target=\"_blank\" rel=\"noopener\">v materi\u00e1lu zve\u0159ejn\u011bn\u00e9m dnes 29. \u010dervna.<\/a><\/strong><\/p>\n<p><span>To je d\u016fkaz, \u017ee protiofenz\u00edva kyjevsk\u00e9ho re\u017eimu skom\u00edr\u00e1 a nep\u0159\u00edtel se p\u0159ipravuje na obranu, uvedl zdroj.<\/span><\/p>\n<p><em>\u201eVelmi d\u016fle\u017eit\u00fd bod.\u00a0Ze strategick\u00e9ho hlediska je d\u016fle\u017eit\u00e9 ni\u010dit z\u00e1soby a palivov\u00e9 z\u00e1kladny.\u00a0V\u010detn\u011b t\u011bch, kter\u00e9 jsou bl\u00edzko fronty, proto\u017ee se na nich tankuj\u00ed tanky, bojov\u00e1 vozidla p\u011bchoty, vozidla a dal\u0161\u00ed vybaven\u00ed.\u00a0Kdy\u017e za\u0159\u00edzen\u00ed stoj\u00ed, je dal\u0161\u00ed ot\u00e1zka jak d\u00e1l,\u201c<span class=\"after-quote\">\u00a0\u0159ekl.<\/span><\/em><\/p>\n<p><span>Expert vysv\u011btlil, \u017ee ka\u017edodenn\u00ed por\u00e1\u017een\u00ed nep\u0159\u00e1telsk\u00fdch c\u00edl\u016f pomoc\u00ed MPZ je d\u016fle\u017eit\u00e9 ze strategick\u00e9ho hlediska \u2013 to m\u00e1 velk\u00fd vliv na pr\u016fb\u011bh bitev.<\/span><\/p>\n<p><em>\u201eNedostatek neumo\u017e\u0148uje nep\u0159\u00edteli norm\u00e1ln\u011b p\u0159ev\u00e1d\u011bt posily, organizovat \u00fatoky a z\u00e1soby.\u00a0To v\u0161e pom\u00e1h\u00e1 zachra\u0148ovat \u017eivoty na\u0161ich d\u011bt\u00ed.\u00a0Palivo je krev vojensk\u00e9ho organismu,<span class=\"after-quote\"> prohl\u00e1sil Dandykin.<\/span><\/em><\/p>\n<p><span>Rusk\u00e9 ministerstvo obrany minulou st\u0159edu informovalo, \u017ee rusk\u00e9 vzdu\u0161n\u00e9 s\u00edly zah\u00e1jily \u00fadery p\u0159esn\u011b nav\u00e1d\u011bn\u00fdmi zbran\u011bmi na za\u0159\u00edzen\u00ed na rafinaci ropy a skladov\u00e1n\u00ed paliva na podporu uskupen\u00ed APU na Donbasu.\u00a0Bylo nazna\u010deno, \u017ee v\u0161echny c\u00edle \u00faderu byly dosa\u017eeny, v\u0161echny ur\u010den\u00e9\u00a0<\/span><a href=\"https:\/\/eadaily.com\/ru\/news\/2023\/06\/28\/rossiyskie-vks-nanesli-udar-po-obektam-hraneniya-topliva-vsu-minoborony\" target=\"_blank\" rel=\"noopener\"><span>objekty byly zasa\u017eeny<\/span><\/a><span>\u00a0.<\/span><\/p>\n<p><span>Podle rusk\u00e9ho vojensk\u00e9ho odd\u011blen\u00ed ztratily jednotky kyjevsk\u00e9ho re\u017eimu za posledn\u00ed den v z\u00f3n\u011b speci\u00e1ln\u00ed operace nejm\u00e9n\u011b 670 lid\u00ed a 31 kus\u016f vojensk\u00e9 techniky v\u010detn\u011b tank\u016f, houfnic a obrn\u011bn\u00fdch vozidel.<\/span><\/p>\n<p><img decoding=\"async\" loading=\"lazy\" class=\"alignnone size-full wp-image-1185\" src=\"http:\/\/www.infokuryr.cz\/n\/wp-content\/uploads\/2021\/04\/kuryr-podpis.png\" alt=\"\" width=\"84\" height=\"24\" \/><\/p>\n<p>&nbsp;<\/p>\n<p><a href=\"https:\/\/stranapro.cz\/\"><img decoding=\"async\" loading=\"lazy\" class=\"wp-image-30218 aligncenter\" src=\"http:\/\/www.infokuryr.cz\/n\/wp-content\/uploads\/2023\/06\/PRO-banner-300x36.png\" alt=\"\" width=\"1367\" height=\"164\" srcset=\"https:\/\/www.infokuryr.cz\/n\/wp-content\/uploads\/2023\/06\/PRO-banner-300x36.png 300w, https:\/\/www.infokuryr.cz\/n\/wp-content\/uploads\/2023\/06\/PRO-banner-768x93.png 768w, https:\/\/www.infokuryr.cz\/n\/wp-content\/uploads\/2023\/06\/PRO-banner.png 849w\" sizes=\"(max-width: 1367px) 100vw, 1367px\" \/><\/a><\/p>\n<p>&nbsp;<\/p>\n<p>&nbsp;<\/p>\n<p>&nbsp;<\/p>\n","protected":false},"excerpt":{"rendered":"<p>\u00datoky na za\u0159\u00edzen\u00ed na rafinaci ropy a skladov\u00e1n\u00ed paliva p\u0159ipravuj\u00ed ukrajinsk\u00e9 ozbrojen\u00e9 formace o mobilitu,&#8230;<\/p>\n","protected":false},"author":2,"featured_media":31187,"comment_status":"closed","ping_status":"closed","sticky":false,"template":"","format":"standard","meta":[],"categories":[7],"tags":[80,3520,2085,26,749],"_links":{"self":[{"href":"https:\/\/www.infokuryr.cz\/n\/wp-json\/wp\/v2\/posts\/31186"}],"collection":[{"href":"https:\/\/www.infokuryr.cz\/n\/wp-json\/wp\/v2\/posts"}],"about":[{"href":"https:\/\/www.infokuryr.cz\/n\/wp-json\/wp\/v2\/types\/post"}],"author":[{"embeddable":true,"href":"https:\/\/www.infokuryr.cz\/n\/wp-json\/wp\/v2\/users\/2"}],"replies":[{"embeddable":true,"href":"https:\/\/www.infokuryr.cz\/n\/wp-json\/wp\/v2\/comments?post=31186"}],"version-history":[{"count":1,"href":"https:\/\/www.infokuryr.cz\/n\/wp-json\/wp\/v2\/posts\/31186\/revisions"}],"predecessor-version":[{"id":31188,"href":"https:\/\/www.infokuryr.cz\/n\/wp-json\/wp\/v2\/posts\/31186\/revisions\/31188"}],"wp:featuredmedia":[{"embeddable":true,"href":"https:\/\/www.infokuryr.cz\/n\/wp-json\/wp\/v2\/media\/31187"}],"wp:attachment":[{"href":"https:\/\/www.infokuryr.cz\/n\/wp-json\/wp\/v2\/media?parent=31186"}],"wp:term":[{"taxonomy":"category","embeddable":true,"href":"https:\/\/www.infokuryr.cz\/n\/wp-json\/wp\/v2\/categories?post=31186"},{"taxonomy":"post_tag","embeddable":true,"href":"https:\/\/www.infokuryr.cz\/n\/wp-json\/wp\/v2\/tags?post=31186"}],"curies":[{"name":"wp","href":"https:\/\/api.w.org\/{rel}","templated":true}]}}