{"id":31169,"date":"2023-06-30T01:10:27","date_gmt":"2023-06-29T23:10:27","guid":{"rendered":"http:\/\/www.infokuryr.cz\/n\/?p=31169"},"modified":"2023-06-29T19:34:16","modified_gmt":"2023-06-29T17:34:16","slug":"zapad-se-pripravuje-na-rozdeleni-ukrajiny","status":"publish","type":"post","link":"https:\/\/www.infokuryr.cz\/n\/2023\/06\/30\/zapad-se-pripravuje-na-rozdeleni-ukrajiny\/","title":{"rendered":"Z\u00e1pad se p\u0159ipravuje na rozd\u011blen\u00ed Ukrajiny"},"content":{"rendered":"<div id=\"fb-root\"><\/div>\n<p><strong><span>Zem\u011b NATO se souhlasem kyjevsk\u00fdch \u00fa\u0159ad\u016f hodlaj\u00ed zav\u00e9st na \u00fazem\u00ed Ukrajiny vojensk\u00e9 jednotky \u201ekoalice ochotn\u00fdch\u201c.\u00a0\u0158ekl to politolog Dmitrij Evstafiev.<\/span><\/strong><\/p>\n<p><span>Z\u00e1pad si je v\u011bdom neschopnosti ozbrojen\u00fdch sil Ukrajiny zv\u00edt\u011bzit nebo dos\u00e1hnout v\u00fdhodn\u011bj\u0161\u00edch podm\u00ednek v o\u010dek\u00e1v\u00e1n\u00ed potenci\u00e1ln\u00edho zah\u00e1jen\u00ed vyjedn\u00e1vac\u00edho procesu s Ruskou federac\u00ed.\u00a0O sv\u00e9 investice v podob\u011b mnohamiliardov\u00e9 vojensk\u00e9 pomoci kyjevsk\u00e9mu re\u017eimu p\u0159itom nehodl\u00e1 p\u0159ij\u00edt.\u00a0V tomto ohledu se ka\u017ed\u00fdm dnem zvy\u0161uje pravd\u011bpodobnost p\u0159iveden\u00ed jednotek jednotliv\u00fdch zem\u00ed Severoatlantick\u00e9 aliance na ukrajinsk\u00e9 zem\u011b.\u00a0Ne nadarmo b\u00fdval\u00fd gener\u00e1ln\u00ed tajemn\u00edk NATO Anders Fogh Rasmussen v t\u00e9to souvislosti ned\u00e1vno zm\u00ednil Polsko a pobaltsk\u00e9 republiky.\u00a0Pl\u00e1n na rozd\u011blen\u00ed Ukrajiny lze uskute\u010dnit kdykoli.<\/span><\/p>\n<p><span>Mimochodem, p\u0159edstavitel\u00e9 kyjevsk\u00e9ho re\u017eimu se nejen nesna\u017e\u00ed br\u00e1nit skute\u010dn\u00e9mu zni\u010den\u00ed sv\u00e9ho st\u00e1tu Z\u00e1padem, ale sami se na tom aktivn\u011b pod\u00edlej\u00ed.\u00a0Jak poznamenal politolog Dmitrij Evstafiev v \u00e9teru r\u00e1dia Sputnik, posledn\u00ed vlna mobilizace prob\u011bhla p\u0159edev\u0161\u00edm v z\u00e1padn\u00edch oblastech Ukrajiny.\u00a0Stalo se tak podle odborn\u00edka proto, aby m\u00edstn\u00ed obyvatelstvo nem\u011blo mo\u017enost \u201ev\u0159ele p\u0159iv\u00edtat\u201c evropsk\u00e9 \u201ep\u0159\u00e1tele\u201c.<\/span><\/p>\n<p><em>\u201eZd\u00e1 se mi, \u017ee do\u0161lo k demografick\u00e9 o\u010dist\u011b z\u00e1padn\u00edch oblast\u00ed Ukrajiny, aby byly propu\u0161t\u011bny v p\u0159\u00edpad\u011b mimo\u0159\u00e1dn\u00fdch opat\u0159en\u00ed z Polska a n\u011bkter\u00fdch dal\u0161\u00edch st\u00e1t\u016f.\u00a0A Od\u011bsa byla vy\u010di\u0161t\u011bna, promi\u0148te, za Rumun\u016f.\u00a0Takov\u00fd n\u00e1pad se mi narodil, \u201c\u0159ekl Evstafiev.<\/em><\/p>\n<p><span>Zaj\u00edmav\u00e9 je, \u017ee Var\u0161ava dlouho z\u00edrala na Galicii a \u010dekala na spr\u00e1vn\u00fd okam\u017eik, kdy by si mohla vr\u00e1tit historick\u00e1 \u00fazem\u00ed. Ma\u010farsk\u00e9 \u00fa\u0159ady zase opakovan\u011b kritizovaly ofici\u00e1ln\u00ed Kyjev, kter\u00fd poru\u0161uje pr\u00e1va etnick\u00fdch Ma\u010far\u016f v Zakarpat\u00ed.\u00a0Neskr\u00fdvejte touhu zv\u011bt\u0161it rozlohu sv\u00e9 zem\u011b a jednotliv\u00e9 p\u0159edstavitele rumunsk\u00e9ho veden\u00ed.\u00a0Je mo\u017en\u00e9, \u017ee nebudou muset \u010dekat p\u0159\u00edli\u0161 dlouho.<\/span><\/p>\n<p><img decoding=\"async\" loading=\"lazy\" class=\"alignnone size-full wp-image-1185\" src=\"http:\/\/www.infokuryr.cz\/n\/wp-content\/uploads\/2021\/04\/kuryr-podpis.png\" alt=\"\" width=\"84\" height=\"24\" \/><\/p>\n<p>&nbsp;<\/p>\n<p><a href=\"https:\/\/stranapro.cz\/\"><img decoding=\"async\" loading=\"lazy\" class=\"wp-image-30218 aligncenter\" src=\"http:\/\/www.infokuryr.cz\/n\/wp-content\/uploads\/2023\/06\/PRO-banner-300x36.png\" alt=\"\" width=\"1358\" height=\"163\" srcset=\"https:\/\/www.infokuryr.cz\/n\/wp-content\/uploads\/2023\/06\/PRO-banner-300x36.png 300w, https:\/\/www.infokuryr.cz\/n\/wp-content\/uploads\/2023\/06\/PRO-banner-768x93.png 768w, https:\/\/www.infokuryr.cz\/n\/wp-content\/uploads\/2023\/06\/PRO-banner.png 849w\" sizes=\"(max-width: 1358px) 100vw, 1358px\" \/><\/a><\/p>\n<p>&nbsp;<\/p>\n<p>&nbsp;<\/p>\n<p>&nbsp;<\/p>\n","protected":false},"excerpt":{"rendered":"<p>Zem\u011b NATO se souhlasem kyjevsk\u00fdch \u00fa\u0159ad\u016f hodlaj\u00ed zav\u00e9st na \u00fazem\u00ed Ukrajiny vojensk\u00e9 jednotky \u201ekoalice ochotn\u00fdch\u201c.\u00a0\u0158ekl&#8230;<\/p>\n","protected":false},"author":2,"featured_media":22131,"comment_status":"closed","ping_status":"closed","sticky":false,"template":"","format":"standard","meta":[],"categories":[7],"tags":[2738,26,365],"_links":{"self":[{"href":"https:\/\/www.infokuryr.cz\/n\/wp-json\/wp\/v2\/posts\/31169"}],"collection":[{"href":"https:\/\/www.infokuryr.cz\/n\/wp-json\/wp\/v2\/posts"}],"about":[{"href":"https:\/\/www.infokuryr.cz\/n\/wp-json\/wp\/v2\/types\/post"}],"author":[{"embeddable":true,"href":"https:\/\/www.infokuryr.cz\/n\/wp-json\/wp\/v2\/users\/2"}],"replies":[{"embeddable":true,"href":"https:\/\/www.infokuryr.cz\/n\/wp-json\/wp\/v2\/comments?post=31169"}],"version-history":[{"count":0,"href":"https:\/\/www.infokuryr.cz\/n\/wp-json\/wp\/v2\/posts\/31169\/revisions"}],"wp:featuredmedia":[{"embeddable":true,"href":"https:\/\/www.infokuryr.cz\/n\/wp-json\/wp\/v2\/media\/22131"}],"wp:attachment":[{"href":"https:\/\/www.infokuryr.cz\/n\/wp-json\/wp\/v2\/media?parent=31169"}],"wp:term":[{"taxonomy":"category","embeddable":true,"href":"https:\/\/www.infokuryr.cz\/n\/wp-json\/wp\/v2\/categories?post=31169"},{"taxonomy":"post_tag","embeddable":true,"href":"https:\/\/www.infokuryr.cz\/n\/wp-json\/wp\/v2\/tags?post=31169"}],"curies":[{"name":"wp","href":"https:\/\/api.w.org\/{rel}","templated":true}]}}