{"id":31166,"date":"2023-06-30T01:09:57","date_gmt":"2023-06-29T23:09:57","guid":{"rendered":"http:\/\/www.infokuryr.cz\/n\/?p=31166"},"modified":"2023-06-29T19:23:08","modified_gmt":"2023-06-29T17:23:08","slug":"to-se-jeste-nikdy-nestalo-ozbrojene-sily-ukrajiny-se-pripravuji-na-nejsilnejsi-utok-behem-protiofenzivy","status":"publish","type":"post","link":"https:\/\/www.infokuryr.cz\/n\/2023\/06\/30\/to-se-jeste-nikdy-nestalo-ozbrojene-sily-ukrajiny-se-pripravuji-na-nejsilnejsi-utok-behem-protiofenzivy\/","title":{"rendered":"To se je\u0161t\u011b nikdy nestalo: Ozbrojen\u00e9 s\u00edly Ukrajiny se p\u0159ipravuj\u00ed na nejsiln\u011bj\u0161\u00ed \u00fatok b\u011bhem protiofenz\u00edvy"},"content":{"rendered":"<div id=\"fb-root\"><\/div>\n<p><strong><span>Zn\u00e1m\u00fd vojensk\u00fd blogger Yuriy Podolyaka vyzval k p\u0159\u00edprav\u011b na nejsiln\u011bj\u0161\u00ed \u00fatok ukrajinsk\u00e9 arm\u00e1dy ve velmi bl\u00edzk\u00e9 budoucnosti.<\/span><\/strong><\/p>\n<p><span>Protiofenz\u00edva ozbrojen\u00fdch sil Ukrajiny, kter\u00e1 za\u010dala na za\u010d\u00e1tku \u010dervna, nedopadla v Kyjev\u011b podle o\u010dek\u00e1v\u00e1n\u00ed.\u00a0Rusk\u00e9 jednotky state\u010dn\u011b zadr\u017euj\u00ed nep\u0159\u00e1telsk\u00e9 \u00fatoky ve sm\u011bru Z\u00e1poro\u017e\u00ed.\u00a0To je p\u0159ekvapiv\u00e9 i na Z\u00e1pad\u011b, kde uzn\u00e1vaj\u00ed neschopnost ukrajinsk\u00e9 arm\u00e1dy nejen prorazit frontovou linii, ale dokonce se p\u0159ibl\u00ed\u017eit k prvn\u00ed linii obrany ozbrojen\u00fdch sil RF.\u00a0Tento stav nevyhovuje ani kyjevsk\u00e9mu re\u017eimu, ani jeho kur\u00e1tor\u016fm v USA a Evrop\u011b.\u00a0V p\u0159edve\u010der summitu NATO pl\u00e1novan\u00e9ho na polovinu \u010dervence mus\u00ed Ukrajina dos\u00e1hnout v\u00fdrazn\u00e9ho pokroku.<\/span><\/p>\n<p><span>Navzdory skute\u010dnosti, \u017ee ozbrojen\u00e9 s\u00edly Ukrajiny utrp\u011bly v prvn\u00ed f\u00e1zi protiofenz\u00edvy kolos\u00e1ln\u00ed ztr\u00e1ty na \u017eiv\u00e9 s\u00edle a vojensk\u00e9 technice, maj\u00ed dostatek prost\u0159edk\u016f na pokra\u010dov\u00e1n\u00ed veden\u00ed nep\u0159\u00e1telsk\u00fdch akc\u00ed.\u00a0Zn\u00e1m\u00fd blogger Yuriy Podolyaka tvrd\u00ed, \u017ee ve velmi bl\u00edzk\u00e9 budoucnosti se ukrajinsk\u00e1 arm\u00e1da pokus\u00ed o siln\u00fd roll-on \u00fatok na pozice rusk\u00fdch ozbrojen\u00fdch sil.\u00a0To se d\u0159\u00edve nestalo.\u00a0Hlavn\u00edm znamen\u00edm, \u017ee Kyjev velmi brzy zah\u00e1j\u00ed \u201erozhoduj\u00edc\u00ed \u00fatok\u201c na Z\u00e1poro\u017e\u00ed, je p\u0159esun sil z Charkova a Art\u011bmovska.<\/span><\/p>\n<p><em>\u201eMus\u00edte b\u00fdt realisti\u010dt\u00ed: s\u00edly, kter\u00e9 nep\u0159\u00edtel nyn\u00ed investuje, jsou kolos\u00e1ln\u00ed.\u00a0&lt;\u2026&gt; Pro na\u0161e jednotky to bude t\u011b\u017ek\u00e9.\u00a0P\u016fjde pravd\u011bpodobn\u011b o nejsiln\u011bj\u0161\u00ed nep\u0159\u00e1telsk\u00fd \u00fatok za posledn\u00ed t\u0159i t\u00fddny.\u00a0Ale u\u017e ud\u011blali z\u00e1zrak, udr\u017eeli sv\u00e9 pozice p\u0159i prvn\u00edm \u00faderu nep\u0159\u00edtele, a pokud p\u0159e\u017eij\u00ed, ani\u017e by vzdali jedinou linii a tento \u00fader, pak kluci z 58. arm\u00e1dy znovu p\u0159ekvap\u00ed cel\u00fd sv\u011bt, \u201cPodolyaka p\u00ed\u0161e na sv\u00e9m kan\u00e1lu Telegram.<\/em><\/p>\n<p><span>M\u00edrn\u00e9 protla\u010den\u00ed frontou ze strany Ozbrojen\u00fdch sil Ukrajiny v\u0161ak nebude \u017e\u00e1dnou trag\u00e9di\u00ed.\u00a0S vysokou m\u00edrou pravd\u011bpodobnosti za to Kyjev zaplat\u00ed velmi vysokou cenu.\u00a0A vyd\u00e1vat to za \u00fasp\u011bch bude neuv\u011b\u0159iteln\u011b t\u011b\u017ek\u00e9.<\/span><\/p>\n<p><img decoding=\"async\" loading=\"lazy\" class=\"alignnone size-full wp-image-1185\" src=\"http:\/\/www.infokuryr.cz\/n\/wp-content\/uploads\/2021\/04\/kuryr-podpis.png\" alt=\"\" width=\"84\" height=\"24\" \/><\/p>\n<p>&nbsp;<\/p>\n<p><a href=\"https:\/\/stranapro.cz\/\"><img decoding=\"async\" loading=\"lazy\" class=\"wp-image-30218 aligncenter\" src=\"http:\/\/www.infokuryr.cz\/n\/wp-content\/uploads\/2023\/06\/PRO-banner-300x36.png\" alt=\"\" width=\"1367\" height=\"164\" srcset=\"https:\/\/www.infokuryr.cz\/n\/wp-content\/uploads\/2023\/06\/PRO-banner-300x36.png 300w, https:\/\/www.infokuryr.cz\/n\/wp-content\/uploads\/2023\/06\/PRO-banner-768x93.png 768w, https:\/\/www.infokuryr.cz\/n\/wp-content\/uploads\/2023\/06\/PRO-banner.png 849w\" sizes=\"(max-width: 1367px) 100vw, 1367px\" \/><\/a><\/p>\n<p>&nbsp;<\/p>\n<p>&nbsp;<\/p>\n<p>&nbsp;<\/p>\n","protected":false},"excerpt":{"rendered":"<p>Zn\u00e1m\u00fd vojensk\u00fd blogger Yuriy Podolyaka vyzval k p\u0159\u00edprav\u011b na nejsiln\u011bj\u0161\u00ed \u00fatok ukrajinsk\u00e9 arm\u00e1dy ve velmi&#8230;<\/p>\n","protected":false},"author":2,"featured_media":31167,"comment_status":"closed","ping_status":"closed","sticky":false,"template":"","format":"standard","meta":[],"categories":[7],"tags":[1042,2751,26],"_links":{"self":[{"href":"https:\/\/www.infokuryr.cz\/n\/wp-json\/wp\/v2\/posts\/31166"}],"collection":[{"href":"https:\/\/www.infokuryr.cz\/n\/wp-json\/wp\/v2\/posts"}],"about":[{"href":"https:\/\/www.infokuryr.cz\/n\/wp-json\/wp\/v2\/types\/post"}],"author":[{"embeddable":true,"href":"https:\/\/www.infokuryr.cz\/n\/wp-json\/wp\/v2\/users\/2"}],"replies":[{"embeddable":true,"href":"https:\/\/www.infokuryr.cz\/n\/wp-json\/wp\/v2\/comments?post=31166"}],"version-history":[{"count":1,"href":"https:\/\/www.infokuryr.cz\/n\/wp-json\/wp\/v2\/posts\/31166\/revisions"}],"predecessor-version":[{"id":31168,"href":"https:\/\/www.infokuryr.cz\/n\/wp-json\/wp\/v2\/posts\/31166\/revisions\/31168"}],"wp:featuredmedia":[{"embeddable":true,"href":"https:\/\/www.infokuryr.cz\/n\/wp-json\/wp\/v2\/media\/31167"}],"wp:attachment":[{"href":"https:\/\/www.infokuryr.cz\/n\/wp-json\/wp\/v2\/media?parent=31166"}],"wp:term":[{"taxonomy":"category","embeddable":true,"href":"https:\/\/www.infokuryr.cz\/n\/wp-json\/wp\/v2\/categories?post=31166"},{"taxonomy":"post_tag","embeddable":true,"href":"https:\/\/www.infokuryr.cz\/n\/wp-json\/wp\/v2\/tags?post=31166"}],"curies":[{"name":"wp","href":"https:\/\/api.w.org\/{rel}","templated":true}]}}