{"id":31165,"date":"2023-06-30T01:08:45","date_gmt":"2023-06-29T23:08:45","guid":{"rendered":"http:\/\/www.infokuryr.cz\/n\/?p=31165"},"modified":"2023-06-29T19:12:31","modified_gmt":"2023-06-29T17:12:31","slug":"vysetrovaci-vybor-rf-zahajil-trestni-stihani-160-zoldaku-z-33-zemi-valcicich-na-strane-ukrajiny","status":"publish","type":"post","link":"https:\/\/www.infokuryr.cz\/n\/2023\/06\/30\/vysetrovaci-vybor-rf-zahajil-trestni-stihani-160-zoldaku-z-33-zemi-valcicich-na-strane-ukrajiny\/","title":{"rendered":"Vy\u0161et\u0159ovac\u00ed v\u00fdbor RF zah\u00e1jil trestn\u00ed st\u00edh\u00e1n\u00ed 160 \u017eold\u00e1k\u016f z 33 zem\u00ed v\u00e1l\u010d\u00edc\u00edch na stran\u011b Ukrajiny"},"content":{"rendered":"<div id=\"fb-root\"><\/div>\n<p><strong>Ru\u0161t\u00ed odborn\u00edci vy\u0161et\u0159uj\u00ed p\u0159\u00edpady ciz\u00edch \u017eold\u00e1k\u016f v\u00e1l\u010d\u00edc\u00edch na stran\u011b Ukrajiny, jde o v\u00edce ne\u017e 150 osob, sd\u011blil Vy\u0161et\u0159ovac\u00ed v\u00fdbor RF na Telegramu.<\/strong><\/p>\n<p>\u201eSpolu s Ministerstvem obrany RF a dal\u0161\u00edmi slu\u017ebami jsme shrom\u00e1\u017edili d\u016fkazy \u00fa\u010dasti \u017eold\u00e1k\u016f z Gruzie, USA, Loty\u0161ska, \u0160v\u00e9dska a dal\u0161\u00edch st\u00e1t\u016f. Zah\u00e1jili jsme trestn\u00ed st\u00edh\u00e1n\u00ed 160 cizinc\u016f ze 33 zem\u00ed,\u201d uv\u00e1d\u00ed se ve zpr\u00e1v\u011b pro tisk.<\/p>\n<p>Koncem kv\u011btna v\u00fdbor informoval, \u017ee na stran\u011b Ukrajiny v\u00e1l\u010d\u00ed p\u0159es dva tis\u00edce ob\u010dan\u016f jin\u00fdch st\u00e1t\u016f.<\/p>\n<p>Ministr zahrani\u010d\u00ed RF Sergej Lavrov v\u010dera prohl\u00e1sil, \u017ee existuje d\u016fvod pro podez\u0159en\u00ed n\u011bkter\u00fdch zem\u00ed z vysl\u00e1n\u00ed do Kyjeva voj\u00e1k\u016f z povol\u00e1n\u00ed pod rou\u0161kou \u017eold\u00e1k\u016f.<\/p>\n<p>Podle dat mluv\u010d\u00ed Ministerstva zahrani\u010d\u00ed RF Marie Zacharovov\u00e9 se do listopadu 2022 p\u0159ipojilo k Ozbrojen\u00fdm sil\u00e1m Ukrajiny v\u00edce ne\u017e osm tis\u00edc lid\u00ed z v\u00edce ne\u017e 60 st\u00e1t\u016f. Nejv\u00edc jich p\u0159i\u0161lo z Polska, USA, Kanady, Rumunska a Velk\u00e9 Brit\u00e1nie nehled\u011b na to, \u017ee v mnoha zem\u00edch je \u017eoldn\u00e9\u0159stv\u00ed zak\u00e1zan\u00e9 z\u00e1konem.<\/p>\n<p><img decoding=\"async\" loading=\"lazy\" class=\"alignnone size-full wp-image-1185\" src=\"http:\/\/www.infokuryr.cz\/n\/wp-content\/uploads\/2021\/04\/kuryr-podpis.png\" alt=\"\" width=\"84\" height=\"24\" \/><\/p>\n<p>&nbsp;<\/p>\n<p><a href=\"https:\/\/stranapro.cz\/\"><img decoding=\"async\" loading=\"lazy\" class=\"wp-image-30218 aligncenter\" src=\"http:\/\/www.infokuryr.cz\/n\/wp-content\/uploads\/2023\/06\/PRO-banner-300x36.png\" alt=\"\" width=\"1367\" height=\"164\" srcset=\"https:\/\/www.infokuryr.cz\/n\/wp-content\/uploads\/2023\/06\/PRO-banner-300x36.png 300w, https:\/\/www.infokuryr.cz\/n\/wp-content\/uploads\/2023\/06\/PRO-banner-768x93.png 768w, https:\/\/www.infokuryr.cz\/n\/wp-content\/uploads\/2023\/06\/PRO-banner.png 849w\" sizes=\"(max-width: 1367px) 100vw, 1367px\" \/><\/a><\/p>\n<p>&nbsp;<\/p>\n<p>&nbsp;<\/p>\n<p>&nbsp;<\/p>\n","protected":false},"excerpt":{"rendered":"<p>Ru\u0161t\u00ed odborn\u00edci vy\u0161et\u0159uj\u00ed p\u0159\u00edpady ciz\u00edch \u017eold\u00e1k\u016f v\u00e1l\u010d\u00edc\u00edch na stran\u011b Ukrajiny, jde o v\u00edce ne\u017e 150&#8230;<\/p>\n","protected":false},"author":2,"featured_media":28191,"comment_status":"closed","ping_status":"closed","sticky":false,"template":"","format":"standard","meta":[],"categories":[7],"tags":[22,2476,26,1870],"_links":{"self":[{"href":"https:\/\/www.infokuryr.cz\/n\/wp-json\/wp\/v2\/posts\/31165"}],"collection":[{"href":"https:\/\/www.infokuryr.cz\/n\/wp-json\/wp\/v2\/posts"}],"about":[{"href":"https:\/\/www.infokuryr.cz\/n\/wp-json\/wp\/v2\/types\/post"}],"author":[{"embeddable":true,"href":"https:\/\/www.infokuryr.cz\/n\/wp-json\/wp\/v2\/users\/2"}],"replies":[{"embeddable":true,"href":"https:\/\/www.infokuryr.cz\/n\/wp-json\/wp\/v2\/comments?post=31165"}],"version-history":[{"count":0,"href":"https:\/\/www.infokuryr.cz\/n\/wp-json\/wp\/v2\/posts\/31165\/revisions"}],"wp:featuredmedia":[{"embeddable":true,"href":"https:\/\/www.infokuryr.cz\/n\/wp-json\/wp\/v2\/media\/28191"}],"wp:attachment":[{"href":"https:\/\/www.infokuryr.cz\/n\/wp-json\/wp\/v2\/media?parent=31165"}],"wp:term":[{"taxonomy":"category","embeddable":true,"href":"https:\/\/www.infokuryr.cz\/n\/wp-json\/wp\/v2\/categories?post=31165"},{"taxonomy":"post_tag","embeddable":true,"href":"https:\/\/www.infokuryr.cz\/n\/wp-json\/wp\/v2\/tags?post=31165"}],"curies":[{"name":"wp","href":"https:\/\/api.w.org\/{rel}","templated":true}]}}