{"id":31148,"date":"2023-06-30T01:00:28","date_gmt":"2023-06-29T23:00:28","guid":{"rendered":"http:\/\/www.infokuryr.cz\/n\/?p=31148"},"modified":"2023-06-29T18:34:25","modified_gmt":"2023-06-29T16:34:25","slug":"thomas-roper-zelenskyj-pripousti-ze-ukrajina-narusuje-mir","status":"publish","type":"post","link":"https:\/\/www.infokuryr.cz\/n\/2023\/06\/30\/thomas-roper-zelenskyj-pripousti-ze-ukrajina-narusuje-mir\/","title":{"rendered":"Thomas R\u00f6per: Zelenskyj p\u0159ipou\u0161t\u00ed, \u017ee Ukrajina naru\u0161uje m\u00edr"},"content":{"rendered":"<div id=\"fb-root\"><\/div>\n<p><span style=\"font-size: 18pt;\"><strong>Zelenskij v ukrajinsk\u00e9m parlamentu prakticky p\u0159iznal, \u017ee Ukrajina je v regionu pot\u00ed\u017eistou.\u00a0Poj\u010fme se na toto pozoruhodn\u00e9 prohl\u00e1\u0161en\u00ed pod\u00edvat.<\/strong><\/span><\/p>\n<p><span>V posledn\u00edch dnech se objevila \u0159ada zpr\u00e1v, kter\u00e9 pova\u017euji za \u201eneuv\u011b\u0159iteln\u00e9, ale pravdiv\u00e9\u201c, proto dnes publikuji malou s\u00e9rii \u010dl\u00e1nk\u016f s report\u00e1\u017eemi.<\/span><\/p>\n<p><span>Ve st\u0159edu m\u011bl ukrajinsk\u00fd prezident Zelenskyj\u00a0<\/span><a href=\"https:\/\/tass.ru\/mezhdunarodnaya-panorama\/18140259\" target=\"_blank\" rel=\"noreferrer noopener\"><span>projev<\/span><\/a><span>\u00a0, kter\u00fd m\u011b p\u0159ivedl k \u00favaze, co ten mu\u017e kou\u0159il.\u00a0Se v\u0161\u00ed v\u00e1\u017enost\u00ed prohl\u00e1sil, \u017ee vstup Ukrajiny do NATO je v z\u00e1jmu Ruska:<\/span><\/p>\n<p><strong><em>&#8222;Bylo by spr\u00e1vn\u00e9, aby Rusko nyn\u00ed po\u017eadovalo p\u0159ijet\u00ed Ukrajiny do NATO&#8220;<\/em><\/strong><\/p>\n<p><span>V\u0161imn\u011bte si jeho \u00favahy: Podle Zelensk\u00e9ho by se Ukrajina \u010dlenstv\u00edm v NATO musela zav\u00e1zat k zaji\u0161t\u011bn\u00ed m\u00edru ve sv\u00e9m regionu. A to je podle Zelensk\u00e9ho i v z\u00e1jmu Ruska. To \u0159ekl ukrajinsk\u00fd prezident jen p\u00e1r minut pot\u00e9, co vyj\u00e1d\u0159il svou nespokojenost s t\u00edm, \u017ee n\u011bkte\u0159\u00ed z\u00e1padn\u00ed l\u00edd\u0159i v projevu st\u00e1le p\u0159ij\u00edmaj\u00ed rozhodnut\u00ed orientovan\u00e1 na Rusko.<\/span><\/p>\n<p><span>Zelenskij t\u00edm potvrdil argument Ruska, \u017ee Ukrajina d\u011bl\u00e1 v regionu cokoli jin\u00e9ho ne\u017e zaji\u0161t\u011bn\u00ed m\u00edru. Aby si Ukrajina zajistila m\u00edr, mus\u00ed podle Zelensk\u00e9ho vstoupit do NATO. To bylo jist\u011b ne\u00famysln\u011b up\u0159\u00edmn\u00e9 ze strany Zelensk\u00e9ho a m\u011bl by napsat d\u011bkovn\u00e9 dopisy redaktor\u016fm z\u00e1padn\u00edch m\u00e9di\u00ed, proto\u017ee o tom samoz\u0159ejm\u011b neinformuj\u00ed.<\/span><\/p>\n<p><span>Ale to nen\u00ed v\u0161e, Zelenskij byl b\u011bhem sv\u00e9ho projevu v pohybu a okam\u017eit\u011b ozn\u00e1mil, \u017ee Ukrajina pot\u0159ebuje <\/span><a href=\"https:\/\/www.anti-spiegel.ru\/2023\/die-selensky-doktrin-und-die-frage-was-der-mann-raucht-die-ereignisse-des-28-juni\/\" target=\"_blank\" rel=\"noreferrer noopener\"><span>novou st\u00e1tn\u00ed doktr\u00ednu<\/span><\/a><span> . Zelensk\u00fd z\u0159ejm\u011b ztratil ve\u0161ker\u00fd smysl pro realitu, zejm\u00e9na pokud jde o ekonomick\u00e9 ot\u00e1zky, proto\u017ee vyzval Ukrajinu, nejchud\u0161\u00ed zemi Evropy p\u0159ed rokem 2022, aby stanovila platovou \u00farove\u0148 o 30 procent vy\u0161\u0161\u00ed ne\u017e v sousedn\u00edch zem\u00edch EU.\u00a0C\u00edlem byl HDP ve v\u00fd\u0161i jednoho bilionu dolar\u016f.<\/span><\/p>\n<p><span>Co ten mu\u017e kou\u0159\u00ed?<\/span><\/p>\n<p><span>V roce 2013, tedy p\u0159ed Majdanem, m\u011bla Ukrajina HDP t\u00e9m\u011b\u0159 200 miliard dolar\u016f.\u00a0Ukrajina v t\u00e9 dob\u011b d\u011blala asi polovinu zahrani\u010dn\u00edho obchodu s Ruskem.\u00a0Po Majdanu nacionalist\u00e9 v \u010dele s Poro\u0161enkem a Jace\u0148ukem fakticky zak\u00e1zali obchod s Ruskem a nep\u0159ekvapiv\u011b se v d\u016fsledku toho ukrajinsk\u00fd HDP sn\u00ed\u017eil na polovinu, na m\u00e9n\u011b ne\u017e 100 miliard dolar\u016f v roce 2016.<\/span><\/p>\n<p><span>Po roce 2014 miliony Ukrajinc\u016f ode\u0161ly ze zem\u011b do Ruska kv\u016fli chudob\u011b a v\u00e1lce na Donbasu. Z p\u0159ibli\u017en\u011b 40 milion\u016f Ukrajinc\u016f v roce 2013 \u017eije v zemi v roce 2020 odhadem 30 milion\u016f (Ukrajina u\u017e roky nezve\u0159ej\u0148uje p\u0159esn\u00e9 \u00fadaje), proto\u017ee 40 milion\u016f Ukrajinc\u016f tvo\u0159\u00ed lid\u00e9 na Krymu, Donbasu a (ekonomick\u00fd\u00a0-)uprchl\u00edci. mus\u00ed b\u00fdt odvol\u00e1ni, kte\u0159\u00ed \u0161li hlavn\u011b do Ruska, proto\u017ee je EU p\u0159ed rokem 2022 nep\u0159ijala.<\/span><\/p>\n<p><span>Po eskalaci v\u00e1lky na Donbasu v roce 2022 uprchlo ze zem\u011b odhadem osm a\u017e deset milion\u016f Ukrajinc\u016f.\u00a0V zemi pravd\u011bpodobn\u011b st\u00e1le \u017eije n\u011bco m\u00e1lo p\u0159es 20 milion\u016f lid\u00ed, p\u0159edev\u0161\u00edm d\u016fchodc\u016f a st\u00e1tn\u00edch zam\u011bstnanc\u016f.\u00a0A i v Evrop\u011b je jasn\u00e9, \u017ee Ukrajinci, kte\u0159\u00ed utekli, se dom\u016f pravd\u011bpodobn\u011b nevr\u00e1t\u00ed, i kdyby tam op\u011bt zavl\u00e1dl m\u00edr.<\/span><\/p>\n<p><span>Kdo jin\u00fd by m\u011bl pracovat v ukrajinsk\u00e9 ekonomice a realizovat fantazie zm\u00edn\u011bn\u00e9 Zelensk\u00fdm?<\/span><\/p>\n<p><span>Ten \u010dlov\u011bk je bu\u010f opravdu tot\u00e1ln\u011b na drog\u00e1ch, a tud\u00ed\u017e vytr\u017een z jak\u00e9koli reality, nebo sv\u00fdm lidem l\u017ee do punt\u00edku.\u00a0Nebo oboje\u2026<\/span><\/p>\n<p><a href=\"https:\/\/www.anti-spiegel.ru\/2023\/selensky-gibt-zu-dass-die-ukraine-den-frieden-stoert\/\">Thomas R\u00f6per<\/a><\/p>\n<p><img decoding=\"async\" loading=\"lazy\" class=\"alignnone  wp-image-22016\" src=\"http:\/\/www.infokuryr.cz\/n\/wp-content\/uploads\/2023\/01\/Thomas-Roper-298x300.jpg\" alt=\"\" width=\"179\" height=\"180\" srcset=\"https:\/\/www.infokuryr.cz\/n\/wp-content\/uploads\/2023\/01\/Thomas-Roper-298x300.jpg 298w, https:\/\/www.infokuryr.cz\/n\/wp-content\/uploads\/2023\/01\/Thomas-Roper-150x150.jpg 150w, https:\/\/www.infokuryr.cz\/n\/wp-content\/uploads\/2023\/01\/Thomas-Roper.jpg 596w\" sizes=\"(max-width: 179px) 100vw, 179px\" \/><\/p>\n<p>&nbsp;<\/p>\n<p><a href=\"https:\/\/stranapro.cz\/\"><img decoding=\"async\" loading=\"lazy\" class=\"wp-image-30218 aligncenter\" src=\"http:\/\/www.infokuryr.cz\/n\/wp-content\/uploads\/2023\/06\/PRO-banner-300x36.png\" alt=\"\" width=\"1350\" height=\"162\" srcset=\"https:\/\/www.infokuryr.cz\/n\/wp-content\/uploads\/2023\/06\/PRO-banner-300x36.png 300w, https:\/\/www.infokuryr.cz\/n\/wp-content\/uploads\/2023\/06\/PRO-banner-768x93.png 768w, https:\/\/www.infokuryr.cz\/n\/wp-content\/uploads\/2023\/06\/PRO-banner.png 849w\" sizes=\"(max-width: 1350px) 100vw, 1350px\" \/><\/a><\/p>\n<p>&nbsp;<\/p>\n<p>&nbsp;<\/p>\n<p>&nbsp;<\/p>\n","protected":false},"excerpt":{"rendered":"<p>Zelenskij v ukrajinsk\u00e9m parlamentu prakticky p\u0159iznal, \u017ee Ukrajina je v regionu pot\u00ed\u017eistou.\u00a0Poj\u010fme se na toto&#8230;<\/p>\n","protected":false},"author":2,"featured_media":11087,"comment_status":"closed","ping_status":"closed","sticky":false,"template":"","format":"standard","meta":[],"categories":[7],"tags":[289,710,1000],"_links":{"self":[{"href":"https:\/\/www.infokuryr.cz\/n\/wp-json\/wp\/v2\/posts\/31148"}],"collection":[{"href":"https:\/\/www.infokuryr.cz\/n\/wp-json\/wp\/v2\/posts"}],"about":[{"href":"https:\/\/www.infokuryr.cz\/n\/wp-json\/wp\/v2\/types\/post"}],"author":[{"embeddable":true,"href":"https:\/\/www.infokuryr.cz\/n\/wp-json\/wp\/v2\/users\/2"}],"replies":[{"embeddable":true,"href":"https:\/\/www.infokuryr.cz\/n\/wp-json\/wp\/v2\/comments?post=31148"}],"version-history":[{"count":0,"href":"https:\/\/www.infokuryr.cz\/n\/wp-json\/wp\/v2\/posts\/31148\/revisions"}],"wp:featuredmedia":[{"embeddable":true,"href":"https:\/\/www.infokuryr.cz\/n\/wp-json\/wp\/v2\/media\/11087"}],"wp:attachment":[{"href":"https:\/\/www.infokuryr.cz\/n\/wp-json\/wp\/v2\/media?parent=31148"}],"wp:term":[{"taxonomy":"category","embeddable":true,"href":"https:\/\/www.infokuryr.cz\/n\/wp-json\/wp\/v2\/categories?post=31148"},{"taxonomy":"post_tag","embeddable":true,"href":"https:\/\/www.infokuryr.cz\/n\/wp-json\/wp\/v2\/tags?post=31148"}],"curies":[{"name":"wp","href":"https:\/\/api.w.org\/{rel}","templated":true}]}}