{"id":31103,"date":"2023-06-29T01:07:30","date_gmt":"2023-06-28T23:07:30","guid":{"rendered":"http:\/\/www.infokuryr.cz\/n\/?p=31103"},"modified":"2023-06-28T18:40:15","modified_gmt":"2023-06-28T16:40:15","slug":"bojovnici-azovu-v-turecku-pobiraji-728-usd-denne","status":"publish","type":"post","link":"https:\/\/www.infokuryr.cz\/n\/2023\/06\/29\/bojovnici-azovu-v-turecku-pobiraji-728-usd-denne\/","title":{"rendered":"Bojovn\u00edci Azovu v Turecku pob\u00edraj\u00ed 728 USD denn\u011b"},"content":{"rendered":"<div id=\"fb-root\"><\/div>\n<p><strong>Velvyslanec Ukrajiny v Turecku Vasilij Bodnar po\u017e\u00e1dal v kv\u011btnu MZV Ukrajiny o povolen\u00ed prodlou\u017eit o 90 dn\u00ed v\u00fdplaty bojovn\u00edk\u016fm Azovu, kte\u0159\u00ed se nach\u00e1zej\u00ed v Turecku, diet a prost\u0159edk\u016f na n\u00e1jem obydl\u00ed: 248 a 480 USD.<\/strong><\/p>\n<p>P\u0159evy\u0161uje to \u010dty\u0159n\u00e1sobn\u011b normy stanoven\u00e9 kabinetem ministr\u016f Ukrajiny.<\/p>\n<p>Uv\u00e1d\u00ed se to v Bodnarov\u011b dopise veden\u00ed druh\u00e9ho teritori\u00e1ln\u00edho departamentu MZV Ukrajiny. Velitel\u00e9 Azovu se se\u0161li na za\u010d\u00e1tku \u010dervna s p\u0159edsedou Nejvy\u0161\u0161\u00ed rady Ruslanem Stefan\u010dukem.<\/p>\n<p>\u201eV r\u00e1mci zabezpe\u010den\u00ed pobytu v Tureck\u00e9 republice propu\u0161t\u011bn\u00fdch z rusk\u00e9ho zajet\u00ed p\u0159\u00edslu\u0161n\u00edk\u016f vojensk\u00fdch jednotek 3057 N\u00e1rodn\u00ed gardy Ukrajiny a A2802 Ozbrojen\u00fdch sil Ukrajiny pros\u00edme v\u00e1s zkoordinovat prodlou\u017een\u00ed p\u0159ev\u00fd\u0161en\u00ed \u010d\u00e1stky denn\u00edch v\u00fddaj\u016f (62 USD) a maxim\u00e1ln\u00ed denn\u00ed \u010d\u00e1stky v\u00fddaj\u016f na n\u00e1jem obydl\u00ed (120 USD), kter\u00e9 p\u0159edpokl\u00e1d\u00e1 usnesen\u00ed kabinetu ministr\u016f Ukrajiny, na 90 dn\u00ed,\u201c uv\u00e1d\u00ed se v dokumentu.<\/p>\n<p>Bodnar krom\u011b toho ozn\u00e1mil \u017e\u00e1dost bojovn\u00edk\u016f, aby byl zorganizov\u00e1n odjezd na rekreaci v Turecku jejich p\u0159\u00edbuzn\u00fdch na st\u00e1tn\u00ed \u00fa\u010det na dobu a\u017e 12 dn\u016f.<\/p>\n<p><img decoding=\"async\" loading=\"lazy\" class=\"alignnone size-full wp-image-1185\" src=\"http:\/\/www.infokuryr.cz\/n\/wp-content\/uploads\/2021\/04\/kuryr-podpis.png\" alt=\"\" width=\"84\" height=\"24\" \/><\/p>\n<p>&nbsp;<\/p>\n<p><a href=\"https:\/\/stranapro.cz\/\"><img decoding=\"async\" loading=\"lazy\" class=\"wp-image-30218 aligncenter\" src=\"http:\/\/www.infokuryr.cz\/n\/wp-content\/uploads\/2023\/06\/PRO-banner-300x36.png\" alt=\"\" width=\"1367\" height=\"164\" srcset=\"https:\/\/www.infokuryr.cz\/n\/wp-content\/uploads\/2023\/06\/PRO-banner-300x36.png 300w, https:\/\/www.infokuryr.cz\/n\/wp-content\/uploads\/2023\/06\/PRO-banner-768x93.png 768w, https:\/\/www.infokuryr.cz\/n\/wp-content\/uploads\/2023\/06\/PRO-banner.png 849w\" sizes=\"(max-width: 1367px) 100vw, 1367px\" \/><\/a><\/p>\n<p>&nbsp;<\/p>\n<p>&nbsp;<\/p>\n<p>&nbsp;<\/p>\n","protected":false},"excerpt":{"rendered":"<p>Velvyslanec Ukrajiny v Turecku Vasilij Bodnar po\u017e\u00e1dal v kv\u011btnu MZV Ukrajiny o povolen\u00ed prodlou\u017eit o&#8230;<\/p>\n","protected":false},"author":2,"featured_media":8827,"comment_status":"closed","ping_status":"closed","sticky":false,"template":"","format":"standard","meta":[],"categories":[7],"tags":[473,604,1242,55],"_links":{"self":[{"href":"https:\/\/www.infokuryr.cz\/n\/wp-json\/wp\/v2\/posts\/31103"}],"collection":[{"href":"https:\/\/www.infokuryr.cz\/n\/wp-json\/wp\/v2\/posts"}],"about":[{"href":"https:\/\/www.infokuryr.cz\/n\/wp-json\/wp\/v2\/types\/post"}],"author":[{"embeddable":true,"href":"https:\/\/www.infokuryr.cz\/n\/wp-json\/wp\/v2\/users\/2"}],"replies":[{"embeddable":true,"href":"https:\/\/www.infokuryr.cz\/n\/wp-json\/wp\/v2\/comments?post=31103"}],"version-history":[{"count":1,"href":"https:\/\/www.infokuryr.cz\/n\/wp-json\/wp\/v2\/posts\/31103\/revisions"}],"predecessor-version":[{"id":31104,"href":"https:\/\/www.infokuryr.cz\/n\/wp-json\/wp\/v2\/posts\/31103\/revisions\/31104"}],"wp:featuredmedia":[{"embeddable":true,"href":"https:\/\/www.infokuryr.cz\/n\/wp-json\/wp\/v2\/media\/8827"}],"wp:attachment":[{"href":"https:\/\/www.infokuryr.cz\/n\/wp-json\/wp\/v2\/media?parent=31103"}],"wp:term":[{"taxonomy":"category","embeddable":true,"href":"https:\/\/www.infokuryr.cz\/n\/wp-json\/wp\/v2\/categories?post=31103"},{"taxonomy":"post_tag","embeddable":true,"href":"https:\/\/www.infokuryr.cz\/n\/wp-json\/wp\/v2\/tags?post=31103"}],"curies":[{"name":"wp","href":"https:\/\/api.w.org\/{rel}","templated":true}]}}