{"id":31101,"date":"2023-06-29T01:05:29","date_gmt":"2023-06-28T23:05:29","guid":{"rendered":"http:\/\/www.infokuryr.cz\/n\/?p=31101"},"modified":"2023-06-28T18:35:10","modified_gmt":"2023-06-28T16:35:10","slug":"v-kancelari-zelenskeho-uznali-ze-protiofenziva-probiha-tezce","status":"publish","type":"post","link":"https:\/\/www.infokuryr.cz\/n\/2023\/06\/29\/v-kancelari-zelenskeho-uznali-ze-protiofenziva-probiha-tezce\/","title":{"rendered":"V kancel\u00e1\u0159i Zelensk\u00e9ho uznali, \u017ee protiofenz\u00edva prob\u00edh\u00e1 t\u011b\u017ece"},"content":{"rendered":"<div id=\"fb-root\"><\/div>\n<p><strong>Protiofenz\u00edva Ozbrojen\u00fdch sil Ukrajiny prob\u00edh\u00e1 t\u011b\u017ece, prohl\u00e1sil poradce vedouc\u00edho kancel\u00e1\u0159e Volodymyra Zelensk\u00e9ho Mychajlo Podoljak v rozhovoru pro The Washington Post.<\/strong><\/p>\n<p>\u201e\u0158\u00edk\u00e1me, \u017ee tato etapa je t\u011b\u017ek\u00e1 a vy\u017eaduje trp\u011bliv\u011bj\u0161\u00ed p\u0159\u00edstup, mj. i ze strany pozorovatel\u016f,\u201c<a href=\"https:\/\/jppx.azurewebsites.net\/browse.php?u=https%3A%2F%2Fwww.washingtonpost.com%2Fnational-security%2F2023%2F06%2F27%2Fukraine-counteroffensive%2F&amp;b=8\"> \u0159ekl<\/a>.<\/p>\n<p>V \u00fater\u00fd prezident Ruska Vladimir Putin prohl\u00e1sil, \u017ee Kyjev ztratil od za\u010d\u00e1tku sv\u00e9 protiofenz\u00edvy 259 tank\u016f a 780 obrn\u011bn\u00fdch vozidel, a v orechovsk\u00e9m sm\u011bru jen v posledn\u00edm t\u00fddnu 41 tank\u016f a 102 obrn\u011bn\u00fdch vozidel.<\/p>\n<p>Ukrajinsk\u00e1 ofenz\u00edva jihodon\u011bck\u00fdm, z\u00e1poro\u017esk\u00fdm a ar\u0165omovsk\u00fdm sm\u011brem za\u010dala 4. \u010dervna, p\u0159itom hlavn\u00ed \u00fader soust\u0159edily ukrajinsk\u00e9 s\u00edly na z\u00e1poro\u017esk\u00e9m \u00faseku fronty. Kyjev vyslal do boje brig\u00e1dy vycvi\u010den\u00e9 NATO a vyzbrojen\u00e9 z\u00e1padn\u00ed technikou, mj. tanky Leopard.<\/p>\n<p>Na sch\u016fzce s vojensk\u00fdmi zpravodaji 13. \u010dervna Putin ozn\u00e1mil, \u017ee ukrajinsk\u00e1 vojska nepostupuj\u00ed vp\u0159ed a trp\u00ed velk\u00e9 ztr\u00e1ty.<\/p>\n<p><img decoding=\"async\" loading=\"lazy\" class=\"alignnone size-full wp-image-1185\" src=\"http:\/\/www.infokuryr.cz\/n\/wp-content\/uploads\/2021\/04\/kuryr-podpis.png\" alt=\"\" width=\"84\" height=\"24\" \/><\/p>\n<p>&nbsp;<\/p>\n<p><a href=\"https:\/\/stranapro.cz\/\"><img decoding=\"async\" loading=\"lazy\" class=\"wp-image-30218 aligncenter\" src=\"http:\/\/www.infokuryr.cz\/n\/wp-content\/uploads\/2023\/06\/PRO-banner-300x36.png\" alt=\"\" width=\"1375\" height=\"165\" srcset=\"https:\/\/www.infokuryr.cz\/n\/wp-content\/uploads\/2023\/06\/PRO-banner-300x36.png 300w, https:\/\/www.infokuryr.cz\/n\/wp-content\/uploads\/2023\/06\/PRO-banner-768x93.png 768w, https:\/\/www.infokuryr.cz\/n\/wp-content\/uploads\/2023\/06\/PRO-banner.png 849w\" sizes=\"(max-width: 1375px) 100vw, 1375px\" \/><\/a><\/p>\n<p>&nbsp;<\/p>\n<p>&nbsp;<\/p>\n<p>&nbsp;<\/p>\n","protected":false},"excerpt":{"rendered":"<p>Protiofenz\u00edva Ozbrojen\u00fdch sil Ukrajiny prob\u00edh\u00e1 t\u011b\u017ece, prohl\u00e1sil poradce vedouc\u00edho kancel\u00e1\u0159e Volodymyra Zelensk\u00e9ho Mychajlo Podoljak v&#8230;<\/p>\n","protected":false},"author":2,"featured_media":11345,"comment_status":"closed","ping_status":"closed","sticky":false,"template":"","format":"standard","meta":[],"categories":[7],"tags":[4033,2751,26,1000],"_links":{"self":[{"href":"https:\/\/www.infokuryr.cz\/n\/wp-json\/wp\/v2\/posts\/31101"}],"collection":[{"href":"https:\/\/www.infokuryr.cz\/n\/wp-json\/wp\/v2\/posts"}],"about":[{"href":"https:\/\/www.infokuryr.cz\/n\/wp-json\/wp\/v2\/types\/post"}],"author":[{"embeddable":true,"href":"https:\/\/www.infokuryr.cz\/n\/wp-json\/wp\/v2\/users\/2"}],"replies":[{"embeddable":true,"href":"https:\/\/www.infokuryr.cz\/n\/wp-json\/wp\/v2\/comments?post=31101"}],"version-history":[{"count":0,"href":"https:\/\/www.infokuryr.cz\/n\/wp-json\/wp\/v2\/posts\/31101\/revisions"}],"wp:featuredmedia":[{"embeddable":true,"href":"https:\/\/www.infokuryr.cz\/n\/wp-json\/wp\/v2\/media\/11345"}],"wp:attachment":[{"href":"https:\/\/www.infokuryr.cz\/n\/wp-json\/wp\/v2\/media?parent=31101"}],"wp:term":[{"taxonomy":"category","embeddable":true,"href":"https:\/\/www.infokuryr.cz\/n\/wp-json\/wp\/v2\/categories?post=31101"},{"taxonomy":"post_tag","embeddable":true,"href":"https:\/\/www.infokuryr.cz\/n\/wp-json\/wp\/v2\/tags?post=31101"}],"curies":[{"name":"wp","href":"https:\/\/api.w.org\/{rel}","templated":true}]}}