{"id":31096,"date":"2023-06-29T01:03:04","date_gmt":"2023-06-28T23:03:04","guid":{"rendered":"http:\/\/www.infokuryr.cz\/n\/?p=31096"},"modified":"2023-06-28T18:18:11","modified_gmt":"2023-06-28T16:18:11","slug":"polska-politika-nulove-dph-na-potraviny-se-prodlouzila-do-konce-roku-2023","status":"publish","type":"post","link":"https:\/\/www.infokuryr.cz\/n\/2023\/06\/29\/polska-politika-nulove-dph-na-potraviny-se-prodlouzila-do-konce-roku-2023\/","title":{"rendered":"Polsk\u00e1 politika nulov\u00e9 DPH na potraviny se prodlou\u017eila do konce roku 2023"},"content":{"rendered":"<div id=\"fb-root\"><\/div>\n<p><span style=\"font-size: 18pt;\"><strong>Polsk\u00fd premi\u00e9r Mateusz Morawiecki ozn\u00e1mil prodlou\u017een\u00ed nulov\u00e9 DPH na potraviny do konce roku 2023<\/strong><\/span><\/p>\n<p><span>Polsk\u00fd premi\u00e9r Mateusz Morawiecki v pond\u011bl\u00ed ozn\u00e1mil, \u017ee nulov\u00e1 sazba DPH na potraviny bude prodlou\u017eena do konce roku 2023 ve snaze sn\u00ed\u017eit inflaci pro polsk\u00e9 ob\u010dany.\u00a0Jde o jedno z opat\u0159en\u00ed tzv. Protiinfla\u010dn\u00edho \u0161t\u00edtu.\u00a0Zd\u016fraznil z\u00e1vazek vl\u00e1dy sn\u00ed\u017eit dan\u011b a podporovat polsk\u00e9 rodiny.<\/span><\/p>\n<p><span>Jak zd\u016fraznil premi\u00e9r, \u201e\u00a0<\/span><a class=\"ek-link\" href=\"https:\/\/rmx.news\/hungary\/as-pm-orban-extends-fuel-and-food-caps-eu-countries-follow-hungarys-lead-to-combat-cost-of-living-crisis\/\"><span>paliva, energie, potraviny<\/span><\/a><span>\u00a0, v\u0161echny tyto kl\u00ed\u010dov\u00e9 kategorie produkt\u016f jsou pokryty na\u0161\u00edm \u0161t\u00edtem, kter\u00fd chr\u00e1n\u00ed Pol\u00e1ky p\u0159ed zdra\u017eov\u00e1n\u00edm.<\/span><\/p>\n<p><span>Mluv\u010d\u00ed vl\u00e1dy Piotr M\u00fcller v pond\u011bl\u00ed uvedl, \u017ee rozhodnut\u00ed premi\u00e9ra bylo zalo\u017eeno na makroekonomick\u00fdch anal\u00fdz\u00e1ch.<\/span><\/p>\n<p><span>\u201eTo je dobr\u00e1 zpr\u00e1va z hlediska infla\u010dn\u00edch vyhl\u00eddek.\u00a0Douf\u00e1me, \u017ee inflace v posledn\u00edch m\u011bs\u00edc\u00edch leto\u0161n\u00edho roku bude jednocifern\u00e1,\u201c \u0159ekl M\u00fcller.<\/span><\/p>\n<p><span>Nulov\u00e1 DPH na potraviny v Polsku byla zavedena 1. \u00fanora 2022. \u0160lo o sou\u010d\u00e1st druh\u00e9ho\u00a0<\/span><a class=\"ek-link\" href=\"https:\/\/rmx.news\/poland\/poland-introduces-anti-inflation-shield-lowers-vat-for-food-fuel-and-energy\/\"><span>Protiinfla\u010dn\u00edho \u0161t\u00edtu<\/span><\/a><span>\u00a0, kter\u00fd tak\u00e9 sn\u00ed\u017eil sazby DPH na pohonn\u00e9 hmoty a elekt\u0159inu.\u00a0Sn\u00ed\u017een\u00ed dan\u011b souvisej\u00edc\u00ed s nosi\u010di energie vypr\u0161elo na konci roku 2022, ale uplat\u0148ov\u00e1n\u00ed nulov\u00e9 DPH na potraviny bylo prodlou\u017eeno do \u010dervna 2023.<\/span><\/p>\n<p><span>Nulov\u00e1 DPH na potraviny je jedn\u00edm z vl\u00e1dn\u00edch opat\u0159en\u00ed, jejich\u017e c\u00edlem je omezit zdra\u017eov\u00e1n\u00ed.\u00a0Sou\u010dasn\u00e1 m\u00edra inflace v Polsku je 13 procent po poklesu ze 14,7 procenta v dubnu a 16,1 procenta v b\u0159eznu.\u00a0V sou\u010dasn\u00e9m infla\u010dn\u00edm cyklu bylo vrcholu dosa\u017eeno v \u00fanoru 2023, kdy inflace dos\u00e1hla 18,4 procenta.<\/span><\/p>\n<p><img decoding=\"async\" loading=\"lazy\" class=\"alignnone size-full wp-image-1185\" src=\"http:\/\/www.infokuryr.cz\/n\/wp-content\/uploads\/2021\/04\/kuryr-podpis.png\" alt=\"\" width=\"84\" height=\"24\" \/><\/p>\n<p>&nbsp;<\/p>\n<p><a href=\"https:\/\/stranapro.cz\/\"><img decoding=\"async\" loading=\"lazy\" class=\"wp-image-30218 aligncenter\" src=\"http:\/\/www.infokuryr.cz\/n\/wp-content\/uploads\/2023\/06\/PRO-banner-300x36.png\" alt=\"\" width=\"1367\" height=\"164\" srcset=\"https:\/\/www.infokuryr.cz\/n\/wp-content\/uploads\/2023\/06\/PRO-banner-300x36.png 300w, https:\/\/www.infokuryr.cz\/n\/wp-content\/uploads\/2023\/06\/PRO-banner-768x93.png 768w, https:\/\/www.infokuryr.cz\/n\/wp-content\/uploads\/2023\/06\/PRO-banner.png 849w\" sizes=\"(max-width: 1367px) 100vw, 1367px\" \/><\/a><\/p>\n<p>&nbsp;<\/p>\n<p>&nbsp;<\/p>\n<p>&nbsp;<\/p>\n","protected":false},"excerpt":{"rendered":"<p>Polsk\u00fd premi\u00e9r Mateusz Morawiecki ozn\u00e1mil prodlou\u017een\u00ed nulov\u00e9 DPH na potraviny do konce roku 2023 Polsk\u00fd&#8230;<\/p>\n","protected":false},"author":2,"featured_media":31097,"comment_status":"closed","ping_status":"closed","sticky":false,"template":"","format":"standard","meta":[],"categories":[7],"tags":[5349,31,750],"_links":{"self":[{"href":"https:\/\/www.infokuryr.cz\/n\/wp-json\/wp\/v2\/posts\/31096"}],"collection":[{"href":"https:\/\/www.infokuryr.cz\/n\/wp-json\/wp\/v2\/posts"}],"about":[{"href":"https:\/\/www.infokuryr.cz\/n\/wp-json\/wp\/v2\/types\/post"}],"author":[{"embeddable":true,"href":"https:\/\/www.infokuryr.cz\/n\/wp-json\/wp\/v2\/users\/2"}],"replies":[{"embeddable":true,"href":"https:\/\/www.infokuryr.cz\/n\/wp-json\/wp\/v2\/comments?post=31096"}],"version-history":[{"count":1,"href":"https:\/\/www.infokuryr.cz\/n\/wp-json\/wp\/v2\/posts\/31096\/revisions"}],"predecessor-version":[{"id":31098,"href":"https:\/\/www.infokuryr.cz\/n\/wp-json\/wp\/v2\/posts\/31096\/revisions\/31098"}],"wp:featuredmedia":[{"embeddable":true,"href":"https:\/\/www.infokuryr.cz\/n\/wp-json\/wp\/v2\/media\/31097"}],"wp:attachment":[{"href":"https:\/\/www.infokuryr.cz\/n\/wp-json\/wp\/v2\/media?parent=31096"}],"wp:term":[{"taxonomy":"category","embeddable":true,"href":"https:\/\/www.infokuryr.cz\/n\/wp-json\/wp\/v2\/categories?post=31096"},{"taxonomy":"post_tag","embeddable":true,"href":"https:\/\/www.infokuryr.cz\/n\/wp-json\/wp\/v2\/tags?post=31096"}],"curies":[{"name":"wp","href":"https:\/\/api.w.org\/{rel}","templated":true}]}}