{"id":31076,"date":"2023-06-28T06:08:00","date_gmt":"2023-06-28T04:08:00","guid":{"rendered":"http:\/\/www.infokuryr.cz\/n\/?p=31076"},"modified":"2023-06-28T06:08:00","modified_gmt":"2023-06-28T04:08:00","slug":"nedelnik-adama-b-bartose-138-vse-je-predem-dohodnuto","status":"publish","type":"post","link":"https:\/\/www.infokuryr.cz\/n\/2023\/06\/28\/nedelnik-adama-b-bartose-138-vse-je-predem-dohodnuto\/","title":{"rendered":"NED\u011aLN\u00cdK ADAMA B. BARTO\u0160E (138) V\u0160E JE P\u0158EDEM DOHODNUTO"},"content":{"rendered":"<div id=\"fb-root\"><\/div>\n<p><strong>Andrej Babi\u0161 by byl nepochybn\u011b lep\u0161\u00edm prezidentem, ne\u017e jak\u00fdm je sou\u010dasn\u00fd (p)rezident P\u00e1vek, a to navzdory tomu, \u017ee neum\u00ed po\u0159\u00e1dn\u011b \u010desky a st\u00e1t by cht\u011bl \u0159\u00eddit jako firmu. P\u00e1vek sice \u010desky um\u00ed, ale zase jen papou\u0161kovat nau\u010den\u00e9 fr\u00e1ze \u2013 jeho zelen\u00fd mozek nezvl\u00e1dne v\u00edce. St\u00e1t by nav\u00edc \u2013 pro zm\u011bnu \u2013 \u0159\u00eddil jako arm\u00e1du.<\/strong><span id=\"more-13678\"><\/span><\/p>\n<p>Ale i ve sv\u00fdch textech p\u0159ed prezidentskou volbou, kde jsem vyj\u00e1d\u0159il opatrnou podporu rad\u011bji Babi\u0161ovi, ne\u017e t\u00e9 figurce, kter\u00e1 bohu\u017eel s\u00eddlo \u010desk\u00fdch kr\u00e1l\u016f moment\u00e1ln\u011b ob\u00fdv\u00e1, jsem tvrdil, \u017ee Babi\u0161 by d\u0159\u00edve \u010di pozd\u011bji v rozhoduj\u00edc\u00edch chv\u00edl\u00edch tak\u00e9 podlehl americk\u00e9mu tlaku (nebo n\u011bmeck\u00e9mu, bruselsk\u00e9mu, izraelsk\u00e9mu, hotentotsk\u00e9mu, dosa\u010f si, jak\u00fd uzn\u00e1\u0161 za vhodn\u00e9), ostatn\u011b, u\u017e se n\u011bkolikr\u00e1t vybarvil, kdy\u017e ve sv\u00e9 p\u0159edchoz\u00ed funkci premi\u00e9ra \u0161el Ameri\u010dan\u016fm na ruku dosti poni\u017euj\u00edc\u00edm zp\u016fsobem.<\/p>\n<p>Proto nep\u0159ekvap\u00ed, kdy\u017e p\u0159i projedn\u00e1v\u00e1n\u00ed smlouvy o p\u0159\u00edtomnosti americk\u00fdch vojsk, kter\u00e9 se eufemisticky a po amerik\u00e1nsku \u0159\u00edk\u00e1 DCA, se vyslovil pro jej\u00ed podporu a k t\u00e9mu\u017e vyzval cel\u00fd poslaneck\u00fd klub ANO, tak\u017ee Alena Schillerov\u00e1 a Karel Havl\u00ed\u010dek se museli hodn\u011b zapotit, kdy\u017e byli nuceni ze sv\u00e9 role opozi\u010dn\u00edk\u016f p\u0159isp\u011bchati vl\u00e1d\u011b na pomoc. Byl by p\u0159ece trapas, kdyby smlouva nepro\u0161la \u2013 co by si asi na\u0161i \u201espojenci\u201c pomysleli, \u017ee? ANO se vid\u00ed v p\u0159\u00ed\u0161t\u00ed vl\u00e1d\u011b a v\u00edce ne\u017e na tom, co si o nich mysl\u00ed voli\u010di, je zaj\u00edm\u00e1, co si o nich mysl\u00ed \u201eameri\u010dt\u00ed partne\u0159i\u201c.<\/p>\n<p>SPD, pro kterou je NATO svat\u00fd gr\u00e1l (nebo posv\u00e1tn\u00e1 kr\u00e1va?), ze kter\u00e9ho se neodch\u00e1z\u00ed (a to ani referendem), je najednou proti DCA pom\u011brn\u011b bojovn\u011b nalad\u011bna, co\u017e je zna\u010dn\u011b nekonzistentn\u00ed a minim\u00e1ln\u011b podez\u0159el\u00e9, ale mohli bychom za to b\u00fdt r\u00e1di (podle p\u0159\u00edslov\u00ed \u201edarovan\u00e9mu koni na zuby nekoukej\u201c) \u2013 jen\u017ee ot\u00e1zkou je, pro\u010d toto divadlo hraj\u00ed? Proto\u017ee v\u011bd\u00ed, \u017ee smlouva d\u00edky ANO projde, tak\u017ee oni si budou moci u\u017e\u00edt toho luxusu p\u0159edst\u00edrat skute\u010dnou opozici, ani\u017e by cokoli riskovali? Nebo zase jen alibisticky pro smlouvu nezvednou ruku, ale zdr\u017e\u00ed se hlasov\u00e1n\u00ed (co\u017e je v tomto p\u0159\u00edpad\u011b t\u00e9m\u011b\u0159 to sam\u00e9), proto\u017ee \u2013 co si budeme \u0159\u00edkat \u2013 kter\u00fd z poslanc\u016f (a esp\u00e9\u010f\u00e1ci v tom nejsou v\u00fdjimkou) by si to cht\u011bl s Am\u00edky rozh\u00e1zet, kdyby vylo\u017een\u011b zvedl ruku proti? Zvl\u00e1\u0161t\u011b, kdy\u017e nad Sn\u011bmovnou v\u00fdhr\u016f\u017en\u011b jeden\u00e1ckr\u00e1t krou\u017eil americk\u00fd \u201eglobemaster III\u201c?<\/p>\n<p>Zkr\u00e1tka, v poslaneck\u00e9 debat\u011b o DCA zazn\u00edv\u00e1 z \u0159ad opozice mnoho z\u00e1va\u017en\u00fdch argument\u016f, ale jako v\u017edy z\u016fstane jen u slov. Cel\u00e9 je to jen divad\u00e9lko a i ta SPD se ve skute\u010dnosti modl\u00ed, aby snad sv\u00fdmi argumenty n\u011bkoho z p\u011btikolky nep\u0159esv\u011bd\u010dila a smlouva nespadla pod st\u016fl, proto\u017ee hor\u0161\u00ed ne\u017e vazal je \u2013 z jejich pohledu \u2013 u\u017e jen zlobiv\u00fd a neposlu\u0161n\u00fd vazal.<\/p>\n<p>Nenechme se zm\u00e1st. Tomio i Radim dob\u0159e mluv\u00ed, ale jen proto, \u017ee u\u017e je rozhodnuto. Je pevn\u011b d\u00e1no \u2013 pokud i ANO dop\u0159edu sp\u011bch\u00e1 vl\u00e1d\u011b pomoci, m\u016f\u017eeme se jen dom\u00fd\u0161let, jak velkou d\u016fle\u017eitost tato smlouv\u00e1 m\u00e1, o co se ve skute\u010dnosti hraje a \u017ee nikdo nechce b\u00fdt za toho zlobiv\u00e9ho. Vsad\u00edm se, \u017ee i ta \u201ezlobiv\u00e1\u201c SPD nakonec jen odejde ze s\u00e1lu.<\/p>\n<p>Proto je nutn\u00e9 v p\u0159\u00ed\u0161t\u00edch volb\u00e1ch volit ty strany, kter\u00e9 se pokou\u0161ej\u00ed o zcela nov\u00e9 paradigma \u010desk\u00e9 politiky \u2013 o vyman\u011bn\u00ed se \u010cesk\u00e9 republiky z podru\u010d\u00ed NATO, EU a dal\u0161\u00edch obskurn\u00edch organizac\u00ed, kter\u00e9 zp\u016fsobuj\u00ed, \u017ee \u010de\u0161t\u00ed parlamentn\u00ed (a mnohdy i neparlamentn\u00ed) politici se chovaj\u00ed jako poslu\u0161n\u00e9 opi\u010dky ciz\u00edch mocensk\u00fdch z\u00e1jm\u016f a Poslaneck\u00e1 sn\u011bmovna nen\u00ed nic, ne\u017e jen \u017evan\u00edrna, kde si mo\u017en\u00e1 n\u011bkdo n\u011bkdy dovol\u00ed \u0159\u00edci n\u011bco pravdiv\u00e9ho, ale jen proto, \u017ee v\u00ed, \u017ee u\u017e je o v\u0161em p\u0159edem rozhodnuto\u2026<\/p>\n<p>Vlasti zdar!<\/p>\n<p><strong>Adam B. Barto\u0161<\/strong><br \/>\n<em>p\u0159edseda N\u00e1rodn\u00ed demokracie<\/em><\/p>\n<p><img decoding=\"async\" loading=\"lazy\" class=\"alignnone size-full wp-image-678\" src=\"http:\/\/www.infokuryr.cz\/n\/wp-content\/uploads\/2021\/04\/narodni_demokracie_logo.jpg\" alt=\"\" width=\"300\" height=\"85\" \/><\/p>\n<p>_____________________________<\/p>\n<p>&nbsp;<\/p>\n<p><a href=\"https:\/\/stranapro.cz\/\"><img decoding=\"async\" loading=\"lazy\" class=\"wp-image-30218 aligncenter\" src=\"http:\/\/www.infokuryr.cz\/n\/wp-content\/uploads\/2023\/06\/PRO-banner-300x36.png\" alt=\"\" width=\"1367\" height=\"164\" srcset=\"https:\/\/www.infokuryr.cz\/n\/wp-content\/uploads\/2023\/06\/PRO-banner-300x36.png 300w, https:\/\/www.infokuryr.cz\/n\/wp-content\/uploads\/2023\/06\/PRO-banner-768x93.png 768w, https:\/\/www.infokuryr.cz\/n\/wp-content\/uploads\/2023\/06\/PRO-banner.png 849w\" sizes=\"(max-width: 1367px) 100vw, 1367px\" \/><\/a><\/p>\n<p>&nbsp;<\/p>\n<p>&nbsp;<\/p>\n<p>&nbsp;<\/p>\n","protected":false},"excerpt":{"rendered":"<p>Andrej Babi\u0161 by byl nepochybn\u011b lep\u0161\u00edm prezidentem, ne\u017e jak\u00fdm je sou\u010dasn\u00fd (p)rezident P\u00e1vek, a to&#8230;<\/p>\n","protected":false},"author":2,"featured_media":31077,"comment_status":"closed","ping_status":"closed","sticky":false,"template":"","format":"standard","meta":[],"categories":[6],"tags":[367,29,85,122],"_links":{"self":[{"href":"https:\/\/www.infokuryr.cz\/n\/wp-json\/wp\/v2\/posts\/31076"}],"collection":[{"href":"https:\/\/www.infokuryr.cz\/n\/wp-json\/wp\/v2\/posts"}],"about":[{"href":"https:\/\/www.infokuryr.cz\/n\/wp-json\/wp\/v2\/types\/post"}],"author":[{"embeddable":true,"href":"https:\/\/www.infokuryr.cz\/n\/wp-json\/wp\/v2\/users\/2"}],"replies":[{"embeddable":true,"href":"https:\/\/www.infokuryr.cz\/n\/wp-json\/wp\/v2\/comments?post=31076"}],"version-history":[{"count":0,"href":"https:\/\/www.infokuryr.cz\/n\/wp-json\/wp\/v2\/posts\/31076\/revisions"}],"wp:featuredmedia":[{"embeddable":true,"href":"https:\/\/www.infokuryr.cz\/n\/wp-json\/wp\/v2\/media\/31077"}],"wp:attachment":[{"href":"https:\/\/www.infokuryr.cz\/n\/wp-json\/wp\/v2\/media?parent=31076"}],"wp:term":[{"taxonomy":"category","embeddable":true,"href":"https:\/\/www.infokuryr.cz\/n\/wp-json\/wp\/v2\/categories?post=31076"},{"taxonomy":"post_tag","embeddable":true,"href":"https:\/\/www.infokuryr.cz\/n\/wp-json\/wp\/v2\/tags?post=31076"}],"curies":[{"name":"wp","href":"https:\/\/api.w.org\/{rel}","templated":true}]}}