{"id":31007,"date":"2023-06-27T06:13:42","date_gmt":"2023-06-27T04:13:42","guid":{"rendered":"http:\/\/www.infokuryr.cz\/n\/?p=31007"},"modified":"2023-06-27T06:31:55","modified_gmt":"2023-06-27T04:31:55","slug":"bidenovo-varovani-pred-putinovym-pouzitim-jadernych-zbrani-je-zvracenou-americkou-projekci","status":"publish","type":"post","link":"https:\/\/www.infokuryr.cz\/n\/2023\/06\/27\/bidenovo-varovani-pred-putinovym-pouzitim-jadernych-zbrani-je-zvracenou-americkou-projekci\/","title":{"rendered":"Bidenovo \u201evarov\u00e1n\u00ed\u201c p\u0159ed Putinov\u00fdm pou\u017eit\u00edm jadern\u00fdch zbran\u00ed je zvr\u00e1cenou americkou projekc\u00ed"},"content":{"rendered":"<div id=\"fb-root\"><\/div>\n<p><strong><em>Jedin\u00e1 zem\u011b, kter\u00e1 kdy pou\u017eila atomov\u00e9 zbran\u011b \u2013 proti civilist\u016fm \u2013 m\u00e1 tu drzost varovat sv\u011bt p\u0159ed \u201eskute\u010dn\u00fdm rizikem\u201c pou\u017eit\u00ed jadern\u00fdch zbran\u00ed Ruskem.<\/em><\/strong><\/p>\n<p>Spojen\u00e9 st\u00e1ty \u2013 jedin\u00e1 zem\u011b, kter\u00e1 kdy pou\u017eila atomov\u00e9 zbran\u011b ve v\u00e1lce, a to p\u0159ev\u00e1\u017en\u011b proti civiln\u00edmu obyvatelstvu \u2013 maj\u00ed tu ohromuj\u00edc\u00ed drzost varovat sv\u011bt p\u0159ed \u201eskute\u010dnou jadernou hrozbou\u201c z Ruska.<\/p>\n<p>Skute\u010dn\u00e9 riziko pro sv\u011btov\u00fd m\u00edr pramen\u00ed od \u0161\u00edlen\u00fdch v\u00e1le\u010dn\u00fdch \u0161tv\u00e1\u010d\u016f z\u00e1padn\u00edch mocnost\u00ed, kter\u00e9 klamou vlastn\u00ed ve\u0159ejnost o sv\u00fdch zlo\u010dinn\u00fdch provokac\u00edch.<\/p>\n<p>Americk\u00fd prezident Joe Biden tento t\u00fdden (19. \u010dervna) na shrom\u00e1\u017ed\u011bn\u00ed v Kalifornii \u0159ekl, \u017ee se ob\u00e1v\u00e1, \u017ee by se rusk\u00fd v\u016fdce Vladimir Putin mohl v ukrajinsk\u00e9m konfliktu uch\u00fdlit k pou\u017eit\u00ed jadern\u00fdch zbran\u00ed.\u00a0Biden vystupuje jako vy\u0161inut\u00fd psychopat, kter\u00fd pot\u0159ebuje odvr\u00e1tit pozornost od \u0161pinav\u00e9 korupce vlastn\u00ed rodiny a sv\u00e9ho zlo\u010dinn\u00e9ho v\u00e1le\u010dn\u00e9ho \u0161tvan\u00ed.<\/p>\n<p>Jsou to Spojen\u00e9 st\u00e1ty a jejich z\u00e1padn\u00ed spojenci, kte\u0159\u00ed opakovan\u011b \u0159\u00edkaj\u00ed, \u017ee v\u00e1lka na Ukrajin\u011b m\u016f\u017ee p\u0159er\u016fst v jadernou, a z\u00e1rove\u0148 tvrd\u00ed, \u017ee Rusko je dareb\u00e1k a sp\u0159\u00e1d\u00e1 barbarsk\u00fd pl\u00e1n.<\/p>\n<p>Vulg\u00e1rnost je v tom, \u017ee NATO bezohledn\u011b eskaluje konflikt, zat\u00edmco Biden vystupuje \u201cjako hlas zdrav\u00e9ho rozumu\u201d, varuj\u00edc\u00ed p\u0159ed nebezpe\u010d\u00edm, kter\u00e9 vytvo\u0159ilo jeho vlastn\u00ed rozhodnut\u00ed.<\/p>\n<p>Biden\u016fv posledn\u00ed vzne\u0161en\u011b zn\u011bj\u00edc\u00ed postoj se t\u00fdkal rozhodnut\u00ed Moskvy rozm\u00edstit taktick\u00e9 jadern\u00e9 zbran\u011b v sousedn\u00edm B\u011blorusku (s pln\u00fdm souhlasem Minsku, nutno poznamenat).\u00a0To, co Biden nezm\u00ednil \u2013 a z\u00e1padn\u00ed m\u00e9dia obecn\u011b tak\u00e9 nezmi\u0148uj\u00ed \u2013 je, \u017ee spole\u010dn\u00e9 rozhodnut\u00ed Ruska a B\u011bloruska je reciproc\u00ed za dlouhodobou anom\u00e1lii USA \u2013 rozm\u00edst\u011bn\u00ed v\u00edce ne\u017e 100 taktick\u00fdch jadern\u00fdch bomb v p\u011bti \u010dlensk\u00fdch st\u00e1tech NATO: Belgii, N\u011bmecku, It\u00e1lii, Nizozemsku a Turecku.<\/p>\n<p>Jen n\u011bkolik dn\u00ed p\u0159edt\u00edm, ne\u017e Biden p\u0159edvedl sv\u00e9 vystoupen\u00ed ryt\u00ed\u0159e v z\u00e1\u0159iv\u00e9 zbroji, aby zd\u00e1nliv\u011b chr\u00e1nil sv\u011bt, prezident Putin zopakoval, \u017ee rusk\u00fd jadern\u00fd arzen\u00e1l slou\u017e\u00ed v\u00fdhradn\u011b k odstra\u0161ov\u00e1n\u00ed a obran\u011b.\u00a0Odvolal se na zn\u00e1mou ruskou obrannou doktr\u00ednu, kter\u00e1 stanov\u00ed, \u017ee jadern\u00e9 zbran\u011b lze pou\u017e\u00edt pouze v p\u0159\u00edpad\u011b, \u017ee je ohro\u017eeno existen\u010dn\u00ed p\u0159e\u017eit\u00ed Ruska vojensk\u00fdm \u00fatokem.\u00a0Putin \u0159ekl, \u017ee i kdy\u017e v\u017edy existuje mo\u017en\u00e9 nebezpe\u010d\u00ed, \u017ee konflikt na Ukrajin\u011b p\u0159eroste v jadernou konfrontaci, zd\u016fraznil, \u017ee sou\u010dasn\u00e9 podm\u00ednky neodpov\u00eddaj\u00ed hranici pro pou\u017eit\u00ed jadern\u00fdch zbran\u00ed.<\/p>\n<p><a href=\"https:\/\/stranapro.cz\/\"><img decoding=\"async\" loading=\"lazy\" class=\"wp-image-30218 aligncenter\" src=\"http:\/\/www.infokuryr.cz\/n\/wp-content\/uploads\/2023\/06\/PRO-banner-300x36.png\" alt=\"\" width=\"1367\" height=\"164\" srcset=\"https:\/\/www.infokuryr.cz\/n\/wp-content\/uploads\/2023\/06\/PRO-banner-300x36.png 300w, https:\/\/www.infokuryr.cz\/n\/wp-content\/uploads\/2023\/06\/PRO-banner-768x93.png 768w, https:\/\/www.infokuryr.cz\/n\/wp-content\/uploads\/2023\/06\/PRO-banner.png 849w\" sizes=\"(max-width: 1367px) 100vw, 1367px\" \/><\/a><\/p>\n<p><em>\u201eNepot\u0159ebujeme pou\u017e\u00edvat taktick\u00e9 jadern\u00e9 zbran\u011b,\u201c<\/em>\u00a0\u0159ekl Putin deleg\u00e1t\u016fm na Mezin\u00e1rodn\u00edm ekonomick\u00e9m f\u00f3ru v Petrohradu 16. \u010dervna.<\/p>\n<p>Jeho koment\u00e1\u0159e byly tak\u00e9 vn\u00edm\u00e1ny jako kategorick\u00e9 odm\u00edtnut\u00ed my\u0161lenky preventivn\u00edho nebo prvn\u00edho pou\u017eit\u00ed jadern\u00fdch zbran\u00ed.\u00a0Rusk\u00e1 obrann\u00e1 doktr\u00edna takov\u00e9 pou\u017eit\u00ed z definice zakazuje.\u00a0Ale tato my\u0161lenka byla kontroverzn\u011b vznesena minul\u00fd t\u00fdden v \u010dl\u00e1nku napsan\u00e9m v\u00fdznamn\u00fdm rusk\u00fdm politick\u00fdm analytikem Sergejem Karaganovem.\u00a0N\u00e1sledovala vzru\u0161en\u00e1 rusk\u00e1 ve\u0159ejn\u00e1 debata s n\u011bkolika dal\u0161\u00edmi prominentn\u00edmi mysliteli a politick\u00fdmi experty, kte\u0159\u00ed odm\u00edtli Karaganov\u016fv extr\u00e9mn\u00ed n\u00e1vrh.<\/p>\n<p>Vrchn\u00ed velitel Ruska ka\u017edop\u00e1dn\u011b podpo\u0159il v\u00fdhradn\u011b obrann\u00e9 pou\u017eit\u00ed jadern\u00fdch zbran\u00ed.\u00a0To znamen\u00e1, \u017ee Putin vylou\u010dil jak\u00e9koli preventivn\u00ed nasazen\u00ed.<\/p>\n<p>Navzdory v\u0161em ofici\u00e1ln\u00edm prohl\u00e1\u0161en\u00edm a d\u016fkaz\u016fm v\u0161ak z\u00e1padn\u00ed m\u00e9dia vytrvale prohla\u0161uj\u00ed, \u017ee Putin m\u016f\u017ee pou\u017e\u00edt jadern\u00e9 zbran\u011b. Posledn\u00ed pozn\u00e1mky Bidena p\u0159i\u017eivuj\u00ed tento konkr\u00e9tn\u00ed ohe\u0148.<\/p>\n<p>Skute\u010dn\u00e9 nebezpe\u010d\u00ed nep\u0159ich\u00e1z\u00ed z Ruska, ale z opakuj\u00edc\u00edch se prohl\u00e1\u0161en\u00ed z\u00e1padn\u00edch l\u00eddr\u016f a m\u00e9di\u00ed, kter\u00e1 v z\u00e1padn\u00ed spole\u010dnosti generuj\u00ed paranoidn\u00ed strach.<\/p>\n<p>Jak poznamenal Putin, \u201esni\u017euj\u00ed pr\u00e1h\u201c pro pou\u017eit\u00ed jadern\u00fdch zbran\u00ed, proto\u017ee vzbuzuj\u00ed zhoubnou norm\u00e1lnost a paranoidn\u00ed strach mezi z\u00e1padn\u00ed ve\u0159ejnost\u00ed z o\u010dek\u00e1v\u00e1n\u00ed maxim\u00e1ln\u011b ohavn\u00e9ho v\u00fdsledku.<\/p>\n<p>Zd\u00e1 se, \u017ee z\u00e1kaz rusk\u00fdch sportovc\u016f, literatury, hudby a tak d\u00e1le, spolu s neust\u00e1l\u00fdm po\u0161pi\u0148ov\u00e1n\u00edm a dehumanizac\u00ed rusk\u00e9ho n\u00e1roda a legitimn\u00edmi obavami Ruska o bezpe\u010dnost zem\u011b, m\u00e1 za c\u00edl podn\u00edtit p\u0159edstavu, \u017ee Rusko je schopno sv\u00e9voln\u011b pou\u017e\u00edvat jadern\u00e9 zbran\u011b.<\/p>\n<p>Takhle funguje propaganda.\u00a0To je extr\u00e9mn\u011b nebezpe\u010dn\u00e9 vym\u00fdv\u00e1n\u00ed mozk\u016f nebo jak to vyj\u00e1d\u0159it: \u0159\u00edzen\u00ed vn\u00edm\u00e1n\u00ed, souhlasu nebo gaslighting\u00a0<em>(je forma psychick\u00e9 manipulace a citov\u00e9ho zneu\u017e\u00edv\u00e1n\u00ed, ve kter\u00e9 se pachatel sna\u017e\u00ed zas\u00edt pochybnosti v\u00a0c\u00edlov\u00e9m jednotlivci nebo v\u00a0\u010dlenech c\u00edlov\u00e9 skupiny, \u010d\u00edm\u017e pak manipulovan\u00e9 osoby zpochyb\u0148uj\u00ed vlastn\u00ed pam\u011b\u0165, vn\u00edm\u00e1n\u00ed reality a sv\u016fj zdrav\u00fd rozum, pozn.red).<\/em><\/p>\n<p>Biden a jemu podobn\u00ed v z\u00e1padn\u00ed elit\u011b jsou toho pln\u00ed.\u00a0V\u0161ichni jsou zka\u017een\u00ed jako sud s exkrementy.<\/p>\n<p>Propagandistick\u00fd p\u0159\u00edb\u011bh z\u00e1padn\u00edch m\u00e9di\u00ed, kter\u00fd se zam\u011b\u0159uje na to, co \u201edarebn\u00e9 Rusko\u201c ud\u011bl\u00e1 nebo neud\u011bl\u00e1, je \u00fa\u017easnou psychologickou projekc\u00ed, kter\u00e1 m\u00e1 zakr\u00fdt skute\u010dnou hrozbu pro sv\u011bt.<\/p>\n<p>Faktem je, \u017ee jsou to Spojen\u00e9 st\u00e1ty, kter\u00e9 jsou mezi jadern\u00fdmi mocnostmi jedinou zem\u00ed, kter\u00e1 si p\u0159isvojuje \u201epr\u00e1vo\u201c na prvn\u00ed pou\u017eit\u00ed jadern\u00fdch zbran\u00ed.\u00a0USA maj\u00ed doktr\u00ednu \u201eGlobal Prompt Strike\u201c, co\u017e je ak\u010dn\u00ed pl\u00e1n na \u201edekapitaci\u201c ur\u010den\u00e9ho nep\u0159\u00edtele, v\u010detn\u011b nejadern\u00fdch st\u00e1t\u016f, pomoc\u00ed preventivn\u00edho jadern\u00e9ho \u00fatoku.\u00a0Vzhledem k n\u00edzk\u00e9 inteligenci a hyper aroganci, kter\u00e1 se nyn\u00ed vyd\u00e1v\u00e1 za washingtonsk\u00e9 politiky a m\u00e9dia, je to matouc\u00ed nep\u0159edv\u00eddateln\u00e1 situace.<\/p>\n<p>A nikdy nezapom\u00ednejme, \u017ee to byly Spojen\u00e9 st\u00e1ty, kter\u00e9 svrhly atomov\u00e9 bomby na japonsk\u00e9 civilisty a zp\u016fsobily v\u00edce ne\u017e 200 000 \u00famrt\u00ed v jadern\u00e9m holocaustu.\u00a0Tento nev\u00fdslovn\u00fd horor lze pova\u017eovat za akci prvn\u00edho pou\u017eit\u00ed.<\/p>\n<p><a href=\"https:\/\/stranapro.cz\/\"><img decoding=\"async\" loading=\"lazy\" class=\"wp-image-30218 aligncenter\" src=\"http:\/\/www.infokuryr.cz\/n\/wp-content\/uploads\/2023\/06\/PRO-banner-300x36.png\" alt=\"\" width=\"1375\" height=\"165\" srcset=\"https:\/\/www.infokuryr.cz\/n\/wp-content\/uploads\/2023\/06\/PRO-banner-300x36.png 300w, https:\/\/www.infokuryr.cz\/n\/wp-content\/uploads\/2023\/06\/PRO-banner-768x93.png 768w, https:\/\/www.infokuryr.cz\/n\/wp-content\/uploads\/2023\/06\/PRO-banner.png 849w\" sizes=\"(max-width: 1375px) 100vw, 1375px\" \/><\/a><\/p>\n<p>Dnes Spojen\u00e9 st\u00e1ty nejen rozmis\u0165uj\u00ed taktick\u00e9 jadern\u00e9 zbran\u011b po cel\u00e9 Evrop\u011b v rozporu se Smlouvou o ne\u0161\u00ed\u0159en\u00ed zbran\u00ed z roku 1970, ale tak\u00e9 jednostrann\u011b zru\u0161ily t\u0159i v\u00fdznamn\u00e9 dohody o kontrole zbrojen\u00ed s Ruskem.\u00a0To znamen\u00e1, \u017ee nakonec USA instaluj\u00ed v Polsku a Rumunsku jadern\u00e9 rakety kr\u00e1tk\u00e9ho doletu, \u010d\u00edm\u017e zkr\u00e1t\u00ed dobu potenci\u00e1ln\u00edho \u00fatoku na Moskvu na n\u011bkolik minut.<\/p>\n<p>Tento t\u00fdden Washington v\u016fbec poprv\u00e9 rozm\u00edstil strategick\u00e9 jadern\u00e9 bombard\u00e9ry ve \u0160v\u00e9dsku a Indon\u00e9sii.\u00a0Jedna z americk\u00fdch jadern\u00fdch ponorek tak\u00e9 zakotvila v Ji\u017en\u00ed Koreji.<\/p>\n<p>Mezit\u00edm na Ukrajin\u011b Spojen\u00e9 st\u00e1ty a jejich partne\u0159i v NATO po zuby vyzbrojili neonacistick\u00fd a Rusy nen\u00e1vid\u00edc\u00ed re\u017eim.\u00a0USA a Evropsk\u00e1 unie zasyp\u00e1vaj\u00ed tento re\u017eim stovkami miliard dolar\u016f.\u00a0Na takzvan\u00e9m summitu \u201eUkrajinsk\u00e9 obnovy\u201c v Lond\u00fdn\u011b tento t\u00fdden mluvili r\u016fzn\u00ed z\u00e1padn\u00ed l\u00edd\u0159i o tom, \u017ee Ukrajina je \u201esou\u010d\u00e1st\u00ed na\u0161\u00ed rodiny\u201c a sl\u00edbili, \u017ee uloup\u00ed zmrazen\u00e1 rusk\u00e1 aktiva v hodnot\u011b p\u0159es 200 miliard eur, aby je darovali tomuto zkorumpovan\u00e9mu kyjevsk\u00e9mu re\u017eimu.\u00a0Opravdu, jak\u00e1 rodina!<\/p>\n<p>B\u011bhem posledn\u00edch 16 m\u011bs\u00edc\u016f od chv\u00edle, kdy Rusko zah\u00e1jilo vojenskou intervenci na Ukrajin\u011b, aby zma\u0159ilo agresi podporovanou NATO, kter\u00e1 byla rozpout\u00e1na v roce 2014 pu\u010dem v Kyjev\u011b organizovan\u00fdm CIA, prezident Biden a jeho z\u00e1padn\u00ed lokajov\u00e9 eskalovali konflikt se st\u00e1le smrteln\u011bj\u0161\u00edmi zbran\u011bmi.\u00a0Tanky byly dod\u00e1ny a nyn\u00ed jsou na cest\u011b st\u00edha\u010dky F-16 americk\u00e9 v\u00fdroby.\u00a0Tento t\u00fdden ameri\u010dt\u00ed z\u00e1konod\u00e1rci vyzvali Bidena, aby dodal arm\u00e1dn\u00ed taktick\u00e9 rakety (ATACMS) s dosahem 300 kilometr\u016f.\u00a0Brit\u00e1nie ji\u017e dodala st\u0159ely dlouh\u00e9ho doletu Storm Shadow.<\/p>\n<p>Most na Krymu, poloostrov kter\u00fd ovl\u00e1d\u00e1 Rusko, byl tento t\u00fdden zasa\u017een raketami dlouh\u00e9ho doletu NATO.\u00a0 Rakety NATO byly tak\u00e9 pou\u017eity ke zni\u010den\u00ed p\u0159ehrady Kachovka v Chersonsk\u00e9 oblasti, stejn\u011b jako k \u00faderu na rusk\u00e9 \u00fazem\u00ed.\u00a0Kyjevsk\u00fd re\u017eim podporovan\u00fd NATO za\u00fato\u010dil na Moskvu ozbrojen\u00fdmi drony.<\/p>\n<p>Navzdory nep\u0159im\u011b\u0159en\u00fdm v\u00fddaj\u016fm Z\u00e1padu a snaze vyu\u017e\u00edt kyjevsk\u00fd re\u017eim jako beranidlo pro strategickou por\u00e1\u017eku Ruska je ukrajinsk\u00e1 z\u00e1stupn\u00e1 v\u00e1lka fiasko.\u00a0Kyjev je mo\u017en\u00e1 po zuby ozbrojen\u00fd, ale rusk\u00e9 s\u00edly ty zuby vyr\u00e1\u017eej\u00ed ohromn\u00fdm tempem.<\/p>\n<p>Protiofenz\u00edva zah\u00e1jen\u00e1 4. \u010dervna kyjevsk\u00fdm re\u017eimem je decimov\u00e1na rusk\u00fdmi silami.\u00a0To znamen\u00e1, \u017ee Bidenova administrativa bezcitn\u011b a cynicky vedla Ukrajinu k masakru.\u00a0Od vypuknut\u00ed t\u00e9to v\u00e1lky bylo celkem zabito a\u017e 200 000\u2013300 000 ukrajinsk\u00e9ho vojensk\u00e9ho person\u00e1lu;\u00a013 000 za posledn\u00ed t\u0159i t\u00fddny, uv\u00e1d\u00ed rusk\u00e9 ministerstvo obrany.<\/p>\n<p>Skute\u010dn\u011b odporn\u00e9 je, \u017ee v\u00e1lce bylo mo\u017en\u00e9 p\u0159edej\u00edt nebo ji alespo\u0148 zastavit v b\u0159eznu 2022 podeps\u00e1n\u00edm m\u00edrov\u00e9 dohody mezi Moskvou a Kyjevem.\u00a0Tato dohoda zn\u00e1m\u00e1 jako Istanbulsk\u00e1 smlouva byla Washingtonem a Lond\u00fdnem p\u0159i zrodu udu\u0161ena a odhozena do popelnice, proto\u017ee z\u00e1padn\u00ed mocnosti byly posedl\u00e9 por\u00e1\u017ekou Ruska do \u201eposledn\u00edho Ukrajince\u201c.<\/p>\n<p>Nen\u00ed p\u0159ehnan\u00e9 \u0159\u00edkat, \u017ee Spojen\u00e9 st\u00e1ty a jejich osa NATO jsou d\u011bdici nacistick\u00e9ho N\u011bmecka.<\/p>\n<p>V t\u011bchto dnech si p\u0159ipom\u00edn\u00e1me 82. v\u00fdro\u010d\u00ed nacistick\u00e9 invaze do Sov\u011btsk\u00e9ho svazu v \u010dervnu 1941. P\u0159i t\u00e9to agresi, kter\u00e1 nakonec skon\u010dila hrdinsk\u00fdm v\u00edt\u011bzstv\u00edm Rud\u00e9 arm\u00e1dy v Berl\u00edn\u011b, bylo zabito a\u017e 27 milion\u016f rusk\u00fdch a dal\u0161\u00edch slovansk\u00fdch lid\u00ed.<\/p>\n<p>Pro Washington a jeho partnery ve zlo\u010dinu v NATO pokra\u010duje dlouh\u00e1 v\u00e1lka proti Rusku.\u00a0Ale v\u00edt\u011bzstv\u00ed Ruska na bitevn\u00edm poli vypad\u00e1 zaru\u010den\u011b d\u00edky jeho lep\u0161\u00edm vojensk\u00fdm sil\u00e1m.<\/p>\n<p>To vede k historick\u00e9mu debaklu \u2013 dalo by se dokonce \u0159\u00edci nemesis \u2013 pro z\u00e1padn\u00ed mocnosti.\u00a0\u010cel\u00ed por\u00e1\u017ece nejen vojensky, ale i politicky a mor\u00e1ln\u011b.\u00a0Jejich dlouholet\u00fd podvod a \u0161ar\u00e1da jako \u201ev\u00fdjime\u010dn\u00ed\u201c a \u201emor\u00e1ln\u011b nad\u0159\u00edzen\u00ed\u201c je roztrhan\u00e9 na kusy.<\/p>\n<p>Vzhledem k t\u011bmto neuv\u011b\u0159iteln\u011b vysok\u00fdm s\u00e1zk\u00e1m na bezprost\u0159edn\u00ed katastrof\u00e1ln\u00ed por\u00e1\u017eku je skute\u010dn\u00fdm nebezpe\u010d\u00edm, \u017ee Biden a jeho zkorumpovan\u00fd z\u00e1padn\u00ed vl\u00e1dn\u00ed apar\u00e1t zdvojn\u00e1sob\u00ed sv\u00e9 ztr\u00e1ty, aby v\u0161e zoufale zvr\u00e1tili.\u00a0Budou Washington, Lond\u00fdn a spol. d\u00e1le eskalovat dod\u00e1vky zbran\u00ed na Ukrajinu, rozmis\u0165ovat divize NATO, nebo se uch\u00fdl\u00ed k podn\u011bcov\u00e1n\u00ed jadern\u00e9 v\u00e1lky s Ruskem?<\/p>\n<p>Ka\u017ed\u00e9 slovo z \u00fast z\u00e1padn\u00edch mocnost\u00ed je zvr\u00e1cenou projekc\u00ed jejich vlastn\u00edho hanebn\u00e9ho, \u200b\u200bkrimin\u00e1ln\u00edho jedn\u00e1n\u00ed.<\/p>\n<p><a href=\"https:\/\/strategic-culture.org\/news\/2023\/06\/23\/biden-warning-of-putin-using-nukes-is-perverse-us-projection\/\">ZDROJ<\/a><\/p>\n<p>&nbsp;<\/p>\n<p><a href=\"https:\/\/stranapro.cz\/\"><img decoding=\"async\" loading=\"lazy\" class=\"wp-image-30218 aligncenter\" src=\"http:\/\/www.infokuryr.cz\/n\/wp-content\/uploads\/2023\/06\/PRO-banner-300x36.png\" alt=\"\" width=\"1375\" height=\"165\" srcset=\"https:\/\/www.infokuryr.cz\/n\/wp-content\/uploads\/2023\/06\/PRO-banner-300x36.png 300w, https:\/\/www.infokuryr.cz\/n\/wp-content\/uploads\/2023\/06\/PRO-banner-768x93.png 768w, https:\/\/www.infokuryr.cz\/n\/wp-content\/uploads\/2023\/06\/PRO-banner.png 849w\" sizes=\"(max-width: 1375px) 100vw, 1375px\" \/><\/a><\/p>\n<p>&nbsp;<\/p>\n<p>&nbsp;<\/p>\n<p>&nbsp;<\/p>\n","protected":false},"excerpt":{"rendered":"<p>Jedin\u00e1 zem\u011b, kter\u00e1 kdy pou\u017eila atomov\u00e9 zbran\u011b \u2013 proti civilist\u016fm \u2013 m\u00e1 tu drzost varovat&#8230;<\/p>\n","protected":false},"author":2,"featured_media":992,"comment_status":"closed","ping_status":"closed","sticky":false,"template":"","format":"standard","meta":[],"categories":[7],"tags":[72,1069,787,102,1402],"_links":{"self":[{"href":"https:\/\/www.infokuryr.cz\/n\/wp-json\/wp\/v2\/posts\/31007"}],"collection":[{"href":"https:\/\/www.infokuryr.cz\/n\/wp-json\/wp\/v2\/posts"}],"about":[{"href":"https:\/\/www.infokuryr.cz\/n\/wp-json\/wp\/v2\/types\/post"}],"author":[{"embeddable":true,"href":"https:\/\/www.infokuryr.cz\/n\/wp-json\/wp\/v2\/users\/2"}],"replies":[{"embeddable":true,"href":"https:\/\/www.infokuryr.cz\/n\/wp-json\/wp\/v2\/comments?post=31007"}],"version-history":[{"count":1,"href":"https:\/\/www.infokuryr.cz\/n\/wp-json\/wp\/v2\/posts\/31007\/revisions"}],"predecessor-version":[{"id":31010,"href":"https:\/\/www.infokuryr.cz\/n\/wp-json\/wp\/v2\/posts\/31007\/revisions\/31010"}],"wp:featuredmedia":[{"embeddable":true,"href":"https:\/\/www.infokuryr.cz\/n\/wp-json\/wp\/v2\/media\/992"}],"wp:attachment":[{"href":"https:\/\/www.infokuryr.cz\/n\/wp-json\/wp\/v2\/media?parent=31007"}],"wp:term":[{"taxonomy":"category","embeddable":true,"href":"https:\/\/www.infokuryr.cz\/n\/wp-json\/wp\/v2\/categories?post=31007"},{"taxonomy":"post_tag","embeddable":true,"href":"https:\/\/www.infokuryr.cz\/n\/wp-json\/wp\/v2\/tags?post=31007"}],"curies":[{"name":"wp","href":"https:\/\/api.w.org\/{rel}","templated":true}]}}