{"id":31003,"date":"2023-06-27T06:01:44","date_gmt":"2023-06-27T04:01:44","guid":{"rendered":"http:\/\/www.infokuryr.cz\/n\/?p=31003"},"modified":"2023-06-27T06:27:35","modified_gmt":"2023-06-27T04:27:35","slug":"putin-organizatori-povstani-zradili-rusko","status":"publish","type":"post","link":"https:\/\/www.infokuryr.cz\/n\/2023\/06\/27\/putin-organizatori-povstani-zradili-rusko\/","title":{"rendered":"Putin: Organiz\u00e1to\u0159i povst\u00e1n\u00ed zradili Rusko"},"content":{"rendered":"<div id=\"fb-root\"><\/div>\n<p><strong>Rusk\u00fd prezident Vladimir Putin pod\u011bkoval Rus\u016fm za vytrvalost, solidaritu a vlastenectv\u00ed a poznamenal, \u017ee jak\u00e9koli vyd\u00edr\u00e1n\u00ed a nepokoje jsou odsouzeny k ne\u00fasp\u011bchu.<\/strong><\/p>\n<p>\u201eTato ob\u010dansk\u00e1 solidarita uk\u00e1zala, \u017ee jak\u00e9koli vyd\u00edr\u00e1n\u00ed, pokus o vnit\u0159n\u00ed nepokoje jsou odsouzeny k ne\u00fasp\u011bchu,\u201c \u0159ekl Putin b\u011bhem projevu k n\u00e1rodu.<\/p>\n<p>Putin poznamenal, \u017ee ve\u0159ejnost, strany, n\u00e1bo\u017eensk\u00e9 organizace i cel\u00e1 spole\u010dnost zaujaly pevn\u00fd postoj k podpo\u0159e \u00fastavn\u00edho po\u0159\u00e1dku.<\/p>\n<p>Ozbrojen\u00e9 povst\u00e1n\u00ed by bylo v ka\u017ed\u00e9m p\u0159\u00edpad\u011b potla\u010deno, \u0159ekl v projevu rusk\u00fd prezident.<\/p>\n<p>\u201eZd\u016fraz\u0148uji, \u017ee od sam\u00e9ho po\u010d\u00e1tku ud\u00e1lost\u00ed byla okam\u017eit\u011b p\u0159ijata ta nejnutn\u011bj\u0161\u00ed rozhodnut\u00ed k neutralizaci hrozby, kter\u00e1 vznikla, k ochran\u011b \u00fastavn\u00edho po\u0159\u00e1dku, \u017eivota a bezpe\u010dnosti na\u0161ich ob\u010dan\u016f. Ozbrojen\u00e1 vzpoura by byla potla\u010dena v jak\u00e9mkoli p\u0159\u00edpad\u011b,\u201c \u0159ekl Putin.<\/p>\n<p>Povstalci, neonacist\u00e9 v Kyjev\u011b a jejich z\u00e1padn\u00ed podporovatel\u00e9 cht\u011bli, aby se ru\u0161t\u00ed voj\u00e1ci navz\u00e1jem zab\u00edjeli, \u0159ekl Putin.<\/p>\n<p>\u201eP\u0159esn\u011b takov\u00fd v\u00fdsledek cht\u011bli nep\u0159\u00e1tel\u00e9 Ruska a neonacist\u00e9 v Kyjev\u011b a jejich z\u00e1padn\u00ed patroni, stejn\u011b jako v\u0161emo\u017en\u00ed n\u00e1rodn\u00ed zr\u00e1dci, cht\u011bli bratrovra\u017edu. Cht\u011bli, aby se ru\u0161t\u00ed voj\u00e1ci navz\u00e1jem zab\u00edjeli. Aby um\u00edrali voj\u00e1ci i civilist\u00e9, aby Rusko v kone\u010dn\u00e9m d\u016fsledku prohr\u00e1lo. Aby se na\u0161e spole\u010dnost rozd\u011blila, utopila se v krvav\u00e9m ob\u010dansk\u00e9m konfliktu,\u201c \u0159ekl Putin.<\/p>\n<p>Organiz\u00e1to\u0159i povst\u00e1n\u00ed zradili Rusko, zradili ty, kte\u0159\u00ed byli s nimi, \u0159ekl Putin.<\/p>\n<p>Podle Putina jsou \u010dlenov\u00e9 Vagnerovi skupiny vlastenci, byli v\u0161ak zneu\u017eiti.<\/p>\n<p>\u201eV\u011bd\u011bli jsme a v\u00edme, \u017ee drtiv\u00e1 v\u011bt\u0161ina bojovn\u00edk\u016f a velitel\u016f Vagnerovy skupiny jsou tak\u00e9 ru\u0161t\u00ed vlastenci, oddan\u00ed sv\u00e9mu lidu a st\u00e1tu. Dok\u00e1zali to svou odvahou na boji\u0161ti, osvobozovali Donbas a Novorusko, sna\u017eili se je pou\u017e\u00edt naslepo proti sv\u00fdm bratr\u016fm ve zbran\u00edch, s nimi\u017e bojovali v z\u00e1jmu zem\u011b a jej\u00ed budoucnosti,\u201c \u0159ekl Putin.<\/p>\n<p>Putin pod\u011bkoval t\u011bm \u010dlen\u016fm Vagnerovy skupiny, kte\u0159\u00ed se zastavili p\u0159ed posledn\u00ed hranic\u00ed a ne\u0161li do krveprolit\u00ed.<\/p>\n<p>Rusk\u00fd prezident vyzval bojovn\u00edky Vagnerovy skupiny, aby podepsali smlouvu s ministerstvem obrany, vr\u00e1tili se dom\u016f nebo odjeli do B\u011bloruska.<\/p>\n<p>Rusk\u00fd prezident rovn\u011b\u017e vyj\u00e1d\u0159il vd\u011b\u010dnost Luka\u0161enkovi za jeho p\u0159\u00edsp\u011bvek k \u0159e\u0161en\u00ed situace s Vagnerovou skupinou.<\/p>\n<p><a href=\"https:\/\/stranapro.cz\/\"><img decoding=\"async\" loading=\"lazy\" class=\"wp-image-30218 aligncenter\" src=\"http:\/\/www.infokuryr.cz\/n\/wp-content\/uploads\/2023\/06\/PRO-banner-300x36.png\" alt=\"\" width=\"1375\" height=\"165\" srcset=\"https:\/\/www.infokuryr.cz\/n\/wp-content\/uploads\/2023\/06\/PRO-banner-300x36.png 300w, https:\/\/www.infokuryr.cz\/n\/wp-content\/uploads\/2023\/06\/PRO-banner-768x93.png 768w, https:\/\/www.infokuryr.cz\/n\/wp-content\/uploads\/2023\/06\/PRO-banner.png 849w\" sizes=\"(max-width: 1375px) 100vw, 1375px\" \/><\/a><\/p>\n<p><span style=\"font-size: 24pt;\"><strong>Cel\u00fd projev ze dne 26.6.2023:<\/strong><\/span><\/p>\n<p><em>Draz\u00ed p\u0159\u00e1tel\u00e9!<\/em><\/p>\n<p><em>Dnes se je\u0161t\u011b jednou obrac\u00edm ke v\u0161em ob\u010dan\u016fm Ruska.\u00a0D\u011bkuji za va\u0161i trp\u011blivost, solidaritu a vlastenectv\u00ed.\u00a0Tato ob\u010dansk\u00e1 solidarita uk\u00e1zala, \u017ee jak\u00e9koli vyd\u00edr\u00e1n\u00ed, jak\u00fdkoli pokus o vytvo\u0159en\u00ed vnit\u0159n\u00edho nepokoje je odsouzen k ne\u00fasp\u011bchu.<\/em><\/p>\n<p><em>Opakuji, projevila se nejvy\u0161\u0161\u00ed konsolidace spole\u010dnosti, v\u00fdkonn\u00e9 a z\u00e1konod\u00e1rn\u00e9 moci na v\u0161ech \u00farovn\u00edch.\u00a0Pevn\u00fd, jednozna\u010dn\u00fd postoj k podpo\u0159e \u00fastavn\u00edho po\u0159\u00e1dku zaujaly ve\u0159ejn\u00e9 organizace, n\u00e1bo\u017eensk\u00e9 konfese, p\u0159edn\u00ed politick\u00e9 strany, vlastn\u011b cel\u00e1 rusk\u00e1 spole\u010dnost.\u00a0V\u0161echny sjednotilo a stmelilo to hlavn\u00ed \u2013 odpov\u011bdnost za osud Vlasti.<\/em><\/p>\n<p><em>Zd\u016fraz\u0148uji, \u017ee od sam\u00e9ho po\u010d\u00e1tku ud\u00e1lost\u00ed byla okam\u017eit\u011b p\u0159ijata v\u0161echna nezbytn\u00e1 rozhodnut\u00ed k neutralizaci vznikl\u00e9 hrozby, k ochran\u011b \u00fastavn\u00edho po\u0159\u00e1dku, \u017eivota a bezpe\u010dnosti na\u0161ich ob\u010dan\u016f.<\/em><\/p>\n<p><em>Ozbrojen\u00e9 povst\u00e1n\u00ed by bylo v ka\u017ed\u00e9m p\u0159\u00edpad\u011b potla\u010deno.\u00a0Organiz\u00e1to\u0159i povst\u00e1n\u00ed, navzdory ztr\u00e1t\u011b p\u0159im\u011b\u0159enosti, nemohli tomu nerozum\u011bt.\u00a0V\u0161echno pochopili, v\u010detn\u011b toho, \u017ee sklouzli ke krimin\u00e1ln\u00edm akc\u00edm, aby roz\u0161t\u011bpili a oslabili zemi, kter\u00e1 nyn\u00ed \u010del\u00ed kolos\u00e1ln\u00ed vn\u011bj\u0161\u00ed hrozb\u011b, bezprecedentn\u00edmu tlaku zven\u010d\u00ed.\u00a0Kdy na front\u011b se slovy \u201cani krok zp\u011bt!\u201d\u00a0na\u0161i soudruzi um\u00edraj\u00ed.<\/em><\/p>\n<p><em>Organiz\u00e1to\u0159i povst\u00e1n\u00ed v\u0161ak zradili svou zemi, sv\u016fj n\u00e1rod a zradili ty, kte\u0159\u00ed byli zata\u017eeni do zlo\u010dinu.\u00a0Lhali jim, tla\u010dili je na smrt, pod palbu, k tomu, aby st\u0159\u00edleli na sv\u00e9.<\/em><\/p>\n<p><em>P\u0159esn\u011b tento v\u00fdsledek \u2013 bratrovra\u017edu \u2013 cht\u011bli nep\u0159\u00e1tel\u00e9 Ruska: jak neonacist\u00e9 v Kyjev\u011b, tak jejich z\u00e1padn\u00ed patroni a v\u0161emo\u017en\u00ed n\u00e1rodn\u00ed zr\u00e1dci.\u00a0Cht\u011bli, aby se ru\u0161t\u00ed voj\u00e1ci zab\u00edjeli navz\u00e1jem, aby um\u00edrali voj\u00e1ci a civilist\u00e9, aby ve v\u00fdsledku Rusko prohr\u00e1lo a na\u0161e spole\u010dnost se rozd\u011blila a udusila se v krvav\u00fdch ob\u010dansk\u00fdch sporech.<\/em><\/p>\n<p><em>Mnuli si ruce, snili o tom, \u017ee se pomst\u00ed za sv\u00e9 ne\u00fasp\u011bchy na front\u011b a p\u0159i takzvan\u00e9 protiofenz\u00edv\u011b, ale p\u0159epo\u010d\u00edtali se.<\/em><\/p>\n<p><em>D\u011bkuji v\u0161em na\u0161im p\u0159\u00edslu\u0161n\u00edk\u016fm arm\u00e1dy, str\u00e1\u017ec\u016fm z\u00e1kona, speci\u00e1ln\u00edm slu\u017eb\u00e1m, v\u0161em kte\u0159\u00ed st\u00e1li v cest\u011b rebel\u016fm, z\u016fstali v\u011brni sv\u00e9 povinnosti, p\u0159\u00edsaze a sv\u00e9mu n\u00e1rodu.\u00a0Odvaha a sebeob\u011btov\u00e1n\u00ed padl\u00fdch hrdin\u016f-pilot\u016f zachr\u00e1nilo Rusko p\u0159ed tragick\u00fdmi ni\u010div\u00fdmi n\u00e1sledky.<\/em><\/p>\n<p><em>P\u0159itom jsme v\u011bd\u011bli a v\u00edme, \u017ee naprost\u00e1 v\u011bt\u0161ina bojovn\u00edk\u016f a velitel\u016f skupiny Wagner jsou tak\u00e9 ru\u0161t\u00ed vlastenci, oddan\u00ed sv\u00e9mu n\u00e1rodu a st\u00e1tu.\u00a0Dok\u00e1zali to svou odvahou na boji\u0161ti, kdy\u017e osvobodili Donbas a Novorossii.\u00a0Sna\u017eili se je ve tm\u011b pou\u017e\u00edt proti sv\u00fdm bratr\u016fm ve zbrani, se kter\u00fdmi spole\u010dn\u011b bojovali za dobro zem\u011b a jej\u00ed budoucnost.<\/em><\/p>\n<p><em>Proto od sam\u00e9ho za\u010d\u00e1tku ud\u00e1lost\u00ed byly na m\u016fj p\u0159\u00edm\u00fd rozkaz podnik\u00e1ny kroky, aby nedo\u0161lo k velk\u00e9mu krveprolit\u00ed.\u00a0Pro to byl pot\u0159ebn\u00fd i \u010das, mimo jin\u00e9 d\u00e1t t\u011bm, kte\u0159\u00ed ud\u011blali chybu, p\u0159\u00edle\u017eitost znovu se zamyslet, pochopit, \u017ee jejich \u010diny spole\u010dnost rozhodn\u011b odm\u00edt\u00e1, a k jak\u00fdm tragick\u00fdm, destruktivn\u00edm n\u00e1sledk\u016fm pro Rusko, pro n\u00e1\u0161 st\u00e1t, vede dobrodru\u017estv\u00ed, do kter\u00e9ho byli zavle\u010deni.<\/em><\/p>\n<p><em>D\u011bkuji t\u011bm voj\u00e1k\u016fm a velitel\u016fm skupiny Wagner, kte\u0159\u00ed u\u010dinili jedin\u00e9 spr\u00e1vn\u00e9 rozhodnut\u00ed \u2013 ne\u0161li do bratrovra\u017eedn\u00e9ho krveprolit\u00ed, zastavili se u posledn\u00ed linie.<\/em><\/p>\n<p><em>Dnes m\u00e1te mo\u017enost pokra\u010dovat ve slu\u017eb\u011b Rusku uzav\u0159en\u00edm smlouvy s ministerstvem obrany nebo jin\u00fdmi donucovac\u00edmi org\u00e1ny, nebo se vr\u00e1tit ke sv\u00e9 rodin\u011b a p\u0159\u00e1tel\u016fm.\u00a0Kdo chce, m\u016f\u017ee odjet do B\u011bloruska.\u00a0Slib, kter\u00fd jsem dal, bude spln\u011bn.\u00a0Opakuji, volba je na v\u00e1s, ale jsem si jist\u00fd, \u017ee to bude volba rusk\u00fdch voj\u00e1k\u016f, kte\u0159\u00ed si uv\u011bdomili svou tragickou chybu.<\/em><\/p>\n<p><em>Jsem vd\u011b\u010dn\u00fd b\u011blorusk\u00e9mu prezidentovi Alexandru Grigorevi\u010di Luka\u0161enkovi za jeho \u00fasil\u00ed a p\u0159\u00edsp\u011bvek k m\u00edrov\u00e9mu \u0159e\u0161en\u00ed situace.<\/em><\/p>\n<p><em>Ale opakuji, byl to vlasteneck\u00fd duch ob\u010dan\u016f, konsolidace cel\u00e9 rusk\u00e9 spole\u010dnosti, kter\u00e1 hr\u00e1la v t\u011bchto dnech rozhoduj\u00edc\u00ed roli.\u00a0Tato podpora n\u00e1m umo\u017enila spole\u010dn\u011b p\u0159ekonat nejt\u011b\u017e\u0161\u00ed zkou\u0161ky pro na\u0161i Vlast.<\/em><\/p>\n<p><em>D\u011bkuji v\u00e1m za to.\u00a0D\u011bkuji.<\/em><\/p>\n<p><img decoding=\"async\" loading=\"lazy\" class=\"alignnone size-full wp-image-1185\" src=\"http:\/\/www.infokuryr.cz\/n\/wp-content\/uploads\/2021\/04\/kuryr-podpis.png\" alt=\"\" width=\"84\" height=\"24\" \/><\/p>\n<p>&nbsp;<\/p>\n<p><a href=\"https:\/\/stranapro.cz\/\"><img decoding=\"async\" loading=\"lazy\" class=\"wp-image-30218 aligncenter\" src=\"http:\/\/www.infokuryr.cz\/n\/wp-content\/uploads\/2023\/06\/PRO-banner-300x36.png\" alt=\"\" width=\"1358\" height=\"163\" srcset=\"https:\/\/www.infokuryr.cz\/n\/wp-content\/uploads\/2023\/06\/PRO-banner-300x36.png 300w, https:\/\/www.infokuryr.cz\/n\/wp-content\/uploads\/2023\/06\/PRO-banner-768x93.png 768w, https:\/\/www.infokuryr.cz\/n\/wp-content\/uploads\/2023\/06\/PRO-banner.png 849w\" sizes=\"(max-width: 1358px) 100vw, 1358px\" \/><\/a><\/p>\n<p>&nbsp;<\/p>\n<p>&nbsp;<\/p>\n<p>&nbsp;<\/p>\n","protected":false},"excerpt":{"rendered":"<p>Rusk\u00fd prezident Vladimir Putin pod\u011bkoval Rus\u016fm za vytrvalost, solidaritu a vlastenectv\u00ed a poznamenal, \u017ee jak\u00e9koli&#8230;<\/p>\n","protected":false},"author":2,"featured_media":30816,"comment_status":"closed","ping_status":"closed","sticky":false,"template":"","format":"standard","meta":[],"categories":[7],"tags":[4159,710,102],"_links":{"self":[{"href":"https:\/\/www.infokuryr.cz\/n\/wp-json\/wp\/v2\/posts\/31003"}],"collection":[{"href":"https:\/\/www.infokuryr.cz\/n\/wp-json\/wp\/v2\/posts"}],"about":[{"href":"https:\/\/www.infokuryr.cz\/n\/wp-json\/wp\/v2\/types\/post"}],"author":[{"embeddable":true,"href":"https:\/\/www.infokuryr.cz\/n\/wp-json\/wp\/v2\/users\/2"}],"replies":[{"embeddable":true,"href":"https:\/\/www.infokuryr.cz\/n\/wp-json\/wp\/v2\/comments?post=31003"}],"version-history":[{"count":0,"href":"https:\/\/www.infokuryr.cz\/n\/wp-json\/wp\/v2\/posts\/31003\/revisions"}],"wp:featuredmedia":[{"embeddable":true,"href":"https:\/\/www.infokuryr.cz\/n\/wp-json\/wp\/v2\/media\/30816"}],"wp:attachment":[{"href":"https:\/\/www.infokuryr.cz\/n\/wp-json\/wp\/v2\/media?parent=31003"}],"wp:term":[{"taxonomy":"category","embeddable":true,"href":"https:\/\/www.infokuryr.cz\/n\/wp-json\/wp\/v2\/categories?post=31003"},{"taxonomy":"post_tag","embeddable":true,"href":"https:\/\/www.infokuryr.cz\/n\/wp-json\/wp\/v2\/tags?post=31003"}],"curies":[{"name":"wp","href":"https:\/\/api.w.org\/{rel}","templated":true}]}}