{"id":31001,"date":"2023-06-27T05:59:31","date_gmt":"2023-06-27T03:59:31","guid":{"rendered":"http:\/\/www.infokuryr.cz\/n\/?p=31001"},"modified":"2023-06-27T05:59:31","modified_gmt":"2023-06-27T03:59:31","slug":"ozbrojene-sily-rf-zlikvidovaly-dve-samohybne-delostrelecke-lafety-paladin-americke-vyroby","status":"publish","type":"post","link":"https:\/\/www.infokuryr.cz\/n\/2023\/06\/27\/ozbrojene-sily-rf-zlikvidovaly-dve-samohybne-delostrelecke-lafety-paladin-americke-vyroby\/","title":{"rendered":"Ozbrojen\u00e9 s\u00edly RF zlikvidovaly dv\u011b samohybn\u00e9 d\u011blost\u0159eleck\u00e9 lafety Paladin americk\u00e9 v\u00fdroby"},"content":{"rendered":"<div id=\"fb-root\"><\/div>\n<p><strong>P\u0159in\u00e1\u0161\u00edme aktu\u00e1ln\u00ed informace o pr\u016fb\u011bhu speci\u00e1ln\u00ed vojensk\u00e9 operace Ruska v Donbasu. O posledn\u00edch ud\u00e1lostech informoval mluv\u010d\u00ed Ministerstva obrany RF Igor Kona\u0161enkov.<\/strong><\/p>\n<p>Rusk\u00e9 ozbrojen\u00e9 s\u00edly dnes v noci zah\u00e1jily skupinov\u00fd \u00fader p\u0159esn\u011b nav\u00e1d\u011bnou munic\u00ed na sklady d\u011blost\u0159eleck\u00e9 munice, v\u010detn\u011b t\u011bch, kde se nach\u00e1zela munice dodan\u00e1 ze z\u00e1padn\u00edch zem\u00ed, uvedlo rusk\u00e9 ministerstvo obrany.<\/p>\n<p>Tak\u00e9 ozbrojen\u00e9 s\u00edly RF \u00fasp\u011b\u0161n\u011b odrazily dva \u00fatoky Ozbrojen\u00fdch sil Ukrajiny v oblasti obce Spornoje v don\u011bck\u00e9m sm\u011bru a odrazily \u010dty\u0159i \u00fatoky Ozbrojen\u00fdch sil Ukrajiny v oblasti Vremevsk\u00e9ho v\u00fdb\u011b\u017eku.<\/p>\n<p>Ministerstvo obrany informovalo, \u017ee bylo zasa\u017eeno m\u00edsto oprav zbran\u00ed, vojensk\u00e9 a speci\u00e1ln\u00ed techniky 128. horsk\u00e9 \u00fato\u010dn\u00e9 brig\u00e1dy v oblasti Novojakovlevky v Z\u00e1poro\u017esk\u00e9 oblasti, v oblasti Ivanovky v DLR \u0417 byl zni\u010den komunika\u010dn\u00ed centrum 25. v\u00fdsadkov\u00e9 brig\u00e1dy.<\/p>\n<p>Ve sm\u011bru na Don\u011bck byly zlikvidov\u00e1ny dv\u011b samohybn\u00e9 d\u011blost\u0159eleck\u00e9 lafety Paladin americk\u00e9 v\u00fdroby.<\/p>\n<p>Krom\u011b toho rusk\u00e9 jednotky odrazily \u00fatok jednotek 47. mechanizovan\u00e9 brig\u00e1dy Ozbrojen\u00fdch sil Ukrajiny v Z\u00e1poro\u017esk\u00e9 oblasti.<\/p>\n<p>Ru\u0161t\u00ed voj\u00e1ci b\u011bhem dne zni\u010dili samohybn\u00e9 d\u011blo Akacija ve sm\u011bru na Krasnyj Liman.<\/p>\n<p>Podle resortu rusk\u00e9 syst\u00e9my protivzdu\u0161n\u00e9 obrany sest\u0159elily 19 ukrajinsk\u00fdch dron\u016f.<\/p>\n<p>Ve sm\u011bru na Cherson rusk\u00e9 jednotky zni\u010dily muni\u010dn\u00ed sklad 126. brig\u00e1dy \u00fazemn\u00ed obrany.<\/p>\n<p><img decoding=\"async\" loading=\"lazy\" class=\"alignnone size-full wp-image-1185\" src=\"http:\/\/www.infokuryr.cz\/n\/wp-content\/uploads\/2021\/04\/kuryr-podpis.png\" alt=\"\" width=\"84\" height=\"24\" \/><\/p>\n<p>&nbsp;<\/p>\n<p><a href=\"https:\/\/stranapro.cz\/\"><img decoding=\"async\" loading=\"lazy\" class=\"wp-image-30218 aligncenter\" src=\"http:\/\/www.infokuryr.cz\/n\/wp-content\/uploads\/2023\/06\/PRO-banner-300x36.png\" alt=\"\" width=\"1367\" height=\"164\" srcset=\"https:\/\/www.infokuryr.cz\/n\/wp-content\/uploads\/2023\/06\/PRO-banner-300x36.png 300w, https:\/\/www.infokuryr.cz\/n\/wp-content\/uploads\/2023\/06\/PRO-banner-768x93.png 768w, https:\/\/www.infokuryr.cz\/n\/wp-content\/uploads\/2023\/06\/PRO-banner.png 849w\" sizes=\"(max-width: 1367px) 100vw, 1367px\" \/><\/a><\/p>\n<p>&nbsp;<\/p>\n<p>&nbsp;<\/p>\n<p>&nbsp;<\/p>\n","protected":false},"excerpt":{"rendered":"<p>P\u0159in\u00e1\u0161\u00edme aktu\u00e1ln\u00ed informace o pr\u016fb\u011bhu speci\u00e1ln\u00ed vojensk\u00e9 operace Ruska v Donbasu. O posledn\u00edch ud\u00e1lostech informoval&#8230;<\/p>\n","protected":false},"author":2,"featured_media":31002,"comment_status":"closed","ping_status":"closed","sticky":false,"template":"","format":"standard","meta":[],"categories":[7],"tags":[2161,22,26,5332],"_links":{"self":[{"href":"https:\/\/www.infokuryr.cz\/n\/wp-json\/wp\/v2\/posts\/31001"}],"collection":[{"href":"https:\/\/www.infokuryr.cz\/n\/wp-json\/wp\/v2\/posts"}],"about":[{"href":"https:\/\/www.infokuryr.cz\/n\/wp-json\/wp\/v2\/types\/post"}],"author":[{"embeddable":true,"href":"https:\/\/www.infokuryr.cz\/n\/wp-json\/wp\/v2\/users\/2"}],"replies":[{"embeddable":true,"href":"https:\/\/www.infokuryr.cz\/n\/wp-json\/wp\/v2\/comments?post=31001"}],"version-history":[{"count":0,"href":"https:\/\/www.infokuryr.cz\/n\/wp-json\/wp\/v2\/posts\/31001\/revisions"}],"wp:featuredmedia":[{"embeddable":true,"href":"https:\/\/www.infokuryr.cz\/n\/wp-json\/wp\/v2\/media\/31002"}],"wp:attachment":[{"href":"https:\/\/www.infokuryr.cz\/n\/wp-json\/wp\/v2\/media?parent=31001"}],"wp:term":[{"taxonomy":"category","embeddable":true,"href":"https:\/\/www.infokuryr.cz\/n\/wp-json\/wp\/v2\/categories?post=31001"},{"taxonomy":"post_tag","embeddable":true,"href":"https:\/\/www.infokuryr.cz\/n\/wp-json\/wp\/v2\/tags?post=31001"}],"curies":[{"name":"wp","href":"https:\/\/api.w.org\/{rel}","templated":true}]}}