{"id":30965,"date":"2023-06-27T01:03:06","date_gmt":"2023-06-26T23:03:06","guid":{"rendered":"http:\/\/www.infokuryr.cz\/n\/?p=30965"},"modified":"2023-06-26T17:56:13","modified_gmt":"2023-06-26T15:56:13","slug":"hamplova-rajchl-o-vsem-co-vas-nyni-zajima","status":"publish","type":"post","link":"https:\/\/www.infokuryr.cz\/n\/2023\/06\/27\/hamplova-rajchl-o-vsem-co-vas-nyni-zajima\/","title":{"rendered":"HAMPLOV\u00c1 &#038; RAJCHL: o v\u0161em, co v\u00e1s NYN\u00cd zaj\u00edm\u00e1!"},"content":{"rendered":"<div id=\"fb-root\"><\/div>\n<p><span style=\"font-size: 14pt;\"><strong>P\u0159edpr\u00e1zdninov\u00fd rozhovor Tom\u00e1\u0161e Lukavce se sen\u00e1torkou J<span class=\"yt-core-attributed-string yt-core-attributed-string--white-space-pre-wrap\">anou Zwyrtek Hamplovou\u00a0 a p\u0159edsedou strany PRO Jind\u0159ichem Rajchlem.<\/span><\/strong><\/span><\/p>\n<p>&nbsp;<\/p>\n<p><iframe loading=\"lazy\" title=\"\ud83d\udca5 HAMPLOV\u00c1 &amp; RAJCHL\ud83d\udca5o v\u0161em, co v\u00e1s NYN\u00cd zaj\u00edm\u00e1!\" width=\"640\" height=\"360\" src=\"https:\/\/www.youtube.com\/embed\/ceFd8qlBT4M?feature=oembed\" frameborder=\"0\" allow=\"accelerometer; autoplay; clipboard-write; encrypted-media; gyroscope; picture-in-picture; web-share\" allowfullscreen><\/iframe><\/p>\n<p><img decoding=\"async\" loading=\"lazy\" class=\"alignnone size-full wp-image-1185\" src=\"http:\/\/www.infokuryr.cz\/n\/wp-content\/uploads\/2021\/04\/kuryr-podpis.png\" alt=\"\" width=\"84\" height=\"24\" \/><\/p>\n<p>&nbsp;<\/p>\n<p><a href=\"https:\/\/stranapro.cz\/\"><img decoding=\"async\" loading=\"lazy\" class=\"wp-image-30218 aligncenter\" src=\"http:\/\/www.infokuryr.cz\/n\/wp-content\/uploads\/2023\/06\/PRO-banner-300x36.png\" alt=\"\" width=\"1358\" height=\"163\" srcset=\"https:\/\/www.infokuryr.cz\/n\/wp-content\/uploads\/2023\/06\/PRO-banner-300x36.png 300w, https:\/\/www.infokuryr.cz\/n\/wp-content\/uploads\/2023\/06\/PRO-banner-768x93.png 768w, https:\/\/www.infokuryr.cz\/n\/wp-content\/uploads\/2023\/06\/PRO-banner.png 849w\" sizes=\"(max-width: 1358px) 100vw, 1358px\" \/><\/a><\/p>\n<p>&nbsp;<\/p>\n<p>&nbsp;<\/p>\n<p>&nbsp;<\/p>\n<p>&nbsp;<\/p>\n","protected":false},"excerpt":{"rendered":"<p>P\u0159edpr\u00e1zdninov\u00fd rozhovor Tom\u00e1\u0161e Lukavce se sen\u00e1torkou Janou Zwyrtek Hamplovou\u00a0 a p\u0159edsedou strany PRO Jind\u0159ichem Rajchlem&#8230;.<\/p>\n","protected":false},"author":2,"featured_media":30966,"comment_status":"closed","ping_status":"closed","sticky":false,"template":"","format":"standard","meta":[],"categories":[6],"tags":[3482,2992,1052,889],"_links":{"self":[{"href":"https:\/\/www.infokuryr.cz\/n\/wp-json\/wp\/v2\/posts\/30965"}],"collection":[{"href":"https:\/\/www.infokuryr.cz\/n\/wp-json\/wp\/v2\/posts"}],"about":[{"href":"https:\/\/www.infokuryr.cz\/n\/wp-json\/wp\/v2\/types\/post"}],"author":[{"embeddable":true,"href":"https:\/\/www.infokuryr.cz\/n\/wp-json\/wp\/v2\/users\/2"}],"replies":[{"embeddable":true,"href":"https:\/\/www.infokuryr.cz\/n\/wp-json\/wp\/v2\/comments?post=30965"}],"version-history":[{"count":1,"href":"https:\/\/www.infokuryr.cz\/n\/wp-json\/wp\/v2\/posts\/30965\/revisions"}],"predecessor-version":[{"id":30967,"href":"https:\/\/www.infokuryr.cz\/n\/wp-json\/wp\/v2\/posts\/30965\/revisions\/30967"}],"wp:featuredmedia":[{"embeddable":true,"href":"https:\/\/www.infokuryr.cz\/n\/wp-json\/wp\/v2\/media\/30966"}],"wp:attachment":[{"href":"https:\/\/www.infokuryr.cz\/n\/wp-json\/wp\/v2\/media?parent=30965"}],"wp:term":[{"taxonomy":"category","embeddable":true,"href":"https:\/\/www.infokuryr.cz\/n\/wp-json\/wp\/v2\/categories?post=30965"},{"taxonomy":"post_tag","embeddable":true,"href":"https:\/\/www.infokuryr.cz\/n\/wp-json\/wp\/v2\/tags?post=30965"}],"curies":[{"name":"wp","href":"https:\/\/api.w.org\/{rel}","templated":true}]}}