{"id":30927,"date":"2023-06-26T04:46:04","date_gmt":"2023-06-26T02:46:04","guid":{"rendered":"http:\/\/www.infokuryr.cz\/n\/?p=30927"},"modified":"2023-06-26T04:46:04","modified_gmt":"2023-06-26T02:46:04","slug":"nemecko-vyplati-obetem-zidovskeho-holocaustu-dalsich-14-mld-dolaru","status":"publish","type":"post","link":"https:\/\/www.infokuryr.cz\/n\/2023\/06\/26\/nemecko-vyplati-obetem-zidovskeho-holocaustu-dalsich-14-mld-dolaru\/","title":{"rendered":"N\u011bmecko vyplat\u00ed ob\u011btem \u017eidovsk\u00e9ho holocaustu dal\u0161\u00edch 1,4 mld dolar\u016f"},"content":{"rendered":"<div id=\"fb-root\"><\/div>\n<h2 class=\"entry-title\">Pro ob\u011bti n\u011bmeck\u00e9ho \u0159\u00e1d\u011bn\u00ed v Polsku, \u010cech\u00e1ch, Srbsku, \u0158ecku, \u010di b\u00fdval\u00e9m SSSR pen\u00edze nejsou. Trp\u011bli snad \u017did\u00e9 v\u00edc ne\u017e ti ostatn\u00ed?<\/h2>\n<p><strong>N\u011bmeck\u00e1 vl\u00e1da schv\u00e1lila dal\u0161\u00edch 1<a href=\"https:\/\/www.npr.org\/2023\/06\/15\/1182428154\/germany-holocaust-survivors-payment-1-4-billion-nazi-victims\">,4 mld. dolar\u016f pro \u017eidovsk\u00e9 ob\u011bti holocastu<\/a>. Pen\u00edze budou vyplaceny p\u0159\u00ed\u0161t\u00ed rok, \u010d\u00e1st pen\u011bz p\u016fjde i na \u201ev\u00fdchovu budouc\u00edch generac\u00ed\u201c<\/strong>. T\u00edm je rozum\u011bno udr\u017eovan\u00ed pocitu mor\u00e1ln\u00ed viny v nov\u00fdch generac\u00edch, kter\u00e9 nemaj\u00ed s druhou sv\u011btovou v\u00e1lkou nic spole\u010dn\u00e9ho, proto\u017ee v t\u00e9 dob\u011b ne\u017eili v\u011bt\u0161inou ani jejich rodi\u010de. T\u011bmto generac\u00edm je rovn\u011b\u017e zcela zak\u00e1z\u00e1na jak\u00e1koliv diskuze na t\u00e9ma t\u00e9to smutn\u00e9 historick\u00e9 ud\u00e1losti. Ofici\u00e1ln\u00ed v\u00fdklad historie \u017eidovsk\u00e9ho holocaustu se v N\u011bmecku (ale i v \u010cesku) nesm\u00ed zpochyb\u0148ovat pod trestem v\u011bzen\u00ed.<\/p>\n<p><strong>Druhou pozoruhodnost\u00ed je, \u017ee se nic podobn\u00e9ho ned\u011bje v p\u0159\u00edpad\u011b ob\u011bt\u00ed nacistick\u00e9ho \u0159\u00e1d\u011bn\u00ed v\u016f\u010di jin\u00fdm n\u00e1rod\u016fm. Je snad 90 tis \u010cech\u016f, 3 miliony Pol\u00e1k\u016f, nebo 27 milion\u016f ob\u010dan\u016f b\u00fdval\u00e9ho SSSR m\u011bn\u011b mrtvo ne\u017e on\u011bch posv\u00e1tn\u00fdch 6 mil. \u017eidovsk\u00fdch ob\u011bt\u00ed?! Skoro to tak vypad\u00e1.<\/strong><\/p>\n<p><strong>Od roku 1945 vyplatilo okupovan\u00e9 N\u011bmecko \u017eid\u016fm stovky miliard dolar\u016f jako kompenzace. Ostatn\u00edm n\u00e1rod\u016fm vyplatilo N\u011bmecko p\u00e1r drobn\u00fdch. N\u011bmecko rovn\u011b\u017e p\u0159edalo a p\u0159ed\u00e1v\u00e1 \u017eid\u016fm zdarma modern\u00ed technologie. Ostatn\u00ed zem\u011b \u2013 ob\u011bti n\u011bmeck\u00e9ho nacismu N\u011bmecko sp\u00ed\u0161 ekonomicky vyko\u0159is\u0165uje. N\u00e1rok\u016fm Polska a \u0158ecka na vyplacen\u00ed v\u00e1le\u010dn\u00fdch\u00a0<a href=\"https:\/\/europeanconservative.com\/articles\/news\/pay-up-greece-and-poland-demand-e1-6-trillion-in-war-reparations-from-germany\/\">reparac\u00ed za \u0161kody b\u011bhem 2. sv\u011btov\u00e9 v\u00e1lky<\/a>\u00a0se dokonce n\u011bmeck\u00e9 vl\u00e1dy ofici\u00e1ln\u011b vysm\u00e1ly.<\/strong>\u00a0A\u017e si jeden mus\u00ed polo\u017eit ot\u00e1zku, kdo vlastn\u011b N\u011bmc\u016fm vl\u00e1dne?<\/p>\n<p><img decoding=\"async\" loading=\"lazy\" class=\"alignnone size-full wp-image-1185\" src=\"http:\/\/www.infokuryr.cz\/n\/wp-content\/uploads\/2021\/04\/kuryr-podpis.png\" alt=\"\" width=\"84\" height=\"24\" \/><\/p>\n<p>&nbsp;<\/p>\n<p><a href=\"https:\/\/stranapro.cz\/\"><img decoding=\"async\" loading=\"lazy\" class=\"wp-image-30218 aligncenter\" src=\"http:\/\/www.infokuryr.cz\/n\/wp-content\/uploads\/2023\/06\/PRO-banner-300x36.png\" alt=\"\" width=\"1358\" height=\"163\" srcset=\"https:\/\/www.infokuryr.cz\/n\/wp-content\/uploads\/2023\/06\/PRO-banner-300x36.png 300w, https:\/\/www.infokuryr.cz\/n\/wp-content\/uploads\/2023\/06\/PRO-banner-768x93.png 768w, https:\/\/www.infokuryr.cz\/n\/wp-content\/uploads\/2023\/06\/PRO-banner.png 849w\" sizes=\"(max-width: 1358px) 100vw, 1358px\" \/><\/a><\/p>\n<p>&nbsp;<\/p>\n<p>&nbsp;<\/p>\n<p>&nbsp;<\/p>\n","protected":false},"excerpt":{"rendered":"<p>Pro ob\u011bti n\u011bmeck\u00e9ho \u0159\u00e1d\u011bn\u00ed v Polsku, \u010cech\u00e1ch, Srbsku, \u0158ecku, \u010di b\u00fdval\u00e9m SSSR pen\u00edze nejsou. Trp\u011bli&#8230;<\/p>\n","protected":false},"author":2,"featured_media":1960,"comment_status":"closed","ping_status":"closed","sticky":false,"template":"","format":"standard","meta":[],"categories":[7],"tags":[604,810,84,92],"_links":{"self":[{"href":"https:\/\/www.infokuryr.cz\/n\/wp-json\/wp\/v2\/posts\/30927"}],"collection":[{"href":"https:\/\/www.infokuryr.cz\/n\/wp-json\/wp\/v2\/posts"}],"about":[{"href":"https:\/\/www.infokuryr.cz\/n\/wp-json\/wp\/v2\/types\/post"}],"author":[{"embeddable":true,"href":"https:\/\/www.infokuryr.cz\/n\/wp-json\/wp\/v2\/users\/2"}],"replies":[{"embeddable":true,"href":"https:\/\/www.infokuryr.cz\/n\/wp-json\/wp\/v2\/comments?post=30927"}],"version-history":[{"count":0,"href":"https:\/\/www.infokuryr.cz\/n\/wp-json\/wp\/v2\/posts\/30927\/revisions"}],"wp:featuredmedia":[{"embeddable":true,"href":"https:\/\/www.infokuryr.cz\/n\/wp-json\/wp\/v2\/media\/1960"}],"wp:attachment":[{"href":"https:\/\/www.infokuryr.cz\/n\/wp-json\/wp\/v2\/media?parent=30927"}],"wp:term":[{"taxonomy":"category","embeddable":true,"href":"https:\/\/www.infokuryr.cz\/n\/wp-json\/wp\/v2\/categories?post=30927"},{"taxonomy":"post_tag","embeddable":true,"href":"https:\/\/www.infokuryr.cz\/n\/wp-json\/wp\/v2\/tags?post=30927"}],"curies":[{"name":"wp","href":"https:\/\/api.w.org\/{rel}","templated":true}]}}