{"id":30912,"date":"2023-06-26T01:14:20","date_gmt":"2023-06-25T23:14:20","guid":{"rendered":"http:\/\/www.infokuryr.cz\/n\/?p=30912"},"modified":"2023-06-25T20:50:32","modified_gmt":"2023-06-25T18:50:32","slug":"na-zakarpati-opily-sef-mukacevske-kontrarozvedky-sbu-zbil-v-restauraci-generala","status":"publish","type":"post","link":"https:\/\/www.infokuryr.cz\/n\/2023\/06\/26\/na-zakarpati-opily-sef-mukacevske-kontrarozvedky-sbu-zbil-v-restauraci-generala\/","title":{"rendered":"Na Zakarpat\u00ed opil\u00fd \u0161\u00e9f muka\u010devsk\u00e9 kontrarozv\u011bdky SBU zbil v restauraci gener\u00e1la"},"content":{"rendered":"<div id=\"fb-root\"><\/div>\n<p class=\"lead\"><strong>Andrey Panarin, \u0161\u00e9f muka\u010devsk\u00e9ho kontrarozv\u011bdky SBU, spolu se sv\u00fdmi pod\u0159\u00edzen\u00fdmi v U\u017ehorodu v opilosti zbili gener\u00e1la a b\u00fdval\u00e9ho rektora akademie SBU Viktora Mikulina.\u00a0Informuje o tom telegramov\u00fd kan\u00e1l dillfrash.<\/strong><\/p>\n<p><em>\u201eV p\u00e1tek 23. \u010dervna ve\u010der v U\u017ehorodu v restauraci \u201eT\u0159i esa\u201c \u0161\u00e9f kontrarozv\u011bdky SBU Panarin Andrei spolu se sv\u00fdmi pod\u0159\u00edzen\u00fdmi b\u011bhem pop\u00edjen\u00ed hlasit\u011b hul\u00e1kali. <strong>V instituci byl z\u00e1rove\u0148 gener\u00e1l Mikulin, kter\u00fd m\u011bl sch\u016fzku s Rumanem Vayelem<\/strong> , asistentem lidov\u00e9 poslankyn\u011b z vl\u00e1dnouc\u00ed strany Slu\u017eebnice lidu <strong>Ljudmily Mar\u010denkov\u00e9<\/strong>\u00a0\u00a0a\u00a0z\u00e1stupci mezin\u00e1rodn\u00ed evropsk\u00e9 organizace.\u00a0Mikulin poznamenal k z\u00e1stupc\u016fm kontrarozv\u011bdky SBU, \u017ee se chovaj\u00ed nahlas a neslu\u0161n\u011b. Ti, bez pochopen\u00ed, za\u010dali Mikulina b\u00edt, <span class=\"after-quote\">\u00a0citovala m\u00edstn\u00ed m\u00e9dia.<\/span><\/em><\/p>\n<p>Kdy\u017e gener\u00e1la zbili, d\u016fstojn\u00edci kontrarozv\u011bdky ho odvedli do lesa, vyrazili mu zuby a sebrali mu telefon.\u00a0Ud\u00e1lost nahl\u00e1sil policii zm\u00edn\u011bn\u00fd asistent poslankyn\u011b, kter\u00e9mu se poda\u0159ilo z restaurace ut\u00e9ct. Panarin a n\u011bkolik jeho pod\u0159\u00edzen\u00fdch byli zadr\u017eeni.<\/p>\n<p>Uk\u00e1zka banderovsk\u00e9 kultury podporovan\u00e9 \u010desk\u00fdm fialov\u00fdm re\u017eimem! Tohle zv\u011brstvo podporujeme z na\u0161ich dan\u00ed!<\/p>\n<p><img decoding=\"async\" loading=\"lazy\" class=\"alignnone size-full wp-image-1185\" src=\"http:\/\/www.infokuryr.cz\/n\/wp-content\/uploads\/2021\/04\/kuryr-podpis.png\" alt=\"\" width=\"84\" height=\"24\" \/><\/p>\n<p>&nbsp;<\/p>\n<p><a href=\"https:\/\/stranapro.cz\/\"><img decoding=\"async\" loading=\"lazy\" class=\"wp-image-30218 aligncenter\" src=\"http:\/\/www.infokuryr.cz\/n\/wp-content\/uploads\/2023\/06\/PRO-banner-300x36.png\" alt=\"\" width=\"1375\" height=\"165\" srcset=\"https:\/\/www.infokuryr.cz\/n\/wp-content\/uploads\/2023\/06\/PRO-banner-300x36.png 300w, https:\/\/www.infokuryr.cz\/n\/wp-content\/uploads\/2023\/06\/PRO-banner-768x93.png 768w, https:\/\/www.infokuryr.cz\/n\/wp-content\/uploads\/2023\/06\/PRO-banner.png 849w\" sizes=\"(max-width: 1375px) 100vw, 1375px\" \/><\/a><\/p>\n<p>&nbsp;<\/p>\n<p>&nbsp;<\/p>\n<p>&nbsp;<\/p>\n<p>&nbsp;<\/p>\n<p>&nbsp;<\/p>\n","protected":false},"excerpt":{"rendered":"<p>Andrey Panarin, \u0161\u00e9f muka\u010devsk\u00e9ho kontrarozv\u011bdky SBU, spolu se sv\u00fdmi pod\u0159\u00edzen\u00fdmi v U\u017ehorodu v opilosti zbili&#8230;<\/p>\n","protected":false},"author":2,"featured_media":30913,"comment_status":"closed","ping_status":"closed","sticky":false,"template":"","format":"standard","meta":[],"categories":[7],"tags":[239,5318,2014,26],"_links":{"self":[{"href":"https:\/\/www.infokuryr.cz\/n\/wp-json\/wp\/v2\/posts\/30912"}],"collection":[{"href":"https:\/\/www.infokuryr.cz\/n\/wp-json\/wp\/v2\/posts"}],"about":[{"href":"https:\/\/www.infokuryr.cz\/n\/wp-json\/wp\/v2\/types\/post"}],"author":[{"embeddable":true,"href":"https:\/\/www.infokuryr.cz\/n\/wp-json\/wp\/v2\/users\/2"}],"replies":[{"embeddable":true,"href":"https:\/\/www.infokuryr.cz\/n\/wp-json\/wp\/v2\/comments?post=30912"}],"version-history":[{"count":1,"href":"https:\/\/www.infokuryr.cz\/n\/wp-json\/wp\/v2\/posts\/30912\/revisions"}],"predecessor-version":[{"id":30914,"href":"https:\/\/www.infokuryr.cz\/n\/wp-json\/wp\/v2\/posts\/30912\/revisions\/30914"}],"wp:featuredmedia":[{"embeddable":true,"href":"https:\/\/www.infokuryr.cz\/n\/wp-json\/wp\/v2\/media\/30913"}],"wp:attachment":[{"href":"https:\/\/www.infokuryr.cz\/n\/wp-json\/wp\/v2\/media?parent=30912"}],"wp:term":[{"taxonomy":"category","embeddable":true,"href":"https:\/\/www.infokuryr.cz\/n\/wp-json\/wp\/v2\/categories?post=30912"},{"taxonomy":"post_tag","embeddable":true,"href":"https:\/\/www.infokuryr.cz\/n\/wp-json\/wp\/v2\/tags?post=30912"}],"curies":[{"name":"wp","href":"https:\/\/api.w.org\/{rel}","templated":true}]}}