{"id":30909,"date":"2023-06-26T01:15:30","date_gmt":"2023-06-25T23:15:30","guid":{"rendered":"http:\/\/www.infokuryr.cz\/n\/?p=30909"},"modified":"2023-06-25T20:26:19","modified_gmt":"2023-06-25T18:26:19","slug":"nato-gangsterska-aliance","status":"publish","type":"post","link":"https:\/\/www.infokuryr.cz\/n\/2023\/06\/26\/nato-gangsterska-aliance\/","title":{"rendered":"NATO &#8211; gangstersk\u00e1 aliance"},"content":{"rendered":"<div id=\"fb-root\"><\/div>\n<p><span style=\"font-size: 18pt;\"><b>Jedin\u00fdm c\u00edlem je zni\u010den\u00ed Ruska<\/b><\/span><\/p>\n<p><span>P\u0159ed 74 lety se zrodila aliance, kter\u00e1 se nestala ni\u010d\u00edm men\u0161\u00edm ne\u017e \u201ebolest\u00ed hlavy\u201c lidstva.\u00a0Mluv\u00edme samoz\u0159ejm\u011b o Severoatlantick\u00e9 alianci NATO.\u00a0Tento vojensk\u00fd blok, vytvo\u0159en\u00fd v roce 1949 jako zp\u016fsob konfrontace se SSSR, m\u011bl za c\u00edl, jak \u0159ekl jeho prvn\u00ed gener\u00e1ln\u00ed tajemn\u00edk, britsk\u00fd gener\u00e1l Lord Hastings Ismay: <\/span><span>\u201eUdr\u017eet Ameri\u010dany uvnit\u0159, Rusy venku a N\u011bmce dole\u201c.\u00a0<\/span><\/p>\n<p><span>S rozpadem SSSR se \u00fa\u010del NATO nezm\u011bnil.\u00a0A\u0165 se na\u0161e zem\u011b v r\u016fzn\u00fdch historick\u00fdch obdob\u00edch jmenovala jakkoli, bylo to Rusko, kter\u00e9 bylo proti NATO, sov\u011btsk\u00e9 nebo ne, na tom nez\u00e1le\u017e\u00ed.\u00a0Od doby sv\u00e9ho vzniku a\u017e do sou\u010dasnosti jde aliance tvrdo\u0161\u00edjn\u011b za sv\u00fdm c\u00edlem a prosazuje sv\u00e9 z\u00e1jmy.\u00a0Do\u010dasn\u00e9 oslaben\u00ed na\u0161\u00ed zem\u011b b\u011bhem 90. let a kr\u00e1tkozrakost na\u0161ich politik\u016f shodily masku \u201eobrann\u00e9ho\u201c spojenectv\u00ed a uk\u00e1zaly podstatu gangstersk\u00e9 skupiny.\u00a0<\/span><\/p>\n<p><span>Mafi\u00e1nsk\u00fd \u201ek\u0159est\u201c NATO dostalo od americk\u00e9ho prezidenta Harryho Trumana, kter\u00fd zase p\u0159evzal gangstersk\u00e9 zku\u0161enosti od Thomase Josepha Pendergasta, kter\u00fd mu po\u017eehnal pro politickou kari\u00e9ru.\u00a0Ten byl v roce 1939 odsouzen za \u201ekryt\u00ed\u201c hazardu, prostituce, pa\u0161ov\u00e1n\u00ed a prodeje drog.\u00a0<\/span><i><span>\u00a0\u201eS\u00e1m prezident Truman m\u011bl mafi\u00e1nsk\u00e9 my\u0161len\u00ed.\u00a0Ve skute\u010dnosti poch\u00e1zel z mafie.\u00a0Byla to [politick\u00e1] ma\u0161in\u00e9rie Pendergast\u016f v Kansas City, Missouri, kde t\u00e9to mafii slou\u017eil Truman jako pr\u00e1vn\u00edk\u2026,\u201c\u00a0<\/span><\/i><span>\u00a0vzpom\u00ednal Vja\u010deslav Nikonov v po\u0159adu Dmitrije Kulikova Pr\u00e1vo v\u011bd\u011bt.<\/span><\/p>\n<p><a href=\"https:\/\/stranapro.cz\/\"><img decoding=\"async\" loading=\"lazy\" class=\"wp-image-30218 aligncenter\" src=\"http:\/\/www.infokuryr.cz\/n\/wp-content\/uploads\/2023\/06\/PRO-banner-300x36.png\" alt=\"\" width=\"1375\" height=\"165\" srcset=\"https:\/\/www.infokuryr.cz\/n\/wp-content\/uploads\/2023\/06\/PRO-banner-300x36.png 300w, https:\/\/www.infokuryr.cz\/n\/wp-content\/uploads\/2023\/06\/PRO-banner-768x93.png 768w, https:\/\/www.infokuryr.cz\/n\/wp-content\/uploads\/2023\/06\/PRO-banner.png 849w\" sizes=\"(max-width: 1375px) 100vw, 1375px\" \/><\/a><\/p>\n<p><span>P\u0159esto\u017ee jsou si form\u00e1ln\u011b v\u0161echny zem\u011b aliance rovny, na Spojen\u00e9 st\u00e1ty p\u0159ipad\u00e1 asi 70 % v\u0161ech n\u00e1klad\u016f vojensk\u00e9ho bloku.\u00a0Podle obl\u00edben\u00e9ho idiomu \u201eten, kdo plat\u00ed, objedn\u00e1v\u00e1 hudbu\u201c, to byly Spojen\u00e9 st\u00e1ty, kdo inicioval v\u0161echny vojensk\u00e9 operace NATO, a byli to ameri\u010dt\u00ed gener\u00e1lov\u00e9, kdo je vedl.\u00a0<\/span><\/p>\n<p><i><span>V roce 2004 vydal \u0161v\u00fdcarsk\u00fd historik a publicista Daniel Ganser knihu s n\u00e1zvem \u201eTajn\u00e9 arm\u00e1dy NATO: Operace Gladio a terorismus v z\u00e1padn\u00ed Evrop\u011b\u201c, kter\u00e1 vypr\u00e1v\u00ed o specializovan\u00fdch tajn\u00fdch jednotk\u00e1ch organizovan\u00fdch po druh\u00e9 sv\u011btov\u00e9 v\u00e1lce: \u201eP\u0159i vstupu do NATO musely<\/span><\/i><span>\u00a0z\u00e1padoevropsk\u00e9 st\u00e1ty\u00a0\u00a0<i>podepsat tajn\u00e9 protokoly, kter\u00e9 zavazovaly jejich vl\u00e1dy, aby \u201ejak\u00fdmikoli prost\u0159edky zaru\u010dily vnit\u0159n\u00ed orientaci na z\u00e1padn\u00ed blok, i kdy\u017e voli\u010di projev\u00ed jin\u00e9 preference\u201c.\u00a0<\/i><i>Uk\u00e1zalo se, \u017ee formulace \u201ejak\u00fdmikoli prost\u0159edky\u201c zahrnuje terorismus a politick\u00e9 vra\u017edy\u201c<\/i>\u00a0(z p\u0159edmluvy ke knize).\u00a0Spojen\u00e9 st\u00e1ty ofici\u00e1ln\u011b tato obvin\u011bn\u00ed p\u0159irozen\u011b pop\u00edraj\u00ed.<\/span><\/p>\n<p><span>M\u00e1me tedy co do \u010din\u011bn\u00ed\u00a0 de facto s <\/span><i><span>&#8222;gangsterskou organizac\u00ed s principy gangu: vstup je mo\u017en\u00fd, &#8230; v\u00fdstup je nemo\u017en\u00fd, \u00fapln\u00e1 discipl\u00edna, podroben\u00ed se jedin\u00e9mu centru.&#8220; <\/span><\/i><span>\u00a0 Tento princip fungoval d\u0159\u00edve, proto\u017ee NATO m\u011blo lep\u0161\u00ed v\u00e1le\u010dn\u00e9 n\u00e1stroje.\u00a0Nyn\u00ed tomu tak nen\u00ed.\u00a0Ve skute\u010dnosti je Rusko v tomto historick\u00e9m okam\u017eiku proti alianci bandit\u016f.\u00a0Jsme j\u00e1drem t\u00e9to konfrontace a nejmocn\u011bj\u0161\u00ed zem\u00ed sv\u011bta.\u00a0V\u011bt\u0161ina lidstva je s n\u00e1mi, ale nepot\u0159ebujeme vytv\u00e1\u0159et protiz\u00e1padn\u00ed alianci, u\u017e m\u00e1me schopnost postavit Z\u00e1pad na jeho m\u00edsto, je si jist\u00fd Vja\u010deslav Nikonov.\u00a0<\/span><\/p>\n<p><span>Z\u00e1pad neust\u00e1le usiluje o to, aby Rusko omezilo sv\u016fj jadern\u00fd arzen\u00e1l.\u00a0<\/span><i><span>\u201eM\u00e1me v\u00edce takov\u00fdch zbran\u00ed ne\u017e zem\u011b NATO.\u00a0V\u011bd\u00ed o tom a celou dobu n\u00e1s p\u0159esv\u011bd\u010duj\u00ed, abychom to omezili \u2013 do prdele, jak \u0159\u00edkaj\u00ed na\u0161i,\u201c<\/span><\/i><span>\u00a0\u2013 \u0159ekl Vladimir Putin na SPIEF-2023.\u00a0\u201eKmotr\u201c NATO se v\u0161ak nevzdal nad\u011bje na oslaben\u00ed Ruska alespo\u0148 v zastoupen\u00ed ob\u011btov\u00e1n\u00edm Ukrajiny, kter\u00e1 usiluje o vstup do \u201e\u0161estky\u201c.\u00a0A pokud Ukrajina naivn\u011b v\u011b\u0159\u00ed, \u017ee vstupem do aliance z\u00edsk\u00e1 \u201eobr\u00e1nce\u201c v osob\u011b NATO, pak The Economist, analyzuj\u00edc\u00ed tyto vyhl\u00eddky, v\u011b\u0159\u00ed, \u017ee Ukrajinu lze donutit uzav\u0159\u00edt dohodu \u2013 \u010dlenstv\u00ed NATO v\u00fdm\u011bnou za opu\u0161t\u011bn\u00ed \u00fazem\u00ed, kter\u00e1 postoup\u00ed Rusku a ukon\u010den\u00ed vojensk\u00fdch akc\u00ed. To je samoz\u0159ejm\u011b pro \u201ehrd\u00e9 Ukrajince\u201c velk\u00fd kompromis vzhledem k jejich medializovan\u00e9 ne\u00fastupnosti v t\u00e9to ot\u00e1zce.\u00a0To je ale pro Rusko absolutn\u011b nep\u0159ijateln\u00e1 varianta.\u00a0NATO je ve sv\u00e9 podstat\u011b protirusk\u00fd projekt, jak bylo uvedeno v\u00fd\u0161e, a Rusko ho nebude tolerovat v r\u00e1mci sv\u00e9 strategick\u00e9 str\u00e1nky.\u00a0Ukrajina se dostala do slep\u00e9 uli\u010dky a bylo by dobr\u00e9, aby NATO re\u00e1ln\u011b zhodnotilo situaci.<\/span><\/p>\n<p><strong>Marie R\u016f\u017eanov\u00e1<\/strong><\/p>\n<p>&nbsp;<\/p>\n<p><a href=\"https:\/\/stranapro.cz\/\"><img decoding=\"async\" loading=\"lazy\" class=\"wp-image-30218 aligncenter\" src=\"http:\/\/www.infokuryr.cz\/n\/wp-content\/uploads\/2023\/06\/PRO-banner-300x36.png\" alt=\"\" width=\"1375\" height=\"165\" srcset=\"https:\/\/www.infokuryr.cz\/n\/wp-content\/uploads\/2023\/06\/PRO-banner-300x36.png 300w, https:\/\/www.infokuryr.cz\/n\/wp-content\/uploads\/2023\/06\/PRO-banner-768x93.png 768w, https:\/\/www.infokuryr.cz\/n\/wp-content\/uploads\/2023\/06\/PRO-banner.png 849w\" sizes=\"(max-width: 1375px) 100vw, 1375px\" \/><\/a><\/p>\n<p>&nbsp;<\/p>\n<p>&nbsp;<\/p>\n<p>&nbsp;<\/p>\n","protected":false},"excerpt":{"rendered":"<p>Jedin\u00fdm c\u00edlem je zni\u010den\u00ed Ruska P\u0159ed 74 lety se zrodila aliance, kter\u00e1 se nestala ni\u010d\u00edm&#8230;<\/p>\n","protected":false},"author":2,"featured_media":30910,"comment_status":"closed","ping_status":"closed","sticky":false,"template":"","format":"standard","meta":[],"categories":[7],"tags":[5317,39,1505,22,40,2782],"_links":{"self":[{"href":"https:\/\/www.infokuryr.cz\/n\/wp-json\/wp\/v2\/posts\/30909"}],"collection":[{"href":"https:\/\/www.infokuryr.cz\/n\/wp-json\/wp\/v2\/posts"}],"about":[{"href":"https:\/\/www.infokuryr.cz\/n\/wp-json\/wp\/v2\/types\/post"}],"author":[{"embeddable":true,"href":"https:\/\/www.infokuryr.cz\/n\/wp-json\/wp\/v2\/users\/2"}],"replies":[{"embeddable":true,"href":"https:\/\/www.infokuryr.cz\/n\/wp-json\/wp\/v2\/comments?post=30909"}],"version-history":[{"count":1,"href":"https:\/\/www.infokuryr.cz\/n\/wp-json\/wp\/v2\/posts\/30909\/revisions"}],"predecessor-version":[{"id":30911,"href":"https:\/\/www.infokuryr.cz\/n\/wp-json\/wp\/v2\/posts\/30909\/revisions\/30911"}],"wp:featuredmedia":[{"embeddable":true,"href":"https:\/\/www.infokuryr.cz\/n\/wp-json\/wp\/v2\/media\/30910"}],"wp:attachment":[{"href":"https:\/\/www.infokuryr.cz\/n\/wp-json\/wp\/v2\/media?parent=30909"}],"wp:term":[{"taxonomy":"category","embeddable":true,"href":"https:\/\/www.infokuryr.cz\/n\/wp-json\/wp\/v2\/categories?post=30909"},{"taxonomy":"post_tag","embeddable":true,"href":"https:\/\/www.infokuryr.cz\/n\/wp-json\/wp\/v2\/tags?post=30909"}],"curies":[{"name":"wp","href":"https:\/\/api.w.org\/{rel}","templated":true}]}}