{"id":30886,"date":"2023-06-26T01:02:39","date_gmt":"2023-06-25T23:02:39","guid":{"rendered":"http:\/\/www.infokuryr.cz\/n\/?p=30886"},"modified":"2023-06-25T18:52:23","modified_gmt":"2023-06-25T16:52:23","slug":"kadyrovova-armada-a-wagnerovi-zoldaci-se-vraceji-na-ukrajinskou-frontu","status":"publish","type":"post","link":"https:\/\/www.infokuryr.cz\/n\/2023\/06\/26\/kadyrovova-armada-a-wagnerovi-zoldaci-se-vraceji-na-ukrajinskou-frontu\/","title":{"rendered":"\u201eKadyrovova arm\u00e1da\u201c a Wagnerovi \u017eold\u00e1ci se vracej\u00ed na ukrajinskou frontu"},"content":{"rendered":"<div id=\"fb-root\"><\/div>\n<p><strong>Voj\u00e1ci \u010de\u010densk\u00e9 speci\u00e1ln\u00ed jednotky Achmat, kte\u0159\u00ed byli v\u010dera vysl\u00e1ni k potla\u010den\u00ed \u201eWagnerovy vzpoury\u201c v Rostov\u011b na Donu, se nyn\u00ed vracej\u00ed do v\u00e1le\u010dn\u00e9 z\u00f3ny.<\/strong><\/p>\n<p><span>Bojovn\u00edci p\u0159\u00edsn\u011b plnili rozkazy a nedovolili krveprolit\u00ed, zd\u016fraznil \u0161\u00e9f rusk\u00e9 republiky \u010ce\u010densko Ramzan Kadyrov.<\/span><\/p>\n<p><span style=\"font-size: 18pt;\"><strong>Kadyrovovi &#8222;v\u011brn\u00ed mu\u017ei&#8220;<\/strong><\/span><\/p>\n<p><span>\u010ce\u010densk\u00e1 speci\u00e1ln\u00ed jednotka Ahmat se vrac\u00ed do v\u00e1le\u010dn\u00e9 z\u00f3ny z Rostova, kde byla nasazena, aby potla\u010dila \u201eWagnerovu vzpouru\u201c a poskytla \u201ebezpodm\u00edne\u010dnou\u201c podporu prezidentu Putinovi.<\/span><\/p>\n<p><span>Ozn\u00e1mil to velitel speci\u00e1ln\u00edch sil Apty Alaudinov, jak je patrn\u00e9\u00a0<\/span><a href=\"https:\/\/t.me\/groznytv\/17325\"><span>z videa<\/span><\/a><span>\u00a0\u010de\u010densk\u00e9ho st\u00e1tn\u00edho zpravodajsk\u00e9ho kan\u00e1lu\u00a0<\/span><em><span>CHGTRK Groznyj<\/span><\/em><span>\u00a0.<\/span><\/p>\n<p><span>Alaudinov doslova \u0159ekl: &#8222;Nyn\u00ed m\u00e1me rozkaz vr\u00e1tit se na na\u0161e bojov\u00e9 linie, kde na n\u00e1s \u010dek\u00e1 nep\u0159\u00edtel.&#8220;<\/span><\/p>\n<p><span>Hlava Rusk\u00e9 \u010ce\u010densk\u00e9 republiky Ramzan Kadyrov na sv\u00e9m\u00a0<\/span><a href=\"https:\/\/t.me\/RKadyrov_95\/3720\"><span>telegramov\u00e9m kan\u00e1lu<\/span><\/a><span>\u00a0pod\u011bkoval a pochv\u00e1lil \u010de\u010densk\u00e9 bojovn\u00edky vyslan\u00e9 do Rostova na Donu 24. \u010dervna .\u00a0Jejich jedn\u00e1n\u00ed ozna\u010dil za \u201emimo\u0159\u00e1dn\u011b efektivn\u00ed a dob\u0159e promy\u0161len\u00e9\u201c.<\/span><\/p>\n<p><span>Kadyrov\u00a0<\/span><em><span>napsal<\/span><\/em><span>\u00a0: &#8222;Na\u0161i chlapci uk\u00e1zali svou vysokou bojovou s\u00edlu a p\u0159ipravenost br\u00e1nit vlast za ka\u017edou cenu na prvn\u00ed p\u0159\u00edkaz.&#8220;<\/span><\/p>\n<p><span style=\"font-size: 18pt;\"><strong>Mezit\u00edm pozice dr\u017eely rusk\u00e9 rezervy<\/strong><\/span><\/p>\n<p><span>St\u00edha\u010di rychle dorazili na m\u00edsto a \u010dekali na dal\u0161\u00ed rozkazy.\u00a0Jak\u00e9koli vlastn\u00ed rozhodnut\u00ed mohlo v\u00e9st k masakru.<\/span><\/p>\n<p><span>St\u00edha\u010di jednali p\u0159\u00edsn\u011b podle rozkaz\u016f a svou pr\u00e1ci zvl\u00e1dli na v\u00fdbornou, napsal Kadyrov.\u00a0Dodal, \u017ee jejich pozice na front\u011b mezit\u00edm tak\u00e9 \u00fasp\u011b\u0161n\u011b dr\u017eely rusk\u00e9 z\u00e1lohy.<\/span><\/p>\n<p><span>R\u00e1no 24. \u010dervna byli u m\u011bsta Rostov na Donu do\u010dasn\u011b p\u0159em\u00edst\u011bni bojovn\u00edci speci\u00e1ln\u00edch sil Achmad a 78. motorizovan\u00e9ho pluku zvl\u00e1\u0161tn\u00edch sil Severn\u00ed Ahmat bojuj\u00edc\u00ed v \u00faseku fronty Marjinka k protiteroristick\u00fdm operac\u00edm proti vzbou\u0159en\u00e9 Wagnerovy bojovn\u00edky p\u0159edv\u00e9st.<\/span><\/p>\n<p><span>To v\u0161e by se dalo ukon\u010dit bez krveprolit\u00ed.<\/span><\/p>\n<p><span style=\"font-size: 18pt;\"><strong>Ministr obrany \u0160ojgu je \u00fadajn\u011b ve vazb\u011b FSB<\/strong><\/span><\/p>\n<p><span>Podle nepotvrzen\u00fdch zpr\u00e1v z moskevsk\u00fdch zdroj\u016f byl rusk\u00fd ministr obrany \u0160ojgu odvol\u00e1n z funkce r\u00e1no 24. \u010dervna.<\/span><\/p>\n<p><span>\u201e\u0160ojgu u\u017e je v izolaci a sleduje ho osobn\u00ed str\u00e1\u017e d\u016fstojn\u00edk\u016f FSB.\u00a0To bylo v\u010dera na m\u00edst\u011b pos\u00edleno.<\/span><\/p>\n<p><span>Zaj\u00edmav\u00e9 je, \u017ee ve \u010dtvrtek 22. \u010dervna za\u010dala FSB a vy\u0161et\u0159ovac\u00ed v\u00fdbor z\u0159\u00edzen\u00fd Ruskou federac\u00ed prov\u011b\u0159ovat trestn\u00ed spisy o zpronev\u011b\u0159e na ministerstvu obrany.<\/span><\/p>\n<p><span>Mohlo by se tak zd\u00e1t, \u017ee prezident Putin \u00fazce spolupracoval s \u201erusk\u00fdm patriotem p\u0159ehl\u00eddky\u201c Prigo\u017einem p\u0159i odhalov\u00e1n\u00ed \u201emachinac\u00ed\u201c ministerstva obrany a tak\u00e9 jeho nar\u016fstaj\u00edc\u00edho \u201epohybu\u201c v bojov\u00fdch operac\u00edch.<\/span><\/p>\n<p><span>Jednu z v\u016fd\u010d\u00edch rol\u00ed v t\u00e9to \u201evynikaj\u00edc\u00ed rusk\u00e9 produkci\u201c mohl dostat i b\u011blorusk\u00fd prezident Luka\u0161enko jako v\u011brn\u00fd vazal prezidenta Putina.<\/span><\/p>\n<p><strong>V Rusku se zd\u00e1, \u017ee v\u0161e jde podle pl\u00e1nu, k velk\u00e9mu zklam\u00e1n\u00ed Z\u00e1padu.<\/strong><\/p>\n<p><img decoding=\"async\" loading=\"lazy\" class=\"alignnone size-full wp-image-1185\" src=\"http:\/\/www.infokuryr.cz\/n\/wp-content\/uploads\/2021\/04\/kuryr-podpis.png\" alt=\"\" width=\"84\" height=\"24\" \/><\/p>\n<p>&nbsp;<\/p>\n<p><a href=\"https:\/\/stranapro.cz\/\"><img decoding=\"async\" loading=\"lazy\" class=\"wp-image-30218 aligncenter\" src=\"http:\/\/www.infokuryr.cz\/n\/wp-content\/uploads\/2023\/06\/PRO-banner-300x36.png\" alt=\"\" width=\"1358\" height=\"163\" srcset=\"https:\/\/www.infokuryr.cz\/n\/wp-content\/uploads\/2023\/06\/PRO-banner-300x36.png 300w, https:\/\/www.infokuryr.cz\/n\/wp-content\/uploads\/2023\/06\/PRO-banner-768x93.png 768w, https:\/\/www.infokuryr.cz\/n\/wp-content\/uploads\/2023\/06\/PRO-banner.png 849w\" sizes=\"(max-width: 1358px) 100vw, 1358px\" \/><\/a><\/p>\n<p>&nbsp;<\/p>\n<p>&nbsp;<\/p>\n<p>&nbsp;<\/p>\n","protected":false},"excerpt":{"rendered":"<p>Voj\u00e1ci \u010de\u010densk\u00e9 speci\u00e1ln\u00ed jednotky Achmat, kte\u0159\u00ed byli v\u010dera vysl\u00e1ni k potla\u010den\u00ed \u201eWagnerovy vzpoury\u201c v Rostov\u011b&#8230;<\/p>\n","protected":false},"author":2,"featured_media":30887,"comment_status":"closed","ping_status":"closed","sticky":false,"template":"","format":"standard","meta":[],"categories":[7],"tags":[1948,29,22,5312],"_links":{"self":[{"href":"https:\/\/www.infokuryr.cz\/n\/wp-json\/wp\/v2\/posts\/30886"}],"collection":[{"href":"https:\/\/www.infokuryr.cz\/n\/wp-json\/wp\/v2\/posts"}],"about":[{"href":"https:\/\/www.infokuryr.cz\/n\/wp-json\/wp\/v2\/types\/post"}],"author":[{"embeddable":true,"href":"https:\/\/www.infokuryr.cz\/n\/wp-json\/wp\/v2\/users\/2"}],"replies":[{"embeddable":true,"href":"https:\/\/www.infokuryr.cz\/n\/wp-json\/wp\/v2\/comments?post=30886"}],"version-history":[{"count":0,"href":"https:\/\/www.infokuryr.cz\/n\/wp-json\/wp\/v2\/posts\/30886\/revisions"}],"wp:featuredmedia":[{"embeddable":true,"href":"https:\/\/www.infokuryr.cz\/n\/wp-json\/wp\/v2\/media\/30887"}],"wp:attachment":[{"href":"https:\/\/www.infokuryr.cz\/n\/wp-json\/wp\/v2\/media?parent=30886"}],"wp:term":[{"taxonomy":"category","embeddable":true,"href":"https:\/\/www.infokuryr.cz\/n\/wp-json\/wp\/v2\/categories?post=30886"},{"taxonomy":"post_tag","embeddable":true,"href":"https:\/\/www.infokuryr.cz\/n\/wp-json\/wp\/v2\/tags?post=30886"}],"curies":[{"name":"wp","href":"https:\/\/api.w.org\/{rel}","templated":true}]}}