{"id":30858,"date":"2023-06-25T01:16:15","date_gmt":"2023-06-24T23:16:15","guid":{"rendered":"http:\/\/www.infokuryr.cz\/n\/?p=30858"},"modified":"2023-06-24T19:49:58","modified_gmt":"2023-06-24T17:49:58","slug":"zahranicni-zpravodajska-sluzba-pokus-o-rozpoutani-obcanske-valky-v-rusku-selhal","status":"publish","type":"post","link":"https:\/\/www.infokuryr.cz\/n\/2023\/06\/25\/zahranicni-zpravodajska-sluzba-pokus-o-rozpoutani-obcanske-valky-v-rusku-selhal\/","title":{"rendered":"Zahrani\u010dn\u00ed zpravodajsk\u00e1 slu\u017eba: Pokus o rozpout\u00e1n\u00ed ob\u010dansk\u00e9 v\u00e1lky v Rusku selhal"},"content":{"rendered":"<div id=\"fb-root\"><\/div>\n<p class=\"lead\"><strong>Pokus rozkol\u00edsat spole\u010dnost, probudit v n\u00ed ty nejtemn\u011bj\u0161\u00ed touhy, za\u017eehnout ohe\u0148 bratrovra\u017eedn\u00e9 ob\u010dansk\u00e9 v\u00e1lky se nezda\u0159il.\u00a0Uvedl to \u0159editel zahrani\u010dn\u00ed zpravodajsk\u00e9 slu\u017eby Sergej Nary\u0161kin.<\/strong><\/p>\n<p><span>Jeho vyj\u00e1d\u0159en\u00ed zve\u0159ej\u0148ujeme bez \u0161krt\u016f.<\/span><\/p>\n<p><span>\u201ePokus o ozbrojenou vzpouru, zradu, sp\u00e1chanou za z\u00e1dy bojuj\u00edc\u00ed arm\u00e1dy, je nejstra\u0161n\u011bj\u0161\u00edm zlo\u010dinem, kter\u00fd nelze ospravedlnit \u017e\u00e1dnou minulou z\u00e1sluhou.\u00a0Na\u0161i nep\u0159\u00e1tel\u00e9 nikdy nedok\u00e1zali porazit Rusko silou zbran\u00ed, a tak vsadili na rozd\u011blen\u00ed na\u0161\u00ed zem\u011b zevnit\u0159.<\/span><\/p>\n<p><span>Zku\u0161enost z tragick\u00fdch ud\u00e1lost\u00ed roku 1917 ukazuje, \u017ee p\u0159emr\u0161t\u011bn\u00e9 osobn\u00ed ambice a politick\u00e1 slepota, bezskrupul\u00f3znost a sobeck\u00e1 touha vy\u0159\u00eddit si \u00fa\u010dty m\u00edsto obrany vlasti jako jednotn\u00e9 fronty m\u011bly v\u017edy nenapraviteln\u00e9, hrozn\u00e9 n\u00e1sledky.<\/span><\/p>\n<p><span>V tuto chv\u00edli je jasn\u00e9, \u017ee pokus rozkol\u00edsat spole\u010dnost, probudit v n\u00ed nejtemn\u011bj\u0161\u00ed touhy, za\u017eehnout ohe\u0148 bratrovra\u017eedn\u00e9 ob\u010dansk\u00e9 v\u00e1lky selhal.\u00a0Rusov\u00e9 prok\u00e1zali ob\u010danskou vysp\u011blost, schopnost rozli\u0161it pravdu od l\u017ei,\u201c \u0159ekl Nary\u0161kin.<\/span><\/p>\n<p><span>Jak uvedl\u00a0<\/span><strong><span>EADaily<\/span><\/strong><span>\u00a0, zakladatel Wagner PMC\u00a0<\/span><a href=\"https:\/\/eadaily.com\/ru\/news\/2023\/06\/24\/prigozhin-otkazalsya-sdatsya-i-slozhit-oruzhie\" target=\"_blank\" rel=\"noopener\"><span>se odm\u00edtl vzd\u00e1t<\/span><\/a><span>\u00a0a slo\u017eit zbran\u011b.\u00a0Ozn\u00e1mil to dnes s\u00e1m\u00a0<\/span><strong><span>Jevgenij Prigo\u017ein<\/span><\/strong><span>\u00a0.<\/span><\/p>\n<p><em>\u201eBojovali jsme a bojujeme.\u00a0V\u0161echny PMC &#8222;Wagner&#8220;.\u00a0A nikdo se nehodl\u00e1 udat na \u017e\u00e1dost prezidenta, FSB nebo kohokoli jin\u00e9ho, \u200b\u200bproto\u017ee nechceme, aby zem\u011b \u017eila v korupci, podvodu a byrokracii,\u201c<span class=\"after-quote\">\u00a0\u0159ekl \u0161\u00e9f spole\u010dnosti.<\/span><\/em><\/p>\n<p><span>Prezident Rusk\u00e9 federace\u00a0<\/span><strong><span>Vladimir Putin<\/span><\/strong><span>\u00a0promluvil k Rus\u016fm v souvislosti s ud\u00e1lostmi prob\u00edhaj\u00edc\u00edmi v zemi.<\/span><\/p>\n<p><span>Putin ozna\u010dil vzpouru veden\u00ed PMC \u201eWagner\u201c\u00a0<\/span><span>za r\u00e1nu do zad<\/span><span>\u00a0na\u0161\u00ed zemi a na\u0161emu lidu.<\/span><\/p>\n<p><img decoding=\"async\" loading=\"lazy\" class=\"alignnone size-full wp-image-1185\" src=\"http:\/\/www.infokuryr.cz\/n\/wp-content\/uploads\/2021\/04\/kuryr-podpis.png\" alt=\"\" width=\"84\" height=\"24\" \/><\/p>\n<p>&nbsp;<\/p>\n<p><a href=\"https:\/\/stranapro.cz\/\"><img decoding=\"async\" loading=\"lazy\" class=\"wp-image-30218 aligncenter\" src=\"http:\/\/www.infokuryr.cz\/n\/wp-content\/uploads\/2023\/06\/PRO-banner-300x36.png\" alt=\"\" width=\"1375\" height=\"165\" srcset=\"https:\/\/www.infokuryr.cz\/n\/wp-content\/uploads\/2023\/06\/PRO-banner-300x36.png 300w, https:\/\/www.infokuryr.cz\/n\/wp-content\/uploads\/2023\/06\/PRO-banner-768x93.png 768w, https:\/\/www.infokuryr.cz\/n\/wp-content\/uploads\/2023\/06\/PRO-banner.png 849w\" sizes=\"(max-width: 1375px) 100vw, 1375px\" \/><\/a><\/p>\n<p>&nbsp;<\/p>\n<p>&nbsp;<\/p>\n<p>&nbsp;<\/p>\n","protected":false},"excerpt":{"rendered":"<p>Pokus rozkol\u00edsat spole\u010dnost, probudit v n\u00ed ty nejtemn\u011bj\u0161\u00ed touhy, za\u017eehnout ohe\u0148 bratrovra\u017eedn\u00e9 ob\u010dansk\u00e9 v\u00e1lky se&#8230;<\/p>\n","protected":false},"author":2,"featured_media":19041,"comment_status":"closed","ping_status":"closed","sticky":false,"template":"","format":"standard","meta":[],"categories":[7],"tags":[371,5311,22],"_links":{"self":[{"href":"https:\/\/www.infokuryr.cz\/n\/wp-json\/wp\/v2\/posts\/30858"}],"collection":[{"href":"https:\/\/www.infokuryr.cz\/n\/wp-json\/wp\/v2\/posts"}],"about":[{"href":"https:\/\/www.infokuryr.cz\/n\/wp-json\/wp\/v2\/types\/post"}],"author":[{"embeddable":true,"href":"https:\/\/www.infokuryr.cz\/n\/wp-json\/wp\/v2\/users\/2"}],"replies":[{"embeddable":true,"href":"https:\/\/www.infokuryr.cz\/n\/wp-json\/wp\/v2\/comments?post=30858"}],"version-history":[{"count":1,"href":"https:\/\/www.infokuryr.cz\/n\/wp-json\/wp\/v2\/posts\/30858\/revisions"}],"predecessor-version":[{"id":30859,"href":"https:\/\/www.infokuryr.cz\/n\/wp-json\/wp\/v2\/posts\/30858\/revisions\/30859"}],"wp:featuredmedia":[{"embeddable":true,"href":"https:\/\/www.infokuryr.cz\/n\/wp-json\/wp\/v2\/media\/19041"}],"wp:attachment":[{"href":"https:\/\/www.infokuryr.cz\/n\/wp-json\/wp\/v2\/media?parent=30858"}],"wp:term":[{"taxonomy":"category","embeddable":true,"href":"https:\/\/www.infokuryr.cz\/n\/wp-json\/wp\/v2\/categories?post=30858"},{"taxonomy":"post_tag","embeddable":true,"href":"https:\/\/www.infokuryr.cz\/n\/wp-json\/wp\/v2\/tags?post=30858"}],"curies":[{"name":"wp","href":"https:\/\/api.w.org\/{rel}","templated":true}]}}