{"id":30771,"date":"2023-06-24T01:05:53","date_gmt":"2023-06-23T23:05:53","guid":{"rendered":"http:\/\/www.infokuryr.cz\/n\/?p=30771"},"modified":"2023-06-23T18:29:53","modified_gmt":"2023-06-23T16:29:53","slug":"politicke-procesy-pod-gesci-jourove-a-fialy-nad-kterymi-vaclav-havel-i-jan-ruml-blednou-zavisti-meli-pani-ucitelku-povesit","status":"publish","type":"post","link":"https:\/\/www.infokuryr.cz\/n\/2023\/06\/24\/politicke-procesy-pod-gesci-jourove-a-fialy-nad-kterymi-vaclav-havel-i-jan-ruml-blednou-zavisti-meli-pani-ucitelku-povesit\/","title":{"rendered":"Politick\u00e9 procesy pod gesc\u00ed Jourov\u00e9 a Fialy, nad kter\u00fdmi V\u00e1clav Havel i Jan Ruml blednou z\u00e1vist\u00ed: m\u011bli pan\u00ed u\u010ditelku pov\u011bsit?"},"content":{"rendered":"<div id=\"fb-root\"><\/div>\n<div class=\"introtext\">\n<p><span style=\"font-size: 14pt;\"><strong>Mnoz\u00ed jsou v \u0161oku, kam a\u017e probruselsk\u00fd st\u00e1tn\u00ed z\u00e1stupce &#8211; b\u00fdval\u00fd student z pov\u011bstn\u00e9 \u0161koly pr\u00e1vn\u00edch rychlokurz\u016f se sna\u017e\u00ed zaj\u00edt. A pani u\u010ditelka se m\u011bla st\u00e1t dal\u0161\u00ed ob\u011bt\u00ed! A zat\u00edm stala.<\/strong><\/span><\/p>\n<\/div>\n<div class=\"fulltext\">\n<p><span style=\"font-size: 18pt;\"><strong>Mnoz\u00ed advok\u00e1ti u\u017e zu\u0159\u00ed a otev\u0159en\u011b tento bol\u0161evick\u00fd aktivismus odsuzuj\u00ed.<\/strong><\/span><\/p>\n<table>\n<tbody>\n<tr>\n<td>Radka Such\u00e9ho d\u011bs\u00ed, \u017ee se v\u016fbec takov\u00e1 v\u011bc m\u016f\u017ee dostat p\u0159ed soud. \u201e<strong>St\u00e1tn\u00ed z\u00e1stupci by m\u011bli n\u00e9st odpov\u011bdnost za to, s jak\u00fdmi kauzami maj\u00ed tu drzost v\u016fbec p\u0159ed soud p\u0159ij\u00edt.<\/strong>\u00a0A to, jak hovo\u0159il ve sv\u00e9 z\u00e1v\u011bre\u010dn\u00e9 \u0159e\u010di st\u00e1tn\u00ed z\u00e1stupce, mne jen utvrzuje v pochybnostech o sou\u010dasn\u00e9 roli st\u00e1tn\u00edch \u017ealobc\u016f. Stejn\u011b, jako mi rozum nebral argumenty doktorky Kandov\u00e9 v trestn\u00ed v\u011bci ji\u017e zmi\u0148ovan\u00e9ho pana Vrabela, kter\u00e9ho obhajuji, nejsem schopen ani vst\u0159ebat n\u011bkter\u00e9 v\u00fdroky st\u00e1tn\u00edho z\u00e1stupce Richarda Petr\u00e1ska. Kdo mu dal mand\u00e1t argumentovat n\u011bjak\u00fdmi dezinforma\u010dn\u00edmi weby? No kde to jsme?\u00a0<strong>Cht\u011bl za ka\u017edou cenu pan\u00ed u\u010ditelku prost\u011b u\u0161tvat.<\/strong>\u00a0Takov\u00e9to kauzy prost\u011b v\u016fbec nepat\u0159\u00ed p\u0159ed trestn\u00ed soud. Je to ostuda \u010desk\u00e9 justice a obzvl\u00e1\u0161t\u011b \u010desk\u00e9 prokuratury.<\/td>\n<\/tr>\n<\/tbody>\n<\/table>\n<p>B\u00fdvalou u\u010ditelku Martinu Bedn\u00e1\u0159ovou zprostil Obvodn\u00ed soud pro Prahu 6 obvin\u011bn\u00ed, \u017ee se loni v dubnu na Z\u00e1kladn\u00ed \u0161kole Na Dlouh\u00e9m l\u00e1nu p\u0159i v\u00fduce \u017e\u00e1k\u016f 8. t\u0159\u00eddy sna\u017eila ospravedlnit v\u00e1le\u010dn\u00e9 zlo\u010diny Rus\u016f na Ukrajin\u011b s odkazem na rok 2014 a up\u00e1len\u00ed rusk\u00fdch Ukrajinc\u016f v Dom\u011b odbor\u016f. Pedago\u017eka p\u0159i koment\u00e1\u0159i k z\u00e1b\u011br\u016fm ho\u0159\u00edc\u00edho Kyjeva m\u011bla s odkazem na zaujatost m\u00e9di\u00ed tvrdit, \u017ee se tam v podstat\u011b nic ned\u011bje. <strong>Jeden z \u017e\u00e1k\u016f jej\u00ed v\u00fdstup nahr\u00e1l na mobil<\/strong>.<\/p>\n<p>No, v \u010dem pan\u00ed u\u010ditelka lhala, kdy\u017e na\u0161e bruselsk\u00e9 v\u016fdkyn\u011b v Kyjev\u011b tan\u010d\u00ed v rytmu samby a ml\u00e1t\u00ed se sm\u00edchy na cel\u00e9 kolo s k\u00e1mo\u0161em Zelenskym? Chcete d\u016fkaz?<\/p>\n<p><img decoding=\"async\" class=\"aligncenter\" src=\"https:\/\/www.skrytapravda.cz\/images\/blogy\/805\/2023\/6cerven\/vesele_de957.webp\" alt=\"vesele de957\" \/><\/p>\n<p>Ale faktem je, \u017ee pokud by se m\u011bli lid\u00e9 trestat za sv\u00e9 politick\u00e9 n\u00e1zory, tak to pardon. J\u00e1 jsem maturoval v roce 1970 a vzpom\u00edn\u00e1m si, \u017ee tehdy na\u0161e u\u010ditelka d\u011bjepisu \u0159ekla odv\u00e1\u017en\u011b, \u017ee podle Molotova bylo Polsko zplozencem Var\u0161avsk\u00e9 smlouvy, kdy\u017e podepisoval pakt Molotov-Ribbentrop. A vid\u00edte, ta u\u010ditelka st\u00edh\u00e1na nebyla, i kdy\u017e to byl re\u017eim, kter\u00fd by toto postihoval,\u201c vzpom\u00edn\u00e1 Jaroslav Ortman.<\/p>\n<p><strong>Jenom\u017ee zde se nask\u00fdt\u00e1 je\u0161t\u011b jin\u00e1 ot\u00e1zka:<\/strong>\u00a0kdo jsou pr\u00e1ska\u010di d\u011bti z on\u00e9 t\u0159\u00eddy a kdo jsou jejich tat\u00ednkov\u00e9? Jsou to dal\u0161\u00ed Pavl\u00edkov\u00e9 Morozovov\u00e9? Co m\u00e1 spole\u010dn\u00e9ho s t\u00edmto zastra\u0161en\u00edm Daniel Kroupa a rodina Kol\u00e1\u0159\u016f? Objasn\u00ed se to?<\/p>\n<h2>Inform\u00e1tor 001 Pavl\u00edk Morozov<\/h2>\n<p>Dle v\u011bt\u0161iny pramen\u016f tento mlad\u00fd udava\u010d zlikvidoval sv\u00e9ho otce jako Zden\u011bk Sv\u011br\u00e1k &#8211; hrd\u00fd mlad\u00fd komunista. Antichartista. Podle pod\u00e1n\u00ed sov\u011btsk\u00e9 propagandy Pavl\u00edk Morozov udal sv\u00e9ho otce \u00fa\u0159ad\u016fm jako kulaka. Jeho otec byl pak posl\u00e1n do Gulagu a Pavl\u00edk Morozov byl brut\u00e1ln\u011b zavra\u017ed\u011bn vesni\u010dany.<\/p>\n<p><img decoding=\"async\" class=\"aligncenter\" src=\"https:\/\/www.skrytapravda.cz\/images\/blogy\/805\/2023\/6cerven\/pavlik_morozov_d1fc6.webp\" alt=\"pavlik morozov d1fc6\" \/><\/p>\n<p>Budeme zn\u00e1t jejich jm\u00e9na, a\u017e tato zv\u011brstva skon\u010d\u00ed, budeme zn\u00e1t autentick\u00e9 rodi\u010de, jejich\u017e d\u011bti cht\u011bli poslat pan\u00ed u\u010ditelku na pomyslnou popravu jako Miladu Hor\u00e1kovou, kter\u00e1 dostala trest smrti na Pankr\u00e1ci?<\/p>\n<p><strong>A kdo je ten st\u00e1tn\u00ed z\u00e1stupce,<\/strong>\u00a0jeho\u017e nen\u00e1vist sah\u00e1 a\u017e do obdob\u00ed Pavl\u00edka Morozovova, i kdy\u017e v opa\u010dn\u00e9m, ne\u017e komunistick\u00e9m gardu?<\/p>\n<p><img decoding=\"async\" loading=\"lazy\" class=\"aligncenter\" src=\"https:\/\/www.skrytapravda.cz\/images\/blogy\/805\/2023\/6cerven\/statni_zastupce_01f2e.webp\" alt=\"statni zastupce 01f2e\" width=\"1114\" height=\"471\" \/><\/p>\n<p>Jan Ruml plakal, \u017ee musel pracovat jako disident v koteln\u011b. (Na pr\u00e1vn\u00edka vystudoval z\u00e1hadn\u011b a\u017e n\u011bkdy jako p\u016fl ministr tak\u00e9 v Plzni. Tak\u017ee byl bez vzd\u011bl\u00e1n\u00ed, ale hrdina, pracoval v koteln\u011b.<\/p>\n<p>Tato pan\u00ed u\u010ditelka m\u00e1 vysoko\u0161kolsk\u00e9 vzd\u011bl\u00e1n\u00ed a za to, \u017ee odm\u00edt\u00e1 poslouchat propagandu, nem\u016f\u017ee sehnat zam\u011bstn\u00e1n\u00ed nikde. Za Rumla to byla komunistick\u00e1 totalita, dnes je kapitalistick\u00e1 svoboda a demokracie.<\/p>\n<p>Teda, n\u011bkte\u0159\u00ed to st\u00e1le tvrd\u00ed.<\/p>\n<p><span style=\"font-size: 18pt;\"><strong>Jak dlouho bude tato JEJICH svoboda trvat a La Justicia plakat, z\u00e1le\u017e\u00ed pouze na n\u00e1s. Uvid\u00edme.<\/strong><\/span><\/p>\n<p><span style=\"font-size: 18pt;\"><strong>P.S.<\/strong><\/span>V\u00edt\u011bzstv\u00ed pan\u00ed u\u010ditelky je zat\u00edm malilinkat\u00e9. Aktivistick\u00fd st\u00e1tn\u00ed z\u00e1stupce si d\u011bl\u00e1 z\u00e1sluhy: podal odvol\u00e1n\u00ed.<\/p>\n<p><a href=\"https:\/\/www.skrytapravda.cz\/z-domova\/1292-politicke-procesy-nad-kterymi-vaclav-havel-i-jan-ruml-blednou-zavisti-meli-pani-ucitelku-povesit\">Petr Pokorn\u00fd<\/a><\/p>\n<\/div>\n<p>&nbsp;<\/p>\n<p><a href=\"https:\/\/stranapro.cz\/\"><img decoding=\"async\" loading=\"lazy\" class=\"wp-image-30218 aligncenter\" src=\"http:\/\/www.infokuryr.cz\/n\/wp-content\/uploads\/2023\/06\/PRO-banner-300x36.png\" alt=\"\" width=\"1367\" height=\"164\" srcset=\"https:\/\/www.infokuryr.cz\/n\/wp-content\/uploads\/2023\/06\/PRO-banner-300x36.png 300w, https:\/\/www.infokuryr.cz\/n\/wp-content\/uploads\/2023\/06\/PRO-banner-768x93.png 768w, https:\/\/www.infokuryr.cz\/n\/wp-content\/uploads\/2023\/06\/PRO-banner.png 849w\" sizes=\"(max-width: 1367px) 100vw, 1367px\" \/><\/a><\/p>\n<p>&nbsp;<\/p>\n<p>&nbsp;<\/p>\n<p>&nbsp;<\/p>\n","protected":false},"excerpt":{"rendered":"<p>Mnoz\u00ed jsou v \u0161oku, kam a\u017e probruselsk\u00fd st\u00e1tn\u00ed z\u00e1stupce &#8211; b\u00fdval\u00fd student z pov\u011bstn\u00e9 \u0161koly&#8230;<\/p>\n","protected":false},"author":2,"featured_media":30772,"comment_status":"closed","ping_status":"closed","sticky":false,"template":"","format":"standard","meta":[],"categories":[6],"tags":[5160,4079,520,324],"_links":{"self":[{"href":"https:\/\/www.infokuryr.cz\/n\/wp-json\/wp\/v2\/posts\/30771"}],"collection":[{"href":"https:\/\/www.infokuryr.cz\/n\/wp-json\/wp\/v2\/posts"}],"about":[{"href":"https:\/\/www.infokuryr.cz\/n\/wp-json\/wp\/v2\/types\/post"}],"author":[{"embeddable":true,"href":"https:\/\/www.infokuryr.cz\/n\/wp-json\/wp\/v2\/users\/2"}],"replies":[{"embeddable":true,"href":"https:\/\/www.infokuryr.cz\/n\/wp-json\/wp\/v2\/comments?post=30771"}],"version-history":[{"count":1,"href":"https:\/\/www.infokuryr.cz\/n\/wp-json\/wp\/v2\/posts\/30771\/revisions"}],"predecessor-version":[{"id":30773,"href":"https:\/\/www.infokuryr.cz\/n\/wp-json\/wp\/v2\/posts\/30771\/revisions\/30773"}],"wp:featuredmedia":[{"embeddable":true,"href":"https:\/\/www.infokuryr.cz\/n\/wp-json\/wp\/v2\/media\/30772"}],"wp:attachment":[{"href":"https:\/\/www.infokuryr.cz\/n\/wp-json\/wp\/v2\/media?parent=30771"}],"wp:term":[{"taxonomy":"category","embeddable":true,"href":"https:\/\/www.infokuryr.cz\/n\/wp-json\/wp\/v2\/categories?post=30771"},{"taxonomy":"post_tag","embeddable":true,"href":"https:\/\/www.infokuryr.cz\/n\/wp-json\/wp\/v2\/tags?post=30771"}],"curies":[{"name":"wp","href":"https:\/\/api.w.org\/{rel}","templated":true}]}}