{"id":30769,"date":"2023-06-24T01:04:39","date_gmt":"2023-06-23T23:04:39","guid":{"rendered":"http:\/\/www.infokuryr.cz\/n\/?p=30769"},"modified":"2023-06-23T18:22:13","modified_gmt":"2023-06-23T16:22:13","slug":"bratr-tehotne-skolacky-upaleny-zaziva-muslimskym-pritelem-kritizuje-justici-za-to-ze-se-neodvolala-k-mirnemu-trestu-odneti-svobody","status":"publish","type":"post","link":"https:\/\/www.infokuryr.cz\/n\/2023\/06\/24\/bratr-tehotne-skolacky-upaleny-zaziva-muslimskym-pritelem-kritizuje-justici-za-to-ze-se-neodvolala-k-mirnemu-trestu-odneti-svobody\/","title":{"rendered":"Bratr t\u011bhotn\u00e9 \u0161kola\u010dky up\u00e1len\u00fd za\u017eiva muslimsk\u00fdm p\u0159\u00edtelem kritizuje justici za to, \u017ee se neodvolala k m\u00edrn\u00e9mu trestu odn\u011bt\u00ed svobody"},"content":{"rendered":"<div id=\"fb-root\"><\/div>\n<p><span style=\"font-size: 18pt;\"><strong>Vrah Sha\u00efny Hansye dostal t\u00e9m\u011b\u0159 polovinu trestu, kter\u00fd po\u017eadoval st\u00e1tn\u00ed z\u00e1stupce<\/strong><\/span><\/p>\n<p><span>Bratr 15let\u00e9 teenagerky Sha\u00efny Hansyeov\u00e9, kterou jej\u00ed muslimsk\u00fd p\u0159\u00edtel b\u011bhem t\u011bhotenstv\u00ed s d\u00edt\u011btem pobodal, polil benz\u00ednem a za\u017eiva up\u00e1lil, vyj\u00e1d\u0159il sv\u016fj hn\u011bv nad rozhodnut\u00edm ob\u017ealoby neodvolat se proti trestu odn\u011bt\u00ed svobody jej\u00edho vraha ve v\u00fd\u0161i 18 let. let.<\/span><\/p>\n<p><span>Soud pro mladistv\u00e9 v Beauvais v severn\u00ed Francii odsoudil jej\u00edho vraha 9. \u010dervna pot\u00e9, co ho shledal vinn\u00fdm z vyl\u00e1k\u00e1n\u00ed Sha\u00efny do k\u016flny ve m\u011bst\u011b Creil a jej\u00edho up\u00e1len\u00ed za\u017eiva v \u0159\u00edjnu 2019. Forenzn\u00ed d\u016fkazy poskytnut\u00e9 soudu v pr\u016fb\u011bhu soudn\u00edho \u0159\u00edzen\u00ed uk\u00e1zaly, \u017ee Sha\u00efna byla n\u011bkolikr\u00e1t bodnuta no\u017eem a byla na\u017eivu, kdy\u017e byla zap\u00e1lena.<\/span><\/p>\n<p><span>Ob\u017ealoba v pr\u016fb\u011bhu cel\u00e9ho procesu nal\u00e9hala na trest v rozsahu 30 let odn\u011bt\u00ed svobody;\u00a0soud v\u0161ak rozhodl, \u017ee vzhledem k tomu, \u017ee vrahovi bylo v dob\u011b \u010dinu 17 let \u2013 a tedy nezletil\u00fd \u2013, byl krat\u0161\u00ed trest p\u0159im\u011b\u0159en\u00fd.<\/span><\/p>\n<p><span>V dob\u011b vynesen\u00ed rozsudku Sha\u00efnin bratr Yasin Hansye kritizoval rozhodnut\u00ed a k\u0159i\u010del na soud: \u201e18 let! To je spravedlnost ve Francii.&#8220;<\/span><\/p>\n<p><span>Rozum\u00ed se, \u017ee rodina Sha\u00efny cht\u011bla, aby se ob\u017ealoba proti rozsudku odvolala, ale nebylo pod\u00e1no \u017e\u00e1dn\u00e9 odvol\u00e1n\u00ed a \u010dasov\u00fd r\u00e1mec k tomu nyn\u00ed uplynul.<\/span><\/p>\n<p><span>Ve \u010dtvrte\u010dn\u00edm prohl\u00e1\u0161en\u00ed Yasin napsal: \u201eUplynulo v\u00edce ne\u017e 10 dn\u00ed od chv\u00edle, kdy porotn\u00ed soud v Beauvais 10. \u010dervna 2023 odsoudil vraha Sha\u00efny Hansye k 18 let\u016fm v\u011bzen\u00ed.<\/span><\/p>\n<p><span>\u201e\u017d\u00e1dn\u00e9 odvol\u00e1n\u00ed nebylo v\u010das\u00a0 pod\u00e1no\u2013 ani ze strany obhajoby, ani ze strany ob\u017ealoby \u2013 a tak toto rozhodnut\u00ed nabylo pr\u00e1vn\u00ed moci. Ob\u017ealovan\u00fd zabil mou sestru, proto\u017ee s n\u00edm byla t\u011bhotn\u00e1 a cht\u011bla sv\u00e9 t\u011bhotenstv\u00ed donosit a\u017e do term\u00ednu. Nato\u017e ji polili benz\u00ednem a zap\u00e1lili, byla z\u00e1rove\u0148 nejm\u00e9n\u011b osmkr\u00e1t bodnuta do b\u0159icha.<\/span><\/p>\n<p><span>&#8222;Pokud lze pochopit nedostatek odvol\u00e1n\u00ed obhajoby, absence odvol\u00e1n\u00ed ob\u017ealoby, kter\u00e1 po\u017eadovala 30 let v\u011bzen\u00ed se zru\u0161en\u00edm v\u00fdmluvy men\u0161iny, vyvol\u00e1v\u00e1 ot\u00e1zky,&#8220; napsal.<\/span><\/p>\n<figure class=\"wp-block-embed aligncenter is-type-rich is-provider-twitter wp-block-embed-twitter\">\n<div class=\"wp-block-embed__wrapper\">\n<div class=\"twitter-tweet twitter-tweet-rendered\"><iframe id=\"twitter-widget-0\" class=\"\" title=\"Twitter Tweet\" src=\"https:\/\/platform.twitter.com\/embed\/Tweet.html?dnt=true&amp;embedId=twitter-widget-0&amp;features=eyJ0ZndfdGltZWxpbmVfbGlzdCI6eyJidWNrZXQiOltdLCJ2ZXJzaW9uIjpudWxsfSwidGZ3X2ZvbGxvd2VyX2NvdW50X3N1bnNldCI6eyJidWNrZXQiOnRydWUsInZlcnNpb24iOm51bGx9LCJ0ZndfdHdlZXRfZWRpdF9iYWNrZW5kIjp7ImJ1Y2tldCI6Im9uIiwidmVyc2lvbiI6bnVsbH0sInRmd19yZWZzcmNfc2Vzc2lvbiI6eyJidWNrZXQiOiJvbiIsInZlcnNpb24iOm51bGx9LCJ0ZndfZm9zbnJfc29mdF9pbnRlcnZlbnRpb25zX2VuYWJsZWQiOnsiYnVja2V0Ijoib24iLCJ2ZXJzaW9uIjpudWxsfSwidGZ3X21peGVkX21lZGlhXzE1ODk3Ijp7ImJ1Y2tldCI6InRyZWF0bWVudCIsInZlcnNpb24iOm51bGx9LCJ0ZndfZXhwZXJpbWVudHNfY29va2llX2V4cGlyYXRpb24iOnsiYnVja2V0IjoxMjA5NjAwLCJ2ZXJzaW9uIjpudWxsfSwidGZ3X3Nob3dfYmlyZHdhdGNoX3Bpdm90c19lbmFibGVkIjp7ImJ1Y2tldCI6Im9uIiwidmVyc2lvbiI6bnVsbH0sInRmd19kdXBsaWNhdGVfc2NyaWJlc190b19zZXR0aW5ncyI6eyJidWNrZXQiOiJvbiIsInZlcnNpb24iOm51bGx9LCJ0ZndfdXNlX3Byb2ZpbGVfaW1hZ2Vfc2hhcGVfZW5hYmxlZCI6eyJidWNrZXQiOiJvbiIsInZlcnNpb24iOm51bGx9LCJ0ZndfdmlkZW9faGxzX2R5bmFtaWNfbWFuaWZlc3RzXzE1MDgyIjp7ImJ1Y2tldCI6InRydWVfYml0cmF0ZSIsInZlcnNpb24iOm51bGx9LCJ0ZndfbGVnYWN5X3RpbWVsaW5lX3N1bnNldCI6eyJidWNrZXQiOnRydWUsInZlcnNpb24iOm51bGx9LCJ0ZndfdHdlZXRfZWRpdF9mcm9udGVuZCI6eyJidWNrZXQiOiJvbiIsInZlcnNpb24iOm51bGx9fQ%3D%3D&amp;frame=false&amp;hideCard=false&amp;hideThread=false&amp;id=1671925924013522950&amp;lang=cs&amp;origin=https%3A%2F%2Frmx.news%2Ffrance%2Fbrother-of-pregnant-school-girl-burned-alive-by-muslim-boyfriend-slams-prosecution-for-not-appealing-lenient-jail-term%2F&amp;sessionId=c9f30cdb5367ea9d97e21f33669c49fc1ff3aadd&amp;theme=light&amp;widgetsVersion=aaf4084522e3a%3A1674595607486&amp;width=550px\" frameborder=\"0\" scrolling=\"no\" allowfullscreen=\"allowfullscreen\" data-tweet-id=\"1671925924013522950\" data-mce-fragment=\"1\"><\/iframe><\/div>\n<\/div>\n<\/figure>\n<p><span>Yasin kontrastoval s odli\u0161n\u00fdm p\u0159\u00edstupem v jin\u00fdch trestn\u00edch v\u011bcech, jako je organizovan\u00fd zlo\u010din, kde tvrdil, \u017ee st\u00edh\u00e1n\u00ed \u010dasto okam\u017eit\u011b uplatn\u00ed sv\u00e9 pr\u00e1vo na odvol\u00e1n\u00ed.\u00a0Zd\u00e1 se v\u0161ak, \u017ee v p\u0159\u00edpad\u011b \u201ed\u011bsiv\u00e9ho a tragick\u00e9ho\u201c n\u00e1sil\u00ed na \u017een\u00e1ch se \u017ealobci tak daleko nezab\u00fdvaj\u00ed, napsal.<\/span><\/p>\n<p><span>Sha\u00efnin bratr nad\u00e1le kritizoval \u201enadm\u011brn\u00e9 pr\u016ftahy spravedlnosti, neobratnost a chyby v \u00fasudku\u201c v pr\u016fb\u011bhu \u0159\u00edzen\u00ed a \u0159ekl, \u017ee \u201ene\u00fasp\u011b\u0161n\u00e9 st\u00edh\u00e1n\u00ed\u201c ud\u011blalo jen m\u00e1lo pro uklidn\u011bn\u00ed rodiny Hansye.<\/span><\/p>\n<p><span>\u201eN\u00e1sil\u00ed p\u00e1chan\u00e9 na \u017een\u00e1ch z\u016fst\u00e1v\u00e1 druho\u0159adou z\u00e1le\u017eitost\u00ed a soudn\u00ed \u0159e\u0161en\u00ed \u2013 navzdory v\u011b\u010dn\u00fdm slib\u016fm \u2013 je neuspokojiv\u00e9.\u00a0P\u0159\u00edpad Sha\u00efna by n\u00e1s m\u011bl povzbudit k urychlen\u00e9mu jedn\u00e1n\u00ed.\u00a0Osobn\u011b na tom budu v n\u00e1sleduj\u00edc\u00edch t\u00fddnech a m\u011bs\u00edc\u00edch pracovat.\u201c<\/span><\/p>\n<p><span>\u201eK\u00e9\u017e vzpom\u00ednka na Sha\u00efnu, state\u010dnou a svobodnou, odol\u00e1 t\u011bmto dob\u00e1m a na\u0161im nedostatk\u016fm,\u201c dodal.<\/span><\/p>\n<p><img decoding=\"async\" loading=\"lazy\" class=\"alignnone size-full wp-image-1185\" src=\"http:\/\/www.infokuryr.cz\/n\/wp-content\/uploads\/2021\/04\/kuryr-podpis.png\" alt=\"\" width=\"84\" height=\"24\" \/><\/p>\n<p>&nbsp;<\/p>\n<p><a href=\"https:\/\/stranapro.cz\/\"><img decoding=\"async\" loading=\"lazy\" class=\"wp-image-30218 aligncenter\" src=\"http:\/\/www.infokuryr.cz\/n\/wp-content\/uploads\/2023\/06\/PRO-banner-300x36.png\" alt=\"\" width=\"1367\" height=\"164\" srcset=\"https:\/\/www.infokuryr.cz\/n\/wp-content\/uploads\/2023\/06\/PRO-banner-300x36.png 300w, https:\/\/www.infokuryr.cz\/n\/wp-content\/uploads\/2023\/06\/PRO-banner-768x93.png 768w, https:\/\/www.infokuryr.cz\/n\/wp-content\/uploads\/2023\/06\/PRO-banner.png 849w\" sizes=\"(max-width: 1367px) 100vw, 1367px\" \/><\/a><\/p>\n<p>&nbsp;<\/p>\n<p>&nbsp;<\/p>\n<p>&nbsp;<\/p>\n","protected":false},"excerpt":{"rendered":"<p>Vrah Sha\u00efny Hansye dostal t\u00e9m\u011b\u0159 polovinu trestu, kter\u00fd po\u017eadoval st\u00e1tn\u00ed z\u00e1stupce Bratr 15let\u00e9 teenagerky Sha\u00efny&#8230;<\/p>\n","protected":false},"author":2,"featured_media":30770,"comment_status":"closed","ping_status":"closed","sticky":false,"template":"","format":"standard","meta":[],"categories":[7],"tags":[130,520,656],"_links":{"self":[{"href":"https:\/\/www.infokuryr.cz\/n\/wp-json\/wp\/v2\/posts\/30769"}],"collection":[{"href":"https:\/\/www.infokuryr.cz\/n\/wp-json\/wp\/v2\/posts"}],"about":[{"href":"https:\/\/www.infokuryr.cz\/n\/wp-json\/wp\/v2\/types\/post"}],"author":[{"embeddable":true,"href":"https:\/\/www.infokuryr.cz\/n\/wp-json\/wp\/v2\/users\/2"}],"replies":[{"embeddable":true,"href":"https:\/\/www.infokuryr.cz\/n\/wp-json\/wp\/v2\/comments?post=30769"}],"version-history":[{"count":0,"href":"https:\/\/www.infokuryr.cz\/n\/wp-json\/wp\/v2\/posts\/30769\/revisions"}],"wp:featuredmedia":[{"embeddable":true,"href":"https:\/\/www.infokuryr.cz\/n\/wp-json\/wp\/v2\/media\/30770"}],"wp:attachment":[{"href":"https:\/\/www.infokuryr.cz\/n\/wp-json\/wp\/v2\/media?parent=30769"}],"wp:term":[{"taxonomy":"category","embeddable":true,"href":"https:\/\/www.infokuryr.cz\/n\/wp-json\/wp\/v2\/categories?post=30769"},{"taxonomy":"post_tag","embeddable":true,"href":"https:\/\/www.infokuryr.cz\/n\/wp-json\/wp\/v2\/tags?post=30769"}],"curies":[{"name":"wp","href":"https:\/\/api.w.org\/{rel}","templated":true}]}}