{"id":30747,"date":"2023-06-23T06:21:57","date_gmt":"2023-06-23T04:21:57","guid":{"rendered":"http:\/\/www.infokuryr.cz\/n\/?p=30747"},"modified":"2023-06-23T06:21:57","modified_gmt":"2023-06-23T04:21:57","slug":"ucitelka-bednarova-verila-jsem-v-osvobozujici-rozsudek","status":"publish","type":"post","link":"https:\/\/www.infokuryr.cz\/n\/2023\/06\/23\/ucitelka-bednarova-verila-jsem-v-osvobozujici-rozsudek\/","title":{"rendered":"U\u010ditelka Bedn\u00e1\u0159ov\u00e1: V\u011b\u0159ila jsem v osvobozuj\u00edc\u00ed rozsudek"},"content":{"rendered":"<div id=\"fb-root\"><\/div>\n<p><span style=\"font-size: 14pt;\"><strong>Obvodn\u00ed soud pro Prahu 6 dnes osvobodil u\u010ditelku Martinu Bedn\u00e1\u0159ovou, kter\u00e1 byla kv\u016fli n\u00e1zor\u016fm na v\u00e1lku na Ukrajin\u011b obvin\u011bna z\u00a0pop\u00edr\u00e1n\u00ed genocidy.<\/strong><\/span><\/p>\n<p>Podle soudkyn\u011b\u00a0<strong>Kl\u00e1ry Janto\u0161ov\u00e9<\/strong>\u00a0nen\u00ed skutek u\u010ditelky trestn\u00fdm \u010dinem. \u201eZa n\u00e1zor pan\u00ed ob\u017ealovan\u00e1 b\u00fdt souzena nem\u016f\u017ee a\u00a0nebude,\u201c konstatovala soudkyn\u011b a\u00a0p\u0159ipomn\u011bla, \u017ee pan\u00ed\u00a0<strong>Bedn\u00e1\u0159ov\u00e1<\/strong>\u00a0u\u017e byla za sv\u00e9 n\u00e1zory propu\u0161t\u011bna z\u00a0pr\u00e1ce. Rozsudek soudu je zat\u00edm nepravomocn\u00fd.<\/p>\n<p>\u201cV\u011b\u0159ila jsem v\u00a0osvobozuj\u00edc\u00ed rozsudek,\u201d sd\u011blila serveru Report\u00e9\u0159i on-line\u00a0<strong>Martina Bedn\u00e1\u0159ov\u00e1<\/strong>. \u201cV opa\u010dn\u00e9m p\u0159\u00edpad\u011b bych to vn\u00edmala jako alarmuj\u00edc\u00ed pop\u0159en\u00ed pr\u00e1va na svobodu slova a\u00a0n\u00e1zoru, \u010dili pop\u0159en\u00ed pr\u00e1v, kter\u00e1 mi zaru\u010duje \u00dastava. Sou\u010dasn\u011b vn\u00edm\u00e1m rozsudek jako vzkaz pro ostatn\u00ed pedagogy, aby mohli vyu\u010dovat podle demokratick\u00fdch princip\u016f a\u00a0nec\u00edtili se ohro\u017eeni za sv\u016fj n\u00e1zor.\u201d<\/p>\n<p>St\u00e1tn\u00ed z\u00e1stupce pro\u00a0<strong>u\u010ditelku Martinu Bedn\u00e1\u0159ovou<\/strong>\u00a0p\u0159itom navrhoval osmim\u011bs\u00ed\u010dn\u00ed podm\u00ednku a\u00a0tak\u00e9 p\u011btilet\u00fd z\u00e1kaz pedagogick\u00e9, v\u00fdchovn\u00e9 \u010di\u00a0jin\u00e9 pr\u00e1ce s\u00a0d\u011btmi.<\/p>\n<h2 class=\"header-with-anchor-widget\">Dne\u0161n\u00ed jedn\u00e1n\u00ed soudu p\u0159it\u00e1hlo pozornost m\u00e9di\u00ed<\/h2>\n<p>P\u0159ed jednac\u00ed m\u00edstnost\u00ed se shrom\u00e1\u017edili fotografov\u00e9 i\u00a0televize. P\u0159\u00edtomni byli tak\u00e9 z\u00e1stupci\u00a0<a href=\"https:\/\/www.spolecenstvi-prak.cz\/category\/aktuality\/\" rel=\"\">Spole\u010denstv\u00ed PRAK<\/a>, kte\u0159\u00ed\u00a0<strong>Martin\u011b Bedn\u00e1\u0159ov\u00e9<\/strong>\u00a0pom\u00e1hali v\u00a0komunikaci s\u00a0pr\u00e1vn\u00edmi z\u00e1stupci a\u00a0zalo\u017eili pro ni\u00a0<a href=\"https:\/\/ib.fio.cz\/ib\/transparent?a=2502567372\" rel=\"\">transparentn\u00ed \u00fa\u010det<\/a>, kam ve\u0159ejnost na podporu aktu\u00e1ln\u011b nezam\u011bstnan\u00e9 pan\u00ed u\u010ditelce poslala v\u00edce ne\u017e 455\u00a0000 korun.<\/p>\n<figure class=\"frontend-components-ImageGallery-module__imageGallery--shoTe\" data-drag-handle=\"true\" data-component-name=\"ImageGallery\"><picture><source srcset=\"https:\/\/substackcdn.com\/image\/fetch\/w_424,c_limit,f_webp,q_auto:good,fl_progressive:steep\/https%3A%2F%2Fsubstack-post-media.s3.amazonaws.com%2Fpublic%2Fimages%2F452dfa19-9e15-4a5c-a98d-6f74f244982d_1685x1123.jpeg 424w, https:\/\/substackcdn.com\/image\/fetch\/w_720,c_limit,f_webp,q_auto:good,fl_progressive:steep\/https%3A%2F%2Fsubstack-post-media.s3.amazonaws.com%2Fpublic%2Fimages%2F452dfa19-9e15-4a5c-a98d-6f74f244982d_1685x1123.jpeg 720w\" type=\"image\/webp\" sizes=\"100vw\" \/><img decoding=\"async\" class=\"frontend-components-responsive_img-module__img--Pgjj2 frontend-components-ImageGallery-module__image--g2yvp frontend-components-ImageGallery-module__medium--uFsr6 frontend-components-ImageGallery-module__zoom--eQKQQ aligncenter\" src=\"https:\/\/substackcdn.com\/image\/fetch\/w_720,c_limit,f_auto,q_auto:good,fl_progressive:steep\/https%3A%2F%2Fsubstack-post-media.s3.amazonaws.com%2Fpublic%2Fimages%2F452dfa19-9e15-4a5c-a98d-6f74f244982d_1685x1123.jpeg\" sizes=\"100vw\" srcset=\"https:\/\/substackcdn.com\/image\/fetch\/w_424,c_limit,f_auto,q_auto:good,fl_progressive:steep\/https%3A%2F%2Fsubstack-post-media.s3.amazonaws.com%2Fpublic%2Fimages%2F452dfa19-9e15-4a5c-a98d-6f74f244982d_1685x1123.jpeg 424w, https:\/\/substackcdn.com\/image\/fetch\/w_720,c_limit,f_auto,q_auto:good,fl_progressive:steep\/https%3A%2F%2Fsubstack-post-media.s3.amazonaws.com%2Fpublic%2Fimages%2F452dfa19-9e15-4a5c-a98d-6f74f244982d_1685x1123.jpeg 720w\" alt=\"\" width=\"720\" \/><\/picture><picture><source srcset=\"https:\/\/substackcdn.com\/image\/fetch\/w_424,c_limit,f_webp,q_auto:good,fl_progressive:steep\/https%3A%2F%2Fsubstack-post-media.s3.amazonaws.com%2Fpublic%2Fimages%2Fe05ef7c2-3c44-4273-8c6f-1c994b90e22b_1685x1123.jpeg 424w, https:\/\/substackcdn.com\/image\/fetch\/w_720,c_limit,f_webp,q_auto:good,fl_progressive:steep\/https%3A%2F%2Fsubstack-post-media.s3.amazonaws.com%2Fpublic%2Fimages%2Fe05ef7c2-3c44-4273-8c6f-1c994b90e22b_1685x1123.jpeg 720w\" type=\"image\/webp\" sizes=\"100vw\" \/><img decoding=\"async\" class=\"frontend-components-responsive_img-module__img--Pgjj2 frontend-components-ImageGallery-module__image--g2yvp frontend-components-ImageGallery-module__medium--uFsr6 frontend-components-ImageGallery-module__zoom--eQKQQ aligncenter\" src=\"https:\/\/substackcdn.com\/image\/fetch\/w_720,c_limit,f_auto,q_auto:good,fl_progressive:steep\/https%3A%2F%2Fsubstack-post-media.s3.amazonaws.com%2Fpublic%2Fimages%2Fe05ef7c2-3c44-4273-8c6f-1c994b90e22b_1685x1123.jpeg\" sizes=\"100vw\" srcset=\"https:\/\/substackcdn.com\/image\/fetch\/w_424,c_limit,f_auto,q_auto:good,fl_progressive:steep\/https%3A%2F%2Fsubstack-post-media.s3.amazonaws.com%2Fpublic%2Fimages%2Fe05ef7c2-3c44-4273-8c6f-1c994b90e22b_1685x1123.jpeg 424w, https:\/\/substackcdn.com\/image\/fetch\/w_720,c_limit,f_auto,q_auto:good,fl_progressive:steep\/https%3A%2F%2Fsubstack-post-media.s3.amazonaws.com%2Fpublic%2Fimages%2Fe05ef7c2-3c44-4273-8c6f-1c994b90e22b_1685x1123.jpeg 720w\" alt=\"\" width=\"720\" \/><\/picture><picture><source srcset=\"https:\/\/substackcdn.com\/image\/fetch\/w_424,c_limit,f_webp,q_auto:good,fl_progressive:steep\/https%3A%2F%2Fsubstack-post-media.s3.amazonaws.com%2Fpublic%2Fimages%2F72638e7b-deb1-4546-99bc-5e02e24c7539_1049x666.jpeg 424w, https:\/\/substackcdn.com\/image\/fetch\/w_720,c_limit,f_webp,q_auto:good,fl_progressive:steep\/https%3A%2F%2Fsubstack-post-media.s3.amazonaws.com%2Fpublic%2Fimages%2F72638e7b-deb1-4546-99bc-5e02e24c7539_1049x666.jpeg 720w\" type=\"image\/webp\" sizes=\"100vw\" \/><img decoding=\"async\" class=\"frontend-components-responsive_img-module__img--Pgjj2 frontend-components-ImageGallery-module__image--g2yvp frontend-components-ImageGallery-module__medium--uFsr6 frontend-components-ImageGallery-module__zoom--eQKQQ aligncenter\" src=\"https:\/\/substackcdn.com\/image\/fetch\/w_720,c_limit,f_auto,q_auto:good,fl_progressive:steep\/https%3A%2F%2Fsubstack-post-media.s3.amazonaws.com%2Fpublic%2Fimages%2F72638e7b-deb1-4546-99bc-5e02e24c7539_1049x666.jpeg\" sizes=\"100vw\" srcset=\"https:\/\/substackcdn.com\/image\/fetch\/w_424,c_limit,f_auto,q_auto:good,fl_progressive:steep\/https%3A%2F%2Fsubstack-post-media.s3.amazonaws.com%2Fpublic%2Fimages%2F72638e7b-deb1-4546-99bc-5e02e24c7539_1049x666.jpeg 424w, https:\/\/substackcdn.com\/image\/fetch\/w_720,c_limit,f_auto,q_auto:good,fl_progressive:steep\/https%3A%2F%2Fsubstack-post-media.s3.amazonaws.com%2Fpublic%2Fimages%2F72638e7b-deb1-4546-99bc-5e02e24c7539_1049x666.jpeg 720w\" alt=\"\" width=\"720\" \/><\/picture><picture><source srcset=\"https:\/\/substackcdn.com\/image\/fetch\/w_424,c_limit,f_webp,q_auto:good,fl_progressive:steep\/https%3A%2F%2Fsubstack-post-media.s3.amazonaws.com%2Fpublic%2Fimages%2Ff775ffde-77cc-4b8f-9ed3-480d99128e8a_1123x710.jpeg 424w, https:\/\/substackcdn.com\/image\/fetch\/w_720,c_limit,f_webp,q_auto:good,fl_progressive:steep\/https%3A%2F%2Fsubstack-post-media.s3.amazonaws.com%2Fpublic%2Fimages%2Ff775ffde-77cc-4b8f-9ed3-480d99128e8a_1123x710.jpeg 720w\" type=\"image\/webp\" sizes=\"100vw\" \/><img decoding=\"async\" class=\"frontend-components-responsive_img-module__img--Pgjj2 frontend-components-ImageGallery-module__image--g2yvp frontend-components-ImageGallery-module__medium--uFsr6 frontend-components-ImageGallery-module__zoom--eQKQQ aligncenter\" src=\"https:\/\/substackcdn.com\/image\/fetch\/w_720,c_limit,f_auto,q_auto:good,fl_progressive:steep\/https%3A%2F%2Fsubstack-post-media.s3.amazonaws.com%2Fpublic%2Fimages%2Ff775ffde-77cc-4b8f-9ed3-480d99128e8a_1123x710.jpeg\" sizes=\"100vw\" srcset=\"https:\/\/substackcdn.com\/image\/fetch\/w_424,c_limit,f_auto,q_auto:good,fl_progressive:steep\/https%3A%2F%2Fsubstack-post-media.s3.amazonaws.com%2Fpublic%2Fimages%2Ff775ffde-77cc-4b8f-9ed3-480d99128e8a_1123x710.jpeg 424w, https:\/\/substackcdn.com\/image\/fetch\/w_720,c_limit,f_auto,q_auto:good,fl_progressive:steep\/https%3A%2F%2Fsubstack-post-media.s3.amazonaws.com%2Fpublic%2Fimages%2Ff775ffde-77cc-4b8f-9ed3-480d99128e8a_1123x710.jpeg 720w\" alt=\"\" width=\"720\" \/><\/picture><figcaption class=\"frontend-components-ImageGallery-module__imageCaption--JESLj\"><em>Foto: redakce Report\u00e9\u0159i on-line<\/p>\n<p>\u00davodn\u00ed\u00a0foto: Mgr. Martina Bedn\u00e1\u0159ov\u00e1. Foto: redakce Report\u00e9\u0159i on-line<\/p>\n<p><\/em><strong>Cec\u00edlie J\u00edlkov\u00e1<\/p>\n<p><img decoding=\"async\" loading=\"lazy\" class=\"alignnone size-full wp-image-30748\" src=\"http:\/\/www.infokuryr.cz\/n\/wp-content\/uploads\/2023\/06\/Cecilie-Jilkova.jpg\" alt=\"\" width=\"180\" height=\"180\" srcset=\"https:\/\/www.infokuryr.cz\/n\/wp-content\/uploads\/2023\/06\/Cecilie-Jilkova.jpg 180w, https:\/\/www.infokuryr.cz\/n\/wp-content\/uploads\/2023\/06\/Cecilie-Jilkova-150x150.jpg 150w\" sizes=\"(max-width: 180px) 100vw, 180px\" \/><\/p>\n<p><a href=\"https:\/\/stranapro.cz\/\"><img decoding=\"async\" loading=\"lazy\" class=\"wp-image-30218 aligncenter\" src=\"http:\/\/www.infokuryr.cz\/n\/wp-content\/uploads\/2023\/06\/PRO-banner-300x36.png\" alt=\"\" width=\"1325\" height=\"159\" srcset=\"https:\/\/www.infokuryr.cz\/n\/wp-content\/uploads\/2023\/06\/PRO-banner-300x36.png 300w, https:\/\/www.infokuryr.cz\/n\/wp-content\/uploads\/2023\/06\/PRO-banner-768x93.png 768w, https:\/\/www.infokuryr.cz\/n\/wp-content\/uploads\/2023\/06\/PRO-banner.png 849w\" sizes=\"(max-width: 1325px) 100vw, 1325px\" \/><\/a><\/p>\n<p><\/strong><em><\/p>\n<p><\/em><\/figcaption><\/figure>\n","protected":false},"excerpt":{"rendered":"<p>Obvodn\u00ed soud pro Prahu 6 dnes osvobodil u\u010ditelku Martinu Bedn\u00e1\u0159ovou, kter\u00e1 byla kv\u016fli n\u00e1zor\u016fm na&#8230;<\/p>\n","protected":false},"author":2,"featured_media":30749,"comment_status":"closed","ping_status":"closed","sticky":false,"template":"","format":"standard","meta":[],"categories":[6],"tags":[5160,520,324],"_links":{"self":[{"href":"https:\/\/www.infokuryr.cz\/n\/wp-json\/wp\/v2\/posts\/30747"}],"collection":[{"href":"https:\/\/www.infokuryr.cz\/n\/wp-json\/wp\/v2\/posts"}],"about":[{"href":"https:\/\/www.infokuryr.cz\/n\/wp-json\/wp\/v2\/types\/post"}],"author":[{"embeddable":true,"href":"https:\/\/www.infokuryr.cz\/n\/wp-json\/wp\/v2\/users\/2"}],"replies":[{"embeddable":true,"href":"https:\/\/www.infokuryr.cz\/n\/wp-json\/wp\/v2\/comments?post=30747"}],"version-history":[{"count":0,"href":"https:\/\/www.infokuryr.cz\/n\/wp-json\/wp\/v2\/posts\/30747\/revisions"}],"wp:featuredmedia":[{"embeddable":true,"href":"https:\/\/www.infokuryr.cz\/n\/wp-json\/wp\/v2\/media\/30749"}],"wp:attachment":[{"href":"https:\/\/www.infokuryr.cz\/n\/wp-json\/wp\/v2\/media?parent=30747"}],"wp:term":[{"taxonomy":"category","embeddable":true,"href":"https:\/\/www.infokuryr.cz\/n\/wp-json\/wp\/v2\/categories?post=30747"},{"taxonomy":"post_tag","embeddable":true,"href":"https:\/\/www.infokuryr.cz\/n\/wp-json\/wp\/v2\/tags?post=30747"}],"curies":[{"name":"wp","href":"https:\/\/api.w.org\/{rel}","templated":true}]}}