{"id":30728,"date":"2023-06-23T01:06:02","date_gmt":"2023-06-22T23:06:02","guid":{"rendered":"http:\/\/www.infokuryr.cz\/n\/?p=30728"},"modified":"2023-06-22T19:35:08","modified_gmt":"2023-06-22T17:35:08","slug":"soud-poprve-naridil-francouzske-vlade-vyplatit-odskodneni-obetem-znecisteni-ovzdusi","status":"publish","type":"post","link":"https:\/\/www.infokuryr.cz\/n\/2023\/06\/23\/soud-poprve-naridil-francouzske-vlade-vyplatit-odskodneni-obetem-znecisteni-ovzdusi\/","title":{"rendered":"Soud poprv\u00e9 na\u0159\u00eddil francouzsk\u00e9 vl\u00e1d\u011b vyplatit od\u0161kodn\u011bn\u00ed ob\u011btem zne\u010di\u0161t\u011bn\u00ed ovzdu\u0161\u00ed"},"content":{"rendered":"<div id=\"fb-root\"><\/div>\n<div class=\"article-intro\">\n<p><strong>Pro takov\u00fd verdikt neexistoval \u017e\u00e1dn\u00fd precedens.\u00a0Soud v Pa\u0159\u00ed\u017ei na\u0159\u00eddil vl\u00e1d\u011b vyplatit od\u0161kodn\u011bn\u00ed rodin\u00e1m posti\u017een\u00fdm zne\u010di\u0161t\u011bn\u00edm ovzdu\u0161\u00ed.\u00a0V t\u011bchto p\u0159\u00edpadech byly d\u011bti hospitalizov\u00e1ny kv\u016fli rozvoji chronick\u00fdch onemocn\u011bn\u00ed.\u00a0Ob\u011b rodiny \u017eily bl\u00edzko silni\u010dn\u00edho okruhu hlavn\u00edho m\u011bsta, uv\u00e1d\u00ed France 24.<\/strong><\/p>\n<p>&nbsp;<\/p>\n<\/div>\n<figure>\n<div class=\"embed\"><iframe loading=\"lazy\" title=\"Youtube video p\u0159ehr\u00e1va\u010d\" src=\"https:\/\/www.youtube.com\/embed\/_cbo2GsGgOs\" width=\"560\" height=\"315\" frameborder=\"0\" allowfullscreen=\"allowfullscreen\" data-mce-fragment=\"1\"><\/iframe><\/div>\n<\/figure>\n<div class=\"article-body\"><\/div>\n<div class=\"article-body\">\n<p>Jde o pr\u00e1vn\u00ed verdikt bez precedentu v minulosti, kter\u00fd by mohl p\u0159ipravit cestu pro budouc\u00ed p\u0159\u00edpady.\u00a0Poprv\u00e9 ve Francii spr\u00e1vn\u00ed soud v Pa\u0159\u00ed\u017ei na\u0159\u00eddil vl\u00e1d\u011b od\u0161kodnit rodiny posti\u017een\u00e9 zne\u010di\u0161t\u011bn\u00fdm ovzdu\u0161\u00edm ve m\u011bst\u011b.<\/p>\n<p><strong>HERMIONE BARONOV\u00c1, rodinn\u00e1 advok\u00e1tka<\/strong>\u00a0:\u00a0<em>Jurisdikce neotev\u0159ela Pando\u0159inu sk\u0159\u00ed\u0148ku tvrzen\u00edm, \u017ee v\u0161ichni, kdo maj\u00ed probl\u00e9my s d\u00fdch\u00e1n\u00edm s vysokou \u00farovn\u00ed zne\u010di\u0161t\u011bn\u00ed, mohou \u017e\u00e1dat od\u0161kodn\u011bn\u00ed.\u00a0Zab\u00fdv\u00e1me se p\u0159\u00edpady, kdy se rodiny musely p\u0159est\u011bhovat, aby ochr\u00e1nily sv\u00e9 d\u011bti p\u0159ed zne\u010di\u0161t\u011bn\u00edm.\u00a0<\/em><\/p>\n<p>Ob\u011b rodiny \u017eily pobl\u00ed\u017e pa\u0159\u00ed\u017esk\u00e9ho okruhu, kter\u00fd m\u011bsto obklopuje.\u00a0T\u0159i tis\u00edce eur jako od\u0161kodn\u00e9 dostanou rodi\u010de mal\u00e9ho d\u00edt\u011bte, kter\u00e9 bylo hospitalizov\u00e1no s chronickou bronchiolitidou.\u00a0A dva tis\u00edce eur rodin\u011b mal\u00e9 hol\u010di\u010dky s opakovan\u00fdmi z\u00e1n\u011bty u\u0161\u00ed.<\/p>\n<p>Toto rozhodnut\u00ed je v\u00fdhrou pro ekologick\u00e9 skupiny, kter\u00e9 \u010dekaj\u00ed na konkr\u00e9tn\u00ed opat\u0159en\u00ed.<\/p>\n<p><strong>TONY RENUCCI, gener\u00e1ln\u00ed \u0159editel sdru\u017een\u00ed Respire<\/strong>\u00a0:\u00a0<em>Tato \u0159e\u0161en\u00ed jsou navr\u017eena tak, aby zlep\u0161ila kvalitu ovzdu\u0161\u00ed, aby se vypo\u0159\u00e1dala se zdroji zne\u010di\u0161t\u011bn\u00ed, jako je doprava, zne\u010di\u0161t\u011bn\u00ed poch\u00e1zej\u00edc\u00ed z dom\u00e1cnost\u00ed, jako jsou kamna na d\u0159evo.\u00a0Je nutn\u00e9 zjednodu\u0161it pou\u017e\u00edv\u00e1n\u00ed j\u00edzdn\u00edch kol, vyu\u017e\u00edvat MHD, p\u0159ej\u00edt na n\u00edzkoemisn\u00ed vozidla a zm\u011bnit sv\u00e9 ka\u017edodenn\u00ed n\u00e1vyky.\u00a0<\/em><\/p>\n<p>Francouzsk\u00e1 vl\u00e1da m\u00e1 dva m\u011bs\u00edce na to, aby rozhodnut\u00ed napadla.\u00a0Ministerstvo pro ekologickou transformaci zah\u00e1jilo soudn\u00ed vy\u0161et\u0159ov\u00e1n\u00ed t\u00e9to z\u00e1le\u017eitosti.\u00a0Podle slu\u017eby kvality ovzdu\u0161\u00ed Air Paris se loni v oblasti Pa\u0159\u00ed\u017ee dalo p\u0159edej\u00edt 7900 \u00famrt\u00edm, pokud by byla p\u0159ijata pat\u0159i\u010dn\u00e1 opat\u0159en\u00ed k omezen\u00ed zne\u010di\u0161t\u011bn\u00ed ovzdu\u0161\u00ed.<\/p>\n<p>Datum vys\u00edl\u00e1n\u00ed 21. \u010dervna 2023.<\/p>\n<p><a href=\"https:\/\/stranapro.cz\/\"><img decoding=\"async\" loading=\"lazy\" class=\"wp-image-30218 aligncenter\" src=\"http:\/\/www.infokuryr.cz\/n\/wp-content\/uploads\/2023\/06\/PRO-banner-300x36.png\" alt=\"\" width=\"1375\" height=\"165\" srcset=\"https:\/\/www.infokuryr.cz\/n\/wp-content\/uploads\/2023\/06\/PRO-banner-300x36.png 300w, https:\/\/www.infokuryr.cz\/n\/wp-content\/uploads\/2023\/06\/PRO-banner-768x93.png 768w, https:\/\/www.infokuryr.cz\/n\/wp-content\/uploads\/2023\/06\/PRO-banner.png 849w\" sizes=\"(max-width: 1375px) 100vw, 1375px\" \/><\/a><\/p>\n<\/div>\n<p>&nbsp;<\/p>\n<p>&nbsp;<\/p>\n","protected":false},"excerpt":{"rendered":"<p>Pro takov\u00fd verdikt neexistoval \u017e\u00e1dn\u00fd precedens.\u00a0Soud v Pa\u0159\u00ed\u017ei na\u0159\u00eddil vl\u00e1d\u011b vyplatit od\u0161kodn\u011bn\u00ed rodin\u00e1m posti\u017een\u00fdm zne\u010di\u0161t\u011bn\u00edm&#8230;<\/p>\n","protected":false},"author":2,"featured_media":1596,"comment_status":"closed","ping_status":"closed","sticky":false,"template":"","format":"standard","meta":[],"categories":[7],"tags":[130,1875,362,520,324],"_links":{"self":[{"href":"https:\/\/www.infokuryr.cz\/n\/wp-json\/wp\/v2\/posts\/30728"}],"collection":[{"href":"https:\/\/www.infokuryr.cz\/n\/wp-json\/wp\/v2\/posts"}],"about":[{"href":"https:\/\/www.infokuryr.cz\/n\/wp-json\/wp\/v2\/types\/post"}],"author":[{"embeddable":true,"href":"https:\/\/www.infokuryr.cz\/n\/wp-json\/wp\/v2\/users\/2"}],"replies":[{"embeddable":true,"href":"https:\/\/www.infokuryr.cz\/n\/wp-json\/wp\/v2\/comments?post=30728"}],"version-history":[{"count":1,"href":"https:\/\/www.infokuryr.cz\/n\/wp-json\/wp\/v2\/posts\/30728\/revisions"}],"predecessor-version":[{"id":30729,"href":"https:\/\/www.infokuryr.cz\/n\/wp-json\/wp\/v2\/posts\/30728\/revisions\/30729"}],"wp:featuredmedia":[{"embeddable":true,"href":"https:\/\/www.infokuryr.cz\/n\/wp-json\/wp\/v2\/media\/1596"}],"wp:attachment":[{"href":"https:\/\/www.infokuryr.cz\/n\/wp-json\/wp\/v2\/media?parent=30728"}],"wp:term":[{"taxonomy":"category","embeddable":true,"href":"https:\/\/www.infokuryr.cz\/n\/wp-json\/wp\/v2\/categories?post=30728"},{"taxonomy":"post_tag","embeddable":true,"href":"https:\/\/www.infokuryr.cz\/n\/wp-json\/wp\/v2\/tags?post=30728"}],"curies":[{"name":"wp","href":"https:\/\/api.w.org\/{rel}","templated":true}]}}