{"id":3071,"date":"2021-07-04T04:31:40","date_gmt":"2021-07-04T02:31:40","guid":{"rendered":"http:\/\/www.infokuryr.cz\/n\/?p=3071"},"modified":"2021-07-04T04:31:40","modified_gmt":"2021-07-04T02:31:40","slug":"rakouska-verejnost-premieru-kurzovi-uz-ti-ty-kecy-o-reseni-kriminality-uprchliku-neverime","status":"publish","type":"post","link":"https:\/\/www.infokuryr.cz\/n\/2021\/07\/04\/rakouska-verejnost-premieru-kurzovi-uz-ti-ty-kecy-o-reseni-kriminality-uprchliku-neverime\/","title":{"rendered":"Rakousk\u00e1 ve\u0159ejnost premi\u00e9ru Kurzovi: u\u017e ti ty kecy o \u0159e\u0161en\u00ed kriminality uprchl\u00edk\u016f nev\u011b\u0159\u00edme\u201d!"},"content":{"rendered":"<div id=\"fb-root\"><\/div>\n<p>Mlad\u00fd rakousk\u00fd premi\u00e9r Kurz (Rakousk\u00e1 lidov\u00e1 strana \u2013 OVP) je \u010dasto v \u010desk\u00fdch vlasteneck\u00fdch kruz\u00edch glorifikov\u00e1n pro sv\u00e1 r\u00e1zn\u00e1 ve\u0159ejn\u00e1 vystoupen\u00ed ohledn\u011b uprchl\u00edk\u016f a \u0159e\u0161en\u00ed kriminality uprchl\u00edk\u016f.<\/p>\n<p>Jen\u017ee\u00a0<strong>jako obvykle po p\u011bkn\u00fdch slovech nen\u00e1sleduj\u00ed \u017e\u00e1dn\u00e9 \u010diny<\/strong>. Rakousk\u00e1 ve\u0159ejnost\u00a0<strong>za\u010d\u00edn\u00e1 d\u00e1vat jasn\u011b najevo, \u017ee mu to u\u017e nev\u011b\u0159\u00ed. V posledn\u00edm pr\u016fzkumu ve\u0159ejn\u00e9ho m\u00edn\u011bn\u00ed po\u0159\u00e1dan\u00fdm Krone Zeitung mezi \u010dten\u00e1\u0159i mu ofici\u00e1ln\u011b nev\u011b\u0159\u00ed slova o \u0159e\u0161en\u00ed kriminality uprchl\u00edk\u016f<a href=\"https:\/\/www.unzensuriert.at\/content\/130815-maedchenmord-93-prozent-glauben-nicht-dass-sich-etwas-aendert\/\">\u00a0nev\u011b\u0159\u00ed 93%\u00a0<\/a>reaguj\u00edc\u00edch.<\/strong>\u00a0Nen\u00ed divu,\u00a0<strong>Kurz a jeho vl\u00e1da (vl\u00e1dne v koalici se Zelen\u00fdmi) slibovali zp\u0159\u00edsn\u011bn\u00ed imigra\u010dn\u00ed politiky opakovan\u011b a naposledy p\u0159ed 6 m\u011bs\u00edci<\/strong>. Nestalo se ale v\u016fbec nic a tak bylo Rakousko minulou sobotu sv\u011bdkem dal\u0161\u00ed tragick\u00e9 ud\u00e1losti, kdy 2 uprchl\u00edci z Afganist\u00e1nu zn\u00e1silnili a n\u00e1sledn\u011b zavra\u017edili mladou d\u00edvenku (13).\u00a0<strong>Oba jsou sice ve vazb\u011b, ale o vyho\u0161\u0165ov\u00e1n\u00ed se v\u016fbec nemluv\u00ed, jen o mo\u017en\u00e9m trestu! Politiky je pot\u0159eba posuzovat nikoliv podle slov, ale podle \u010din\u016f. Kurz zjevn\u011b nen\u00ed rakousk\u00fd Orb\u00e1n. Stejn\u011b jako nen\u00ed \u010desk\u00fd Orb\u00e1n A. Babi\u0161, ten nav\u00edc nen\u00ed ani \u010cech (dokonce ani Slov\u00e1k).<\/strong><\/p>\n<p><a href=\"https:\/\/ceskavec.com\/2021\/07\/rakouska-verejnost-premieru-kurzovi-uz-ti-ty-kecy-o-reseni-kriminality-uprchliku-neverime\">Hans von Graz<\/a><\/p>\n<p>&nbsp;<\/p>\n","protected":false},"excerpt":{"rendered":"<p>Mlad\u00fd rakousk\u00fd premi\u00e9r Kurz (Rakousk\u00e1 lidov\u00e1 strana \u2013 OVP) je \u010dasto v \u010desk\u00fdch vlasteneck\u00fdch kruz\u00edch&#8230;<\/p>\n","protected":false},"author":2,"featured_media":3072,"comment_status":"closed","ping_status":"closed","sticky":false,"template":"","format":"standard","meta":[],"categories":[7],"tags":[119,154,120],"_links":{"self":[{"href":"https:\/\/www.infokuryr.cz\/n\/wp-json\/wp\/v2\/posts\/3071"}],"collection":[{"href":"https:\/\/www.infokuryr.cz\/n\/wp-json\/wp\/v2\/posts"}],"about":[{"href":"https:\/\/www.infokuryr.cz\/n\/wp-json\/wp\/v2\/types\/post"}],"author":[{"embeddable":true,"href":"https:\/\/www.infokuryr.cz\/n\/wp-json\/wp\/v2\/users\/2"}],"replies":[{"embeddable":true,"href":"https:\/\/www.infokuryr.cz\/n\/wp-json\/wp\/v2\/comments?post=3071"}],"version-history":[{"count":0,"href":"https:\/\/www.infokuryr.cz\/n\/wp-json\/wp\/v2\/posts\/3071\/revisions"}],"wp:featuredmedia":[{"embeddable":true,"href":"https:\/\/www.infokuryr.cz\/n\/wp-json\/wp\/v2\/media\/3072"}],"wp:attachment":[{"href":"https:\/\/www.infokuryr.cz\/n\/wp-json\/wp\/v2\/media?parent=3071"}],"wp:term":[{"taxonomy":"category","embeddable":true,"href":"https:\/\/www.infokuryr.cz\/n\/wp-json\/wp\/v2\/categories?post=3071"},{"taxonomy":"post_tag","embeddable":true,"href":"https:\/\/www.infokuryr.cz\/n\/wp-json\/wp\/v2\/tags?post=3071"}],"curies":[{"name":"wp","href":"https:\/\/api.w.org\/{rel}","templated":true}]}}