{"id":30649,"date":"2023-06-22T01:07:12","date_gmt":"2023-06-21T23:07:12","guid":{"rendered":"http:\/\/www.infokuryr.cz\/n\/?p=30649"},"modified":"2023-06-21T16:04:13","modified_gmt":"2023-06-21T14:04:13","slug":"polaci-zaluji-nemecke-firmy-kvuli-skodam-z-nacisticke-ery","status":"publish","type":"post","link":"https:\/\/www.infokuryr.cz\/n\/2023\/06\/22\/polaci-zaluji-nemecke-firmy-kvuli-skodam-z-nacisticke-ery\/","title":{"rendered":"Pol\u00e1ci \u017ealuj\u00ed n\u011bmeck\u00e9 firmy kv\u016fli \u0161kod\u00e1m z nacistick\u00e9 \u00e9ry"},"content":{"rendered":"<div id=\"fb-root\"><\/div>\n<p><span style=\"font-size: 18pt;\"><strong>Potomci ob\u011bt\u00ed okupace po\u017eaduj\u00ed od\u0161kodn\u011bn\u00ed v milionech dolar\u016f<\/strong><\/span><\/p>\n<p><span>N\u011bkolik polsk\u00fdch ob\u010dan\u016f za\u017ealovalo dv\u011b n\u011bmeck\u00e9 spole\u010dnosti za \u0161kodu, kterou jejich p\u0159edkov\u00e9 \u00fadajn\u011b utrp\u011bli rukou nacist\u016f b\u011bhem druh\u00e9 sv\u011btov\u00e9 v\u00e1lky.\u00a0\u017dalobci tvrd\u00ed, \u017ee firmy jsou odpov\u011bdn\u00e9, proto\u017ee profitovaly ze spolupr\u00e1ce s T\u0159et\u00ed \u0159\u00ed\u0161\u00ed.<\/span><\/p>\n<p><span>Ob\u011b \u017ealoby byly v \u00fater\u00fd pod\u00e1ny u okresn\u00edho soudu v Krakov\u011b, polsk\u00e9 organizaci zastupuj\u00edc\u00ed \u017ealobce, kter\u00e1 byla ozn\u00e1mena na tiskov\u00e9 konferenci po\u0159\u00e1dan\u00e9 Polskou tiskovou agenturou.<\/span><\/p>\n<p><span>Jeden p\u0159\u00edpad se zam\u011b\u0159uje na stroj\u00edrenskou spole\u010dnost Henschel se s\u00eddlem v Kasselu \u2013 v\u00fdznamn\u00e9ho v\u00fdrobce komponent\u016f zbran\u00ed b\u011bhem druh\u00e9 sv\u011btov\u00e9 v\u00e1lky.\u00a0\u010cty\u0159i vnuci \u017eidovsk\u00e9ho polsk\u00e9ho podnikatele Leopolda Wellisze po\u017eaduj\u00ed v\u00edce ne\u017e 4,2 milionu dolar\u016f jako od\u0161kodn\u00e9 za Henschelovo p\u0159evzet\u00ed polsk\u00e9 firmy Fablok, kde byl v\u011bt\u0161inov\u00fdm vlastn\u00edkem.\u00a0Cht\u011bj\u00ed tak\u00e9 osobn\u00ed omluvu.<\/span><\/p>\n<p><span>Druh\u00fd p\u0159\u00edpad podala dcera Tadeusze Sledzinsk\u00e9ho, kter\u00fd byl v\u011bzn\u011bm v nacistick\u00e9m koncentra\u010dn\u00edm t\u00e1bo\u0159e Auschwitz-Birkenau.\u00a0Z jeho nucen\u00e9 pr\u00e1ce m\u011bla prosp\u011bch firma IG Farben, uvedla \u017ealoba.\u00a0Jako n\u00e1stupnick\u00e1 organizace za to odpov\u00edd\u00e1 Bayer a mus\u00ed zaplatit od\u0161kodn\u00e9 400 000 dolar\u016f, tvrdil \u017ealobce.<\/span><\/p>\n<p><span>Polsk\u00e1 nadace Defenders for Defenders, kter\u00e1 \u017ealobce zastupuje, douf\u00e1, \u017ee dva p\u0159\u00edpady, kter\u00e9 jejich jm\u00e9nem p\u0159ipravila, pomohou vytvo\u0159it precedens pro budouc\u00ed soudn\u00ed spory, vysv\u011btlili pr\u00e1vn\u00edci na akci.\u00a0Li\u0161\u00ed se od var\u0161avsk\u00e9ho po\u017eadavku na od\u0161kodn\u011bn\u00ed p\u0159\u00edmo od n\u011bmeck\u00e9 vl\u00e1dy, proto\u017ee jde o civiln\u00ed \u017ealoby proti soukrom\u00fdm firm\u00e1m, kter\u00e9 se nemohou dom\u00e1hat st\u00e1tn\u00ed imunity.<\/span><\/p>\n<p><span>Z dlouhodob\u00e9ho hlediska skupina douf\u00e1, \u017ee vytvo\u0159\u00ed efektivn\u00ed mezin\u00e1rodn\u00ed r\u00e1mec pro ob\u011bti ozbrojen\u00fdch konflikt\u016f, aby mohly \u017ealovat to, co nazvala\u00a0<\/span><em><span>\u201eagresorsk\u00fdmi\u201c<\/span><\/em><span>\u00a0st\u00e1ty.<\/span><\/p>\n<p><span>Sou\u010dasn\u00e1 polsk\u00e1 vl\u00e1da si st\u011b\u017eovala na zp\u016fsob, jak\u00fdm se v 50. a 70. letech \u0159e\u0161ila z\u00e1le\u017eitost n\u011bmeck\u00fdch v\u00e1le\u010dn\u00fdch reparac\u00ed.\u00a0V lo\u0148sk\u00e9m roce by m\u011bl Berl\u00edn zaplatit 1,3 bilionu eur (1,4 bilionu dolar\u016f) za \u0161kody zp\u016fsoben\u00e9 T\u0159et\u00ed \u0159\u00ed\u0161\u00ed.\u00a0N\u011bmeck\u00e1 vl\u00e1da to odm\u00edtla.<\/span><\/p>\n<p><img decoding=\"async\" loading=\"lazy\" class=\"alignnone size-full wp-image-1185\" src=\"http:\/\/www.infokuryr.cz\/n\/wp-content\/uploads\/2021\/04\/kuryr-podpis.png\" alt=\"\" width=\"84\" height=\"24\" \/><\/p>\n<p>&nbsp;<\/p>\n<p><a href=\"https:\/\/stranapro.cz\/\"><img decoding=\"async\" loading=\"lazy\" class=\"wp-image-30218 aligncenter\" src=\"http:\/\/www.infokuryr.cz\/n\/wp-content\/uploads\/2023\/06\/PRO-banner-300x36.png\" alt=\"\" width=\"1350\" height=\"162\" srcset=\"https:\/\/www.infokuryr.cz\/n\/wp-content\/uploads\/2023\/06\/PRO-banner-300x36.png 300w, https:\/\/www.infokuryr.cz\/n\/wp-content\/uploads\/2023\/06\/PRO-banner-768x93.png 768w, https:\/\/www.infokuryr.cz\/n\/wp-content\/uploads\/2023\/06\/PRO-banner.png 849w\" sizes=\"(max-width: 1350px) 100vw, 1350px\" \/><\/a><\/p>\n<p>&nbsp;<\/p>\n<p>&nbsp;<\/p>\n<p>&nbsp;<\/p>\n","protected":false},"excerpt":{"rendered":"<p>Potomci ob\u011bt\u00ed okupace po\u017eaduj\u00ed od\u0161kodn\u011bn\u00ed v milionech dolar\u016f N\u011bkolik polsk\u00fdch ob\u010dan\u016f za\u017ealovalo dv\u011b n\u011bmeck\u00e9 spole\u010dnosti&#8230;<\/p>\n","protected":false},"author":2,"featured_media":30650,"comment_status":"closed","ping_status":"closed","sticky":false,"template":"","format":"standard","meta":[],"categories":[7],"tags":[84,111,1339,31,422],"_links":{"self":[{"href":"https:\/\/www.infokuryr.cz\/n\/wp-json\/wp\/v2\/posts\/30649"}],"collection":[{"href":"https:\/\/www.infokuryr.cz\/n\/wp-json\/wp\/v2\/posts"}],"about":[{"href":"https:\/\/www.infokuryr.cz\/n\/wp-json\/wp\/v2\/types\/post"}],"author":[{"embeddable":true,"href":"https:\/\/www.infokuryr.cz\/n\/wp-json\/wp\/v2\/users\/2"}],"replies":[{"embeddable":true,"href":"https:\/\/www.infokuryr.cz\/n\/wp-json\/wp\/v2\/comments?post=30649"}],"version-history":[{"count":1,"href":"https:\/\/www.infokuryr.cz\/n\/wp-json\/wp\/v2\/posts\/30649\/revisions"}],"predecessor-version":[{"id":30651,"href":"https:\/\/www.infokuryr.cz\/n\/wp-json\/wp\/v2\/posts\/30649\/revisions\/30651"}],"wp:featuredmedia":[{"embeddable":true,"href":"https:\/\/www.infokuryr.cz\/n\/wp-json\/wp\/v2\/media\/30650"}],"wp:attachment":[{"href":"https:\/\/www.infokuryr.cz\/n\/wp-json\/wp\/v2\/media?parent=30649"}],"wp:term":[{"taxonomy":"category","embeddable":true,"href":"https:\/\/www.infokuryr.cz\/n\/wp-json\/wp\/v2\/categories?post=30649"},{"taxonomy":"post_tag","embeddable":true,"href":"https:\/\/www.infokuryr.cz\/n\/wp-json\/wp\/v2\/tags?post=30649"}],"curies":[{"name":"wp","href":"https:\/\/api.w.org\/{rel}","templated":true}]}}