{"id":30642,"date":"2023-06-22T01:01:03","date_gmt":"2023-06-21T23:01:03","guid":{"rendered":"http:\/\/www.infokuryr.cz\/n\/?p=30642"},"modified":"2023-06-21T15:42:33","modified_gmt":"2023-06-21T13:42:33","slug":"nedelnik-adama-b-bartose-137-velky-bratr-na-hrbitove","status":"publish","type":"post","link":"https:\/\/www.infokuryr.cz\/n\/2023\/06\/22\/nedelnik-adama-b-bartose-137-velky-bratr-na-hrbitove\/","title":{"rendered":"NED\u011aLN\u00cdK ADAMA B. BARTO\u0160E (137) VELK\u00dd BRATR NA H\u0158BITOV\u011a"},"content":{"rendered":"<div id=\"fb-root\"><\/div>\n<p><strong>Skand\u00e1ln\u00ed v\u00fdrok (p)rezidenta P\u00e1vka o tom, \u017ee by m\u011bli b\u00fdt v\u0161ichni Rusov\u00e9 sledov\u00e1ni a mezi \u0159\u00e1dky nevy\u0159\u010den\u00e1 v\u00fdhr\u016f\u017eka, \u017ee by snad posl\u00e9ze m\u011bli b\u00fdt zav\u0159eni do koncentra\u010dn\u00edch t\u00e1bor\u016f jako Ameri\u010dan\u00e9 japonsk\u00e9ho p\u016fvodu v dob\u011b druh\u00e9 sv\u011btov\u00e9 v\u00e1lky, mne p\u0159irozen\u011b zaujal.<\/strong><span id=\"more-13671\"><\/span><\/p>\n<p>Tak tvrd\u00fd v\u00fdrok nejen\u017ee napl\u0148uje skutkovou podstatu trestn\u00e9ho \u010dinu podn\u011bcov\u00e1n\u00ed k nen\u00e1visti v\u016f\u010di (rusk\u00e9mu) n\u00e1rodu, ale je i uk\u00e1zkou licom\u011brnosti \u010desk\u00e9 politiky. Zat\u00edmco odpor proti ukrajinsk\u00e9 migraci se trest\u00e1 odn\u011bt\u00edm svobody a m\u00e9dia na\u0159\u00edkaj\u00ed \u2013 a na\u0159\u00edk\u00e1 nad t\u00edm i s\u00e1m (p)rezident \u2013 kdy\u017e se spolu\u017e\u00e1ci vysm\u00edvaj\u00ed ukrajinsk\u00e9 d\u00edvce, v\u016f\u010di Rus\u016fm se pou\u017e\u00edv\u00e1 jin\u00fd metr: ty je t\u0159eba sledovat tajn\u00fdmi slu\u017ebami, monitorovat a nejl\u00e9pe n\u011bkam zav\u0159\u00edt, prost\u011b jen proto, \u017ee se narodili jako Rusov\u00e9.<\/p>\n<p>Prezident m\u00e1 indemnitu, nikdo ho za tento v\u00fdrok st\u00edhat nem\u016f\u017ee, ale o to nejde \u2013 jde o to, jak\u00fd t\u00edm vys\u00edl\u00e1 sign\u00e1l v\u016f\u010di ve\u0159ejnosti. Z pozice sv\u00e9 funkce tak vlastn\u011b d\u00e1v\u00e1 n\u00e1vod v\u0161em \u010cech\u016fm, jak by se m\u011bli v\u016f\u010di Rus\u016fm chovat \u2013 \u017ee by je m\u011bli podez\u00edrat, b\u00fdt v\u016f\u010di nim p\u0159edpojat\u00ed, sledovat je, monitorovat. D\u00e1v\u00e1 tak nep\u011bkn\u00fd p\u0159\u00edklad nen\u00e1visti v dob\u011b, kdy se za \u00fadajn\u00e9 \u0161\u00ed\u0159en\u00ed nen\u00e1visti na soci\u00e1ln\u00edch s\u00edt\u00edch div neupaluje na hranic\u00edch. Dnes nem\u016f\u017eete nikoho nen\u00e1vid\u011bt, v\u0161echny mus\u00edte povinn\u011b milovat, lajkovat, souc\u00edtit s nimi, solidarizovat se, podporovat, ch\u00e1pat, tolerovat \u2013 ale Rusy nen\u00e1vid\u011bt nejen\u017ee m\u016f\u017eete (jak bylo u\u017e na mnoha p\u0159\u00edkladech dok\u00e1z\u00e1no, viz nap\u0159\u00edklad soci\u00e1ln\u00ed s\u00edt\u011b, kter\u00e9 nen\u00e1vistn\u00e9 v\u00fdroky v\u016f\u010di Rus\u016fm z\u00e1m\u011brn\u011b nema\u017eou), ale nejsp\u00ed\u0161e i mus\u00edte \u2013 a m\u011bli byste je nav\u00edc asi tak\u00e9 sledovat a m\u00edt se p\u0159ed nimi na pozoru, vzkazuje n\u00e1m (p)rezident. Le\u017e a nen\u00e1vist mus\u00ed zv\u00edt\u011bzit nad pravdou a l\u00e1skou\u2026<\/p>\n<p>S t\u00edm souvis\u00ed i ned\u00e1vn\u00e1 ud\u00e1lost v Brn\u011b a to, co spustila. M\u00e9dia ml\u010d\u00ed (a ml\u017e\u00ed) o tom, co se stalo mezi cik\u00e1nsk\u00fdm a ukrajinsk\u00fdm mlad\u00edkem, a\u017e na televizi Prima ostatn\u00ed m\u00e9dia ani nena\u0161la odvahu \u00fato\u010dn\u00edka ozna\u010dit za Ukrajince, ov\u0161em varovn\u00e9 a k zamy\u0161len\u00ed vedouc\u00ed video cik\u00e1nsk\u00e9 zp\u011bva\u010dky Lucie Bik\u00e1rov\u00e9 je usilovn\u011b maz\u00e1no, aby snad ani st\u00edn pochybnost\u00ed na ukrajinskou komunitu \u010di na H\u0148upovu vl\u00e1du nepadl. A cik\u00e1ni, kte\u0159\u00ed jsou ukrajinskou migrac\u00ed rovn\u011b\u017e znepokojeni, ano, ti cik\u00e1ni, kte\u0159\u00ed byli st\u00e1tem v\u017edy h\u00fd\u010dk\u00e1ni, jsou najednou vykreslov\u00e1ni jako p\u0159inejmen\u0161\u00edm pom\u00fdlen\u00ed \u2013 pova\u017ete, oni se spol\u010duj\u00ed s krajn\u00ed pravic\u00ed, tvrd\u00ed r\u016fzn\u00ed dezinform\u00e1to\u0159i a \u201ekontrol\u00f3\u0159i pravdy\u201c.<\/p>\n<p>Jak se to \u00fadajn\u00e9 spol\u010den\u00ed cik\u00e1n\u016f s extr\u00e9misty projevuje, to nikdo ne\u0159ekl, ale to ani nen\u00ed t\u0159eba \u2013 neposlu\u0161n\u00fdm cik\u00e1n\u016fm, kte\u0159\u00ed se dovolili ozvat proti Ukrajinc\u016fm, se prost\u011b nasad\u00ed ps\u00ed hlava extr\u00e9mist\u016f, kterou my, vlastenci, tak d\u016fv\u011brn\u011b zn\u00e1me: on\u00e1lepkuj\u00ed se a t\u00edm je z pohledu st\u00e1tu probl\u00e9m vy\u0159e\u0161en (vyt\u011bsn\u011bn). Je to vlastn\u011b st\u00e1t, kter\u00fd ob\u011b skupiny \u2013 vlastence-\u201echcim\u00edry\u201c a cik\u00e1ny \u2013 h\u00e1z\u00ed do jednoho pytle. Vad\u00ed ti, cik\u00e1ne, \u017ee ti ukrajinsk\u00fd migrant zap\u00edchl kamar\u00e1da? Pak jsi vlastn\u011b \u201echcim\u00edr\u201c, dezol\u00e1t, extr\u00e9mista, proto\u017ee Ukrajince mus\u00edme milovat a st\u00e1t za nimi, a\u0165 to stoj\u00ed, co to stoj\u00ed\u2026<\/p>\n<p>Ov\u0161em Rusy mus\u00edme sledovat, monitorovat, proto\u017ee to je nep\u0159\u00e1telsk\u00fd agresivn\u00ed n\u00e1rod, zn\u00ed z Hradu. Zaujalo mne, pro\u010d to v\u016fbec (p)rezident \u0159ekl. Nen\u00ed to vlastn\u011b vypou\u0161t\u011bn\u00ed bal\u00f3nku, pomal\u00e9 p\u0159ipravov\u00e1n\u00ed ve\u0159ejnosti na to, co p\u0159ijde? Nen\u00ed to jako s \u0158ehkou a jeho bal\u00f3nky o mobilizaci? Nev\u00ed (p)rezident n\u011bco, co my nev\u00edme? Nen\u00ed to tak, \u017ee \u201eoni v\u011bd\u00ed\u201c a proto \u0159\u00edkaj\u00ed podobn\u00e9 skand\u00e1ln\u00ed v\u00fdroky? I to mne napadlo\u2026<\/p>\n<p>A je\u0161t\u011b jedna v\u011bc mne v souvislosti s t\u00edm v\u00fdrokem p\u0159i\u0161la na mysl. Zaujala mne u\u017e ve chv\u00edli, kdy jsem si j\u00ed zhruba p\u0159ed m\u011bs\u00edcem v\u0161iml. Ka\u017ed\u00fd rok toti\u017e chod\u00edme na Ol\u0161ansk\u00e9 h\u0159bitovy vzd\u00e1t hold p\u0159edsedovi na\u0161\u00ed strany a nejv\u011bt\u0161\u00edmu \u010desk\u00e9mu politikovi Karlu Kram\u00e1\u0159i. Poh\u0159ben je v krypt\u011b pravoslavn\u00e9ho chr\u00e1mu Zesnut\u00ed p\u0159esvat\u00e9 Bohorodice, nebo\u0165 stavbu chr\u00e1mu finan\u010dn\u011b podporoval. Ka\u017ed\u00fd rok se v krypt\u011b sch\u00e1z\u00edme a ka\u017ed\u00fd rok proto chod\u00edme tou stejnou cestou. I proto mne zaujalo to, \u010deho jsem si loni nev\u0161iml, proto\u017ee jsem si toho v\u0161imnout nemohl: mno\u017estv\u00ed kamer, kter\u00e9 na h\u0159bitov\u011b p\u0159ibyly, ale pozor \u2013 pouze v \u00faseku od vstupu z ulice k pravoslavn\u00e9mu chr\u00e1mu. Velk\u00e9 kamery na vysok\u00fdch sto\u017e\u00e1rech \u2013 a jen na tom kr\u00e1tk\u00e9m \u00faseku jich je tam hned n\u011bkolik. Mysl\u00edm, \u017ee ne\u017e ujdete t\u011bch p\u00e1r des\u00edtek metr\u016f k pravoslavn\u00e9mu chr\u00e1mu, minete tak p\u0159inejmen\u0161\u00edm \u010dty\u0159i sto\u017e\u00e1ry, ka\u017ed\u00fd sto\u017e\u00e1r nese dv\u011b kamery, tak\u017ee zhruba osm kamer.<\/p>\n<p>P\u0159i\u0161lo mi to divn\u00e9, proto jsem se \u0161el pod\u00edvat i na druhou \u010d\u00e1st h\u0159bitova, p\u0159es ulici Jana \u017delivsk\u00e9ho, tedy tu \u010d\u00e1st, kde je hlavn\u00ed vstup a kter\u00e1 je podstatn\u011b v\u011bt\u0161\u00ed. Ne\u0159\u00edk\u00e1m, \u017ee tam kamery nejsou, ale podobn\u00fd sto\u017e\u00e1r jsem vid\u011bl tak jednou za n\u011bkolikan\u00e1sobn\u011b del\u0161\u00ed cestu. U hlavn\u00edho vstupu a pak u v\u00fdchodu do ulice J. \u017delivsk\u00e9ho je u vr\u00e1tnice oby\u010dejn\u00e1 pr\u016fmyslov\u00e1 kamera, jakou vid\u00edte t\u00e9m\u011b\u0159 na ka\u017ed\u00e9 vr\u00e1tnici \u010di recepci, o tom nemluv\u00edm. Ale podobn\u00e9 kamery jako ty, kter\u00e9 doslova lemuj\u00ed cestu k pravoslavn\u00e9mu kostelu, jsou v hlavn\u00ed \u010d\u00e1sti Ol\u0161ansk\u00fdch h\u0159bitov\u016f sp\u00ed\u0161e v\u00fdjimkou. Mysl\u00edm, \u017ee n\u011bkde uprost\u0159ed, na n\u011bjak\u00e9 z k\u0159i\u017eovatek h\u0159bitovn\u00edch cest, jsem jednu spat\u0159il. Ale p\u0159ejd\u011bte do druh\u00e9 \u010d\u00e1sti h\u0159bitova, p\u0159es ulici, a tam z v\u00e1s Velk\u00fd bratr nepust\u00ed o\u010di. Nikde jinde jsem je pak nespat\u0159il: ov\u0161em je\u0161t\u011b na jednom m\u00edst\u011b jich je pom\u011brn\u011b dost. V\u00edte, kde? U vojensk\u00e9ho poh\u0159ebi\u0161t\u011b, kde jsou hroby Rudoarm\u011bjc\u016f, kousek p\u0159ed vstupem z ulice U n\u00e1kladov\u00e9ho n\u00e1dra\u017e\u00ed.<\/p>\n<p>Co t\u00edm chci \u0159\u00edci \u010di nazna\u010dit? Nic. Nechci d\u011blat \u017e\u00e1dn\u00e9 z\u00e1v\u011bry, je to jen spekulace. Dob\u0159e ale v\u00edme, \u017ee v pravoslavn\u00e9m chr\u00e1mu se konaj\u00ed pravideln\u00e9 bohoslu\u017eby, kam doch\u00e1z\u00ed p\u0159edev\u0161\u00edm \u010dlenov\u00e9 rusk\u00e9 komunity. Interi\u00e9r chr\u00e1mu je mal\u00fd a n\u00e1v\u0161t\u011bvn\u00edk\u016f bohoslu\u017eeb tolik, \u017ee se bohoslu\u017eby konaj\u00ed ani ne tak v kostele jako kolem n\u011bj \u2013 pravoslavn\u00fd pop stoj\u00ed na schodech vedouc\u00edch do chr\u00e1mu a des\u00edtky lid\u00ed stoj\u00ed p\u0159ed a po stran\u00e1ch kostela. Nad jejich hlavami jsou kamery a ka\u017ed\u00fd, kdo sem jde, pod tou kamerou projde nejm\u00e9n\u011b p\u011btkr\u00e1t. Kdyby cht\u011bl m\u00edt n\u011bkdo p\u0159ehled o tom, kdo chod\u00ed na pravoslavn\u00e9 bohoslu\u017eby, m\u00e1 k dispozici nespo\u010det dat a v ohromn\u00e9m rozli\u0161en\u00ed. Na tom druh\u00e9m m\u00edst\u011b, u pomn\u00edku a hrob\u016f Rudoarm\u011bjc\u016f, se pak konaj\u00ed vzpom\u00ednkov\u00e9 akce u p\u0159\u00edle\u017eitost\u00ed dn\u016f osobozen\u00ed Rudou arm\u00e1dou, jezd\u00ed tam No\u010dn\u00ed vlci, chod\u00ed tam spousta vlastenc\u016f-dezol\u00e1t\u016f, co Rusy nepova\u017euj\u00ed za nep\u0159\u00e1tele \u2013 a sv\u011bte div se, i tam jsou tyto kamery. A tak mne napadlo, zda to nen\u00ed z\u00e1m\u011br a zda u\u017e n\u00e1hodou k tomu sledov\u00e1n\u00ed nedoch\u00e1z\u00ed. Ale jak \u0159\u00edk\u00e1m, je to jen \u010dist\u011b hypotetick\u00e1 ot\u00e1zka, je to jen takov\u00e9 zamy\u0161len\u00ed. Ptal jsem se na to pravoslavn\u00e9ho popa, kdy\u017e jsme si pak po piet\u011b za Kram\u00e1\u0159e venku chv\u00edli pov\u00eddali. Nep\u0159ijde v\u00e1m to divn\u00e9, \u017ee je tady tolik kamer? pt\u00e1m se ho. Zrovna tady? Pokr\u010dil rameny a usm\u00e1l se a sna\u017eil se to p\u0159ej\u00edt vtipem. Oba jsme se tomu zasm\u00e1li, ale n\u011bjak se nemohu zbavit dojmu, \u017ee na tom k sm\u00edchu nic moc nen\u00ed.<\/p>\n<p>P\u016fvodn\u011b jsem si \u0159\u00edkal, \u017ee o tom nap\u00ed\u0161u ned\u011bln\u00edk. Pak jsem to pustil z hlavy. Nikoho by to nezaj\u00edmalo, \u0159ekl jsem si. Ale pak se P\u00e1vek rozmluvil a mn\u011b se ty v\u011bci tak n\u011bjak spojily. Ale jak \u0159\u00edk\u00e1m, t\u0159eba to v\u0161echno m\u016f\u017ee b\u00fdt jinak. T\u0159eba jsou tam kamery kv\u016fli vandal\u016fm. T\u0159eba vandalov\u00e9 chod\u00ed jen do t\u00e9to \u010d\u00e1sti Ol\u0161ansk\u00fdch h\u0159bitov\u016f\u2026<\/p>\n<p>Vlasti zdar!<\/p>\n<p>Adam B. Barto\u0161<br \/>\np\u0159edseda N\u00e1rodn\u00ed demokracie<\/p>\n<p><img decoding=\"async\" loading=\"lazy\" class=\"alignnone size-full wp-image-678\" src=\"http:\/\/www.infokuryr.cz\/n\/wp-content\/uploads\/2021\/04\/narodni_demokracie_logo.jpg\" alt=\"\" width=\"300\" height=\"85\" \/><\/p>\n<p>&nbsp;<\/p>\n<p>&nbsp;<\/p>\n<p><a href=\"https:\/\/stranapro.cz\/\"><img decoding=\"async\" loading=\"lazy\" class=\"wp-image-30218 aligncenter\" src=\"http:\/\/www.infokuryr.cz\/n\/wp-content\/uploads\/2023\/06\/PRO-banner-300x36.png\" alt=\"\" width=\"1358\" height=\"163\" srcset=\"https:\/\/www.infokuryr.cz\/n\/wp-content\/uploads\/2023\/06\/PRO-banner-300x36.png 300w, https:\/\/www.infokuryr.cz\/n\/wp-content\/uploads\/2023\/06\/PRO-banner-768x93.png 768w, https:\/\/www.infokuryr.cz\/n\/wp-content\/uploads\/2023\/06\/PRO-banner.png 849w\" sizes=\"(max-width: 1358px) 100vw, 1358px\" \/><\/a><\/p>\n<p>&nbsp;<\/p>\n<p>&nbsp;<\/p>\n<p>&nbsp;<\/p>\n","protected":false},"excerpt":{"rendered":"<p>Skand\u00e1ln\u00ed v\u00fdrok (p)rezidenta P\u00e1vka o tom, \u017ee by m\u011bli b\u00fdt v\u0161ichni Rusov\u00e9 sledov\u00e1ni a mezi&#8230;<\/p>\n","protected":false},"author":2,"featured_media":16190,"comment_status":"closed","ping_status":"closed","sticky":false,"template":"","format":"standard","meta":[],"categories":[6],"tags":[367,29,85,122],"_links":{"self":[{"href":"https:\/\/www.infokuryr.cz\/n\/wp-json\/wp\/v2\/posts\/30642"}],"collection":[{"href":"https:\/\/www.infokuryr.cz\/n\/wp-json\/wp\/v2\/posts"}],"about":[{"href":"https:\/\/www.infokuryr.cz\/n\/wp-json\/wp\/v2\/types\/post"}],"author":[{"embeddable":true,"href":"https:\/\/www.infokuryr.cz\/n\/wp-json\/wp\/v2\/users\/2"}],"replies":[{"embeddable":true,"href":"https:\/\/www.infokuryr.cz\/n\/wp-json\/wp\/v2\/comments?post=30642"}],"version-history":[{"count":0,"href":"https:\/\/www.infokuryr.cz\/n\/wp-json\/wp\/v2\/posts\/30642\/revisions"}],"wp:featuredmedia":[{"embeddable":true,"href":"https:\/\/www.infokuryr.cz\/n\/wp-json\/wp\/v2\/media\/16190"}],"wp:attachment":[{"href":"https:\/\/www.infokuryr.cz\/n\/wp-json\/wp\/v2\/media?parent=30642"}],"wp:term":[{"taxonomy":"category","embeddable":true,"href":"https:\/\/www.infokuryr.cz\/n\/wp-json\/wp\/v2\/categories?post=30642"},{"taxonomy":"post_tag","embeddable":true,"href":"https:\/\/www.infokuryr.cz\/n\/wp-json\/wp\/v2\/tags?post=30642"}],"curies":[{"name":"wp","href":"https:\/\/api.w.org\/{rel}","templated":true}]}}