{"id":30623,"date":"2023-06-21T04:59:03","date_gmt":"2023-06-21T02:59:03","guid":{"rendered":"http:\/\/www.infokuryr.cz\/n\/?p=30623"},"modified":"2023-06-21T04:59:03","modified_gmt":"2023-06-21T02:59:03","slug":"polsko-propusti-desitky-tisic-uredniku-kteri-spolupracovali-s-polskymi-specialnimi-sluzbami","status":"publish","type":"post","link":"https:\/\/www.infokuryr.cz\/n\/2023\/06\/21\/polsko-propusti-desitky-tisic-uredniku-kteri-spolupracovali-s-polskymi-specialnimi-sluzbami\/","title":{"rendered":"Polsko propust\u00ed des\u00edtky tis\u00edc \u00fa\u0159edn\u00edk\u016f, kte\u0159\u00ed spolupracovali s polsk\u00fdmi speci\u00e1ln\u00edmi slu\u017ebami"},"content":{"rendered":"<div id=\"fb-root\"><\/div>\n<p><strong>Polsk\u00fd prezident Andrzej Duda podepsal z\u00e1kon o lustraci des\u00edtek tis\u00edc \u00fa\u0159edn\u00edk\u016f.\u00a0Podle RMF24 budou v\u0161ichni zam\u011bstnanci ve\u0159ejn\u00fdch instituc\u00ed povinni p\u0159edkl\u00e1dat p\u0159\u00edslu\u0161n\u00e1 prohl\u00e1\u0161en\u00ed.\u00a0Ti, kte\u0159\u00ed v dob\u011b Polsk\u00e9 lidov\u00e9 republiky spolupracovali s bezpe\u010dnostn\u00edmi slo\u017ekami, p\u0159ijdou t\u00e9m\u011b\u0159 okam\u017eit\u011b o pr\u00e1ci.\u00a0Podle opozi\u010dn\u00edch politik\u016f je tento n\u00e1vrh z\u00e1kona op\u011btovnou dekomunizac\u00ed a kv\u016fli n\u011bmu budou nejzku\u0161en\u011bj\u0161\u00ed \u00fa\u0159edn\u00edci na ulici.<\/strong><\/p>\n<p>Polsk\u00fd prezident Andrzej Duda podepsal z\u00e1kon o lustraci des\u00edtek tis\u00edc \u00fa\u0159edn\u00edk\u016f.\u00a0Podle RMF24 budou v\u0161ichni zam\u011bstnanci ve\u0159ejn\u00fdch instituc\u00ed povinni p\u0159edkl\u00e1dat p\u0159\u00edslu\u0161n\u00e1 prohl\u00e1\u0161en\u00ed.\u00a0Ti, kte\u0159\u00ed v dob\u011b Polsk\u00e9 lidov\u00e9 republiky spolupracovali s bezpe\u010dnostn\u00edmi slo\u017ekami, p\u0159ijdou t\u00e9m\u011b\u0159 okam\u017eit\u011b o pr\u00e1ci.<\/p>\n<p>Z\u00e1kon o st\u00e1tn\u00ed slu\u017eb\u011b vstupuje v platnost za 3 m\u011bs\u00edce, av\u0161ak ustanoven\u00ed t\u00fdkaj\u00edc\u00ed se lustrace nab\u00fdvaj\u00ed \u00fa\u010dinnosti hned n\u00e1sleduj\u00edc\u00ed den po vyhl\u00e1\u0161en\u00ed.\u00a0Podle t\u011bchto ustanoven\u00ed budou muset \u201elustra\u010dn\u00ed prohl\u00e1\u0161en\u00ed\u201c podat v\u0161ichni \u00fa\u0159edn\u00edci narozen\u00ed do 1. srpna 1972.\u00a0Maj\u00ed na to 30 dn\u00ed.<\/p>\n<p>Pokud je v tomto prohl\u00e1\u0161en\u00ed \u00fa\u0159edn\u00edk uzn\u00e1n za spolupracuj\u00edc\u00edho s bezpe\u010dnostn\u00edmi org\u00e1ny PPR, mus\u00ed b\u00fdt jeho slu\u017eebn\u00ed pom\u011br ke st\u00e1tn\u00ed instituci ukon\u010den po 15 dnech od pod\u00e1n\u00ed \u017e\u00e1dosti.\u00a0V p\u0159\u00edpad\u011b absence prohl\u00e1\u0161en\u00ed budou d\u016fsledky podobn\u00e9.<\/p>\n<p>Prohl\u00e1\u0161en\u00ed \u00fa\u0159edn\u00edk\u016f, kte\u0159\u00ed takovou spolupr\u00e1ci odm\u00edtaj\u00ed, zkontroluje \u00dastav n\u00e1rodn\u00ed pam\u011bti do 5 m\u011bs\u00edc\u016f.\u00a0Pokud \u00dastav takovou spolupr\u00e1ci zjist\u00ed, bude \u00fa\u0159edn\u00edk propu\u0161t\u011bn se z\u00e1kazem pr\u00e1ce ve st\u00e1tn\u00edch instituc\u00edch.<\/p>\n<p>Nov\u00e9 normy nepo\u010d\u00edtaj\u00ed s potvrzov\u00e1n\u00edm pravdivosti prohl\u00e1\u0161en\u00ed, ale s kontrolou stavu st\u00e1tn\u00edch archiv\u016f uchov\u00e1vaj\u00edc\u00edch data o ob\u010danech.\u00a0Na z\u00e1klad\u011b nov\u00e9ho z\u00e1kona p\u0159itom m\u016f\u017ee automaticky a bez mo\u017enosti odvol\u00e1n\u00ed p\u0159ij\u00edt o pr\u00e1ci zat\u00edm nezn\u00e1m\u00fd po\u010det \u00fa\u0159edn\u00edk\u016f star\u0161\u00edch 51 let.<\/p>\n<p>Podle opozi\u010dn\u00edch politik\u016f je tento n\u00e1vrh z\u00e1kona op\u011btovnou dekomunizac\u00ed a kv\u016fli n\u011bmu budou nejzku\u0161en\u011bj\u0161\u00ed \u00fa\u0159edn\u00edci na ulici.\u00a0Podle vl\u00e1dy bude muset b\u00fdt propu\u0161t\u011bno asi 40 000 specialist\u016f.<\/p>\n<p>Z\u00e1stupci \u00dastavu n\u00e1rodn\u00ed pam\u011bti hl\u00e1s\u00ed, \u017ee 3000 lid\u00ed u\u017e podalo prohl\u00e1\u0161en\u00ed, ve kter\u00fdch se p\u0159iznali ke spolupr\u00e1ci se speci\u00e1ln\u00edmi slu\u017ebami.\u00a0Nen\u00ed zn\u00e1mo, kolik takov\u00fdch \u00fa\u0159edn\u00edk\u016f v sou\u010dasnosti pracuje v r\u016fzn\u00fdch odd\u011blen\u00edch.\u00a0Nyn\u00ed p\u0159ijdou o pr\u00e1ci, i kdy\u017e pracovali 15-20 let.<\/p>\n<p><img decoding=\"async\" loading=\"lazy\" class=\"alignnone size-full wp-image-1185\" src=\"http:\/\/www.infokuryr.cz\/n\/wp-content\/uploads\/2021\/04\/kuryr-podpis.png\" alt=\"\" width=\"84\" height=\"24\" \/><\/p>\n<p>&nbsp;<\/p>\n<p><a href=\"https:\/\/stranapro.cz\/\"><img decoding=\"async\" loading=\"lazy\" class=\"wp-image-30218 aligncenter\" src=\"http:\/\/www.infokuryr.cz\/n\/wp-content\/uploads\/2023\/06\/PRO-banner-300x36.png\" alt=\"\" width=\"1367\" height=\"164\" srcset=\"https:\/\/www.infokuryr.cz\/n\/wp-content\/uploads\/2023\/06\/PRO-banner-300x36.png 300w, https:\/\/www.infokuryr.cz\/n\/wp-content\/uploads\/2023\/06\/PRO-banner-768x93.png 768w, https:\/\/www.infokuryr.cz\/n\/wp-content\/uploads\/2023\/06\/PRO-banner.png 849w\" sizes=\"(max-width: 1367px) 100vw, 1367px\" \/><\/a><\/p>\n<p>&nbsp;<\/p>\n<p>&nbsp;<\/p>\n<p>&nbsp;<\/p>\n","protected":false},"excerpt":{"rendered":"<p>Polsk\u00fd prezident Andrzej Duda podepsal z\u00e1kon o lustraci des\u00edtek tis\u00edc \u00fa\u0159edn\u00edk\u016f.\u00a0Podle RMF24 budou v\u0161ichni zam\u011bstnanci&#8230;<\/p>\n","protected":false},"author":2,"featured_media":12340,"comment_status":"closed","ping_status":"closed","sticky":false,"template":"","format":"standard","meta":[],"categories":[7],"tags":[5276,31,2559],"_links":{"self":[{"href":"https:\/\/www.infokuryr.cz\/n\/wp-json\/wp\/v2\/posts\/30623"}],"collection":[{"href":"https:\/\/www.infokuryr.cz\/n\/wp-json\/wp\/v2\/posts"}],"about":[{"href":"https:\/\/www.infokuryr.cz\/n\/wp-json\/wp\/v2\/types\/post"}],"author":[{"embeddable":true,"href":"https:\/\/www.infokuryr.cz\/n\/wp-json\/wp\/v2\/users\/2"}],"replies":[{"embeddable":true,"href":"https:\/\/www.infokuryr.cz\/n\/wp-json\/wp\/v2\/comments?post=30623"}],"version-history":[{"count":0,"href":"https:\/\/www.infokuryr.cz\/n\/wp-json\/wp\/v2\/posts\/30623\/revisions"}],"wp:featuredmedia":[{"embeddable":true,"href":"https:\/\/www.infokuryr.cz\/n\/wp-json\/wp\/v2\/media\/12340"}],"wp:attachment":[{"href":"https:\/\/www.infokuryr.cz\/n\/wp-json\/wp\/v2\/media?parent=30623"}],"wp:term":[{"taxonomy":"category","embeddable":true,"href":"https:\/\/www.infokuryr.cz\/n\/wp-json\/wp\/v2\/categories?post=30623"},{"taxonomy":"post_tag","embeddable":true,"href":"https:\/\/www.infokuryr.cz\/n\/wp-json\/wp\/v2\/tags?post=30623"}],"curies":[{"name":"wp","href":"https:\/\/api.w.org\/{rel}","templated":true}]}}