{"id":30622,"date":"2023-06-21T04:51:59","date_gmt":"2023-06-21T02:51:59","guid":{"rendered":"http:\/\/www.infokuryr.cz\/n\/?p=30622"},"modified":"2023-06-21T04:51:59","modified_gmt":"2023-06-21T02:51:59","slug":"usa-musi-udelat-spravnou-vec-pro-stabilni-a-lepsi-cinsko-americke-vztahy","status":"publish","type":"post","link":"https:\/\/www.infokuryr.cz\/n\/2023\/06\/21\/usa-musi-udelat-spravnou-vec-pro-stabilni-a-lepsi-cinsko-americke-vztahy\/","title":{"rendered":"USA mus\u00ed ud\u011blat spr\u00e1vnou v\u011bc pro \u201estabiln\u00ed a lep\u0161\u00ed\u201c \u010d\u00ednsko-americk\u00e9 vztahy"},"content":{"rendered":"<div id=\"fb-root\"><\/div>\n<p><span data-spm-anchor-id=\"C01140752918.Pq1poEUXqS9i.0.i2\">Americk\u00fd ministr zahrani\u010d\u00ed Antony Blinken ukon\u010dil 19. \u010dervna svou dvoudenn\u00ed n\u00e1v\u0161t\u011bvu \u010c\u00edny. B\u011bhem tohoto obdob\u00ed se s n\u00edm setkal \u010d\u00ednsk\u00fd prezident Xi Jinping (Si \u0164in-pching) a jednali s n\u00edm \u010d\u00edn\u0161t\u00ed p\u0159edstavitel\u00e9 odpov\u011bdn\u00ed za zahrani\u010dn\u00ed z\u00e1le\u017eitosti. Ob\u011b strany se dohodly na spole\u010dn\u00e9 realizaci konsenzu, kter\u00e9ho dos\u00e1hli v\u016fdci obou zem\u00ed na Bali, a vyslaly tak pozitivn\u00ed sign\u00e1l, \u017ee vztah mezi ob\u011bma zem\u011bmi se stabilizoval.<\/span><\/p>\n<p>Antony Blinken je prvn\u00edm \u00fa\u0159edn\u00edkem Bidenovy administrativy, kter\u00fd nav\u0161t\u00edvil \u010c\u00ednu, a tak\u00e9 vysok\u00fdm p\u0159edstavitelem USA, kter\u00fd nav\u0161t\u00edvil \u010c\u00ednu od \u0159\u00edjna 2018. Do jist\u00e9 m\u00edry to ukazuje, \u017ee \u010d\u00ednsko-americk\u00e9 vztahy jsou v sou\u010dasnosti na nejni\u017e\u0161\u00edm bod\u011b od nav\u00e1z\u00e1n\u00ed diplomatick\u00fdch vztah\u016f mezi ob\u011bma zem\u011bmi.<\/p>\n<p>Americk\u00fd prezident Joe Biden reagoval na cestu Antonyho Blinkena 19. \u010dervna slovy \u201ejsme na spr\u00e1vn\u00e9 cest\u011b\u201c. Pozorovatel\u00e9 pouk\u00e1zali na to, \u017ee \u010c\u00edna m\u011bla v\u017edy odpov\u011bdn\u00fd postoj k prosazov\u00e1n\u00ed \u201estabilizace a zlep\u0161en\u00ed\u201c \u010d\u00ednsko-americk\u00fdch vztah\u016f a jistou m\u00edru vz\u00e1jemn\u00e9ho postoje tentokr\u00e1t prok\u00e1zala i americk\u00e1 strana.<\/p>\n<p><a href=\"https:\/\/stranapro.cz\/\"><img decoding=\"async\" loading=\"lazy\" class=\"wp-image-30218 aligncenter\" src=\"http:\/\/www.infokuryr.cz\/n\/wp-content\/uploads\/2023\/06\/PRO-banner-300x36.png\" alt=\"\" width=\"1367\" height=\"164\" srcset=\"https:\/\/www.infokuryr.cz\/n\/wp-content\/uploads\/2023\/06\/PRO-banner-300x36.png 300w, https:\/\/www.infokuryr.cz\/n\/wp-content\/uploads\/2023\/06\/PRO-banner-768x93.png 768w, https:\/\/www.infokuryr.cz\/n\/wp-content\/uploads\/2023\/06\/PRO-banner.png 849w\" sizes=\"(max-width: 1367px) 100vw, 1367px\" \/><\/a><\/p>\n<p>B\u011bhem setk\u00e1n\u00ed s Antonym Blinkenem tentokr\u00e1t \u010d\u00ednsk\u00e1 strana up\u0159\u00edmn\u011b vyj\u00e1d\u0159ila sv\u00e9 n\u00e1zory: propast v \u010d\u00ednsko-americk\u00fdch vztaz\u00edch m\u00e1 ko\u0159eny ve \u0161patn\u00e9m vn\u00edm\u00e1n\u00ed \u010c\u00edny ze strany USA, co\u017e vede k nespr\u00e1vn\u00e9 politice v\u016f\u010di \u010c\u00edn\u011b. Toto \u201enespr\u00e1vn\u00e9 vn\u00edm\u00e1n\u00ed\u201c odkazuje na skute\u010dnost, \u017ee USA pova\u017euj\u00ed \u010c\u00ednu za sv\u00e9ho hlavn\u00edho rivala a nejz\u00e1va\u017en\u011bj\u0161\u00ed dlouhodobou v\u00fdzvu, co\u017e vede k absurdn\u00ed a protich\u016fdn\u00e9 politice v\u016f\u010di \u010c\u00edn\u011b: vyh\u00fdb\u00e1n\u00ed se konflikt\u016fm a konfrontac\u00edm a z\u00e1rove\u0148 zapojen\u00ed do sout\u011b\u017ee s nulov\u00fdm sou\u010dtem, a vy\u017eadov\u00e1n\u00ed dialogu a komunikace, zat\u00edmco se prov\u00e1d\u00ed omezen\u00ed a potla\u010den\u00ed. Jen n\u011bkolik dn\u00ed p\u0159ed n\u00e1v\u0161t\u011bvou Antonyho Blinkena v \u010c\u00edn\u011b p\u0159idaly USA n\u011bkter\u00e9 \u010d\u00ednsk\u00e9 entity na \u201eSeznam entit\u201c pro kontrolu exportu na z\u00e1klad\u011b takzvan\u00e9 vojensk\u00e9 a lidskopr\u00e1vn\u00ed \u00fa\u010dasti.<\/p>\n<p>\u010c\u00ednsk\u00e1 strana na sch\u016fzce s Antonym Blinkenem zopakovala, \u017ee \u010c\u00edna respektuje z\u00e1jmy USA a nehodl\u00e1 Spojen\u00e9 st\u00e1ty zpochyb\u0148ovat ani je nahrazovat. Proto by i USA m\u011bly respektovat \u010c\u00ednu a nepo\u0161kozovat jej\u00ed legitimn\u00ed pr\u00e1va a z\u00e1jmy. To ukazuje, \u017ee \u010c\u00edna nen\u00e1sleduje z\u00e1padn\u00ed kurz \u201ehegemonie siln\u00e9 mocnosti\u201c a v \u017e\u00e1dn\u00e9m p\u0159\u00edpad\u011b neakceptuje zahrani\u010dn\u00ed \u00fatlak.<\/p>\n<p>Ot\u00e1zka Tchaj-wanu je j\u00e1drem kl\u00ed\u010dov\u00fdch z\u00e1jm\u016f \u010c\u00edny. Je to tak\u00e9 nejd\u016fle\u017eit\u011bj\u0161\u00ed ot\u00e1zka pro \u010d\u00ednsko-americk\u00e9 vztahy. \u010c\u00edna nal\u00e9hala na USA, aby dodr\u017eovaly t\u0159i \u010d\u00ednsko-americk\u00e1 spole\u010dn\u00e1 komunik\u00e9 a z\u00e1sadu jedn\u00e9 \u010c\u00edny, respektovaly \u010d\u00ednskou suverenitu a \u00fazemn\u00ed celistvost a jednozna\u010dn\u011b odm\u00edtly \u201etchajwansk\u00e9 snahy o nez\u00e1vislost\u201c. Toto je krajn\u00ed mez v nejd\u016fle\u017eit\u011bj\u0161\u00ed z\u00e1kladn\u00ed ot\u00e1zce.<\/p>\n<p data-spm-anchor-id=\"C01140752918.Pq1poEUXqS9i.0.i3\">\u010c\u00edna nav\u00edc vyzvala Spojen\u00e9 st\u00e1ty, aby zastavily propagandu teorie \u201e\u010d\u00ednsk\u00e9 hrozby\u201c, zru\u0161ily nez\u00e1konn\u00e9 jednostrann\u00e9 sankce proti \u010c\u00edn\u011b a zastavily potla\u010dov\u00e1n\u00ed \u010d\u00ednsk\u00e9ho v\u011bdeck\u00e9ho a technologick\u00e9ho rozvoje. B\u011bhem Blinkenovy n\u00e1v\u0161t\u011bvy v \u010c\u00edn\u011b se ob\u011b strany dohodly na neust\u00e1l\u00e9m pokroku v konzultac\u00edch o hlavn\u00edch z\u00e1sad\u00e1ch bilater\u00e1ln\u00edch vztah\u016f, na podpo\u0159e spole\u010dn\u00fdch bilater\u00e1ln\u00edch jedn\u00e1n\u00ed pracovn\u00edch skupin, na roz\u0161\u00ed\u0159en\u00ed kulturn\u00edch a vzd\u011bl\u00e1vac\u00edch v\u00fdm\u011bn mezi ob\u011bma zem\u011bmi a na diskusi o zv\u00fd\u0161en\u00ed po\u010dtu cestuj\u00edc\u00edch mezi ob\u011bma zem\u011bmi. To ukazuje, \u017ee ob\u011b strany maj\u00ed rozs\u00e1hl\u00e9 spole\u010dn\u00e9 z\u00e1jmy a \u0161irok\u00fd prostor pro spolupr\u00e1ci, kter\u00e9 mohou b\u00fdt podn\u011btem ke zlep\u0161en\u00ed bilater\u00e1ln\u00edch vztah\u016f.<\/p>\n<p>Spojen\u00e9 st\u00e1ty by m\u011bly splnit sv\u00e9 sliby a demonstrovat pov\u011bst velmoci up\u0159\u00edmn\u00fdmi \u010diny. To je jedin\u00fd zp\u016fsob, jak dostat \u010d\u00ednsko-americk\u00e9 vztahy zp\u011bt na spr\u00e1vnou cestu. \u0160irok\u00e1 Zem\u011b m\u016f\u017ee obs\u00e1hnout vlastn\u00ed rozvoj a spole\u010dnou prosperitu \u010c\u00edny a Spojen\u00fdch st\u00e1t\u016f.<\/p>\n<p><img decoding=\"async\" loading=\"lazy\" class=\"alignnone size-full wp-image-1185\" src=\"http:\/\/www.infokuryr.cz\/n\/wp-content\/uploads\/2021\/04\/kuryr-podpis.png\" alt=\"\" width=\"84\" height=\"24\" \/><\/p>\n<p>&nbsp;<\/p>\n<p><a href=\"https:\/\/stranapro.cz\/\"><img decoding=\"async\" loading=\"lazy\" class=\"wp-image-30218 aligncenter\" src=\"http:\/\/www.infokuryr.cz\/n\/wp-content\/uploads\/2023\/06\/PRO-banner-300x36.png\" alt=\"\" width=\"1367\" height=\"164\" srcset=\"https:\/\/www.infokuryr.cz\/n\/wp-content\/uploads\/2023\/06\/PRO-banner-300x36.png 300w, https:\/\/www.infokuryr.cz\/n\/wp-content\/uploads\/2023\/06\/PRO-banner-768x93.png 768w, https:\/\/www.infokuryr.cz\/n\/wp-content\/uploads\/2023\/06\/PRO-banner.png 849w\" sizes=\"(max-width: 1367px) 100vw, 1367px\" \/><\/a><\/p>\n<p>&nbsp;<\/p>\n<p>&nbsp;<\/p>\n<p>&nbsp;<\/p>\n","protected":false},"excerpt":{"rendered":"<p>Americk\u00fd ministr zahrani\u010d\u00ed Antony Blinken ukon\u010dil 19. \u010dervna svou dvoudenn\u00ed n\u00e1v\u0161t\u011bvu \u010c\u00edny. B\u011bhem tohoto obdob\u00ed&#8230;<\/p>\n","protected":false},"author":2,"featured_media":2906,"comment_status":"closed","ping_status":"closed","sticky":false,"template":"","format":"standard","meta":[],"categories":[7],"tags":[30,37,814],"_links":{"self":[{"href":"https:\/\/www.infokuryr.cz\/n\/wp-json\/wp\/v2\/posts\/30622"}],"collection":[{"href":"https:\/\/www.infokuryr.cz\/n\/wp-json\/wp\/v2\/posts"}],"about":[{"href":"https:\/\/www.infokuryr.cz\/n\/wp-json\/wp\/v2\/types\/post"}],"author":[{"embeddable":true,"href":"https:\/\/www.infokuryr.cz\/n\/wp-json\/wp\/v2\/users\/2"}],"replies":[{"embeddable":true,"href":"https:\/\/www.infokuryr.cz\/n\/wp-json\/wp\/v2\/comments?post=30622"}],"version-history":[{"count":0,"href":"https:\/\/www.infokuryr.cz\/n\/wp-json\/wp\/v2\/posts\/30622\/revisions"}],"wp:featuredmedia":[{"embeddable":true,"href":"https:\/\/www.infokuryr.cz\/n\/wp-json\/wp\/v2\/media\/2906"}],"wp:attachment":[{"href":"https:\/\/www.infokuryr.cz\/n\/wp-json\/wp\/v2\/media?parent=30622"}],"wp:term":[{"taxonomy":"category","embeddable":true,"href":"https:\/\/www.infokuryr.cz\/n\/wp-json\/wp\/v2\/categories?post=30622"},{"taxonomy":"post_tag","embeddable":true,"href":"https:\/\/www.infokuryr.cz\/n\/wp-json\/wp\/v2\/tags?post=30622"}],"curies":[{"name":"wp","href":"https:\/\/api.w.org\/{rel}","templated":true}]}}