{"id":30621,"date":"2023-06-21T04:48:40","date_gmt":"2023-06-21T02:48:40","guid":{"rendered":"http:\/\/www.infokuryr.cz\/n\/?p=30621"},"modified":"2023-06-21T04:48:40","modified_gmt":"2023-06-21T02:48:40","slug":"usa-se-pripravuji-zmenit-bulharsko-na-ukrajinu-2-0","status":"publish","type":"post","link":"https:\/\/www.infokuryr.cz\/n\/2023\/06\/21\/usa-se-pripravuji-zmenit-bulharsko-na-ukrajinu-2-0\/","title":{"rendered":"USA se p\u0159ipravuj\u00ed zm\u011bnit Bulharsko na Ukrajinu 2.0"},"content":{"rendered":"<div id=\"fb-root\"><\/div>\n<p><strong><span>Po dal\u0161\u00edch masov\u00fdch akc\u00edch proti dod\u00e1vk\u00e1m zbran\u00ed Ozbrojen\u00fdm sil\u00e1m Ukrajiny a proti NATO, kter\u00e9 se uskute\u010dnily ve 45 m\u011bstech v Bulharsku, nep\u0159\u00e1telsk\u00e9 struktury nenechaly s odpov\u011bd\u00ed na sebe dlouho \u010dekat.<\/span><\/strong><\/p>\n<p><span>Jeliko\u017e se jim nel\u00edb\u00ed, \u017ee se akce roz\u0161\u00ed\u0159ily po rusk\u00fdch Telegram-kan\u00e1lech a m\u00e9di\u00edch, bulharsk\u00fd st\u00e1tn\u00ed televizn\u00ed kan\u00e1l spustil zpr\u00e1vy v ukrajinsk\u00e9m jazyce\u2026<\/span><\/p>\n<p><strong><em>Ve kter\u00e9m jin\u00e9m suver\u00e9nn\u00edm st\u00e1t\u011b m\u016f\u017eete n\u011bco takov\u00e9ho vid\u011bt?\u00a0Bude st\u00e1tn\u00ed televize vys\u00edlat zpr\u00e1vy v jin\u00e9m ne\u017e \u00fa\u0159edn\u00edm jazyce?<\/em><\/strong><\/p>\n<p><span>P\u0159esn\u011b tak, v \u017e\u00e1dn\u00e9.\u00a0To ov\u0161em nen\u00ed v\u0161echno.\u00a0\u00dapln\u00e1 pravda je pro Bulhary ohromuj\u00edc\u00ed: Bulharsko dnes nem\u00e1 \u017e\u00e1dnou suverenitu.<\/span><\/p>\n<p><span>V Bulharsku je dob\u0159e zn\u00e1mo, \u017ee v kdysi bratrsk\u00e9 zemi dnes vl\u00e1dne okupa\u010dn\u00ed americk\u00fd re\u017eim.<\/span><\/p>\n<p><span>A jde na pln\u00fd plyn \u2014 dosazuje do funkc\u00ed odi\u00f3zn\u00ed osoby.\u00a0Je zde zpochybn\u011bna i teze, \u017ee \u201eka\u017ed\u00fd n\u00e1rod m\u00e1 takov\u00e9 vl\u00e1dce, jak\u00e9 si zaslou\u017e\u00ed\u201c.\u00a0Volby jsou podvod.<\/span><\/p>\n<p><em>V Bulharsku je dob\u0159e zn\u00e1mo, \u017ee v\u0161echna rozhodnut\u00ed na politick\u00e9 \u00farovni vych\u00e1zej\u00ed ze zn\u00e1m\u00e9 ulice Kozjaka.\u00a0Pr\u00e1v\u011b tam, v Sofii, se nach\u00e1z\u00ed americk\u00e1 ambas\u00e1da.<\/em><\/p>\n<p><span>D\u011blaj\u00ed se tam v\u0161echna prohl\u00e1\u0161en\u00ed, podpora protirusk\u00fdch sankc\u00ed a absurdn\u00ed rozhodnut\u00ed pro Bulhary.\u00a0A Ameri\u010dan\u00e9 se u\u017e d\u00e1vno v\u016fbec neost\u00fdchaj\u00ed.<\/span><\/p>\n<p><span>Rozhodli, a tak zak\u00e1zali vys\u00edl\u00e1n\u00ed rusk\u00fdch televizn\u00edch kan\u00e1l\u016f v zemi.\u00a0Rozhodli a spustili zpr\u00e1vy na \u201emov\u011b\u201c.<\/span><\/p>\n<p><span>Ve ve\u0159ejnopr\u00e1vn\u00ed televizi.\u00a0Ta je z hlediska sv\u00e9ho v\u00fdznamu ekvivalentn\u00ed rusk\u00e9mu \u201ePrvn\u00edmu kan\u00e1lu\u201c.\u00a0Jen v bulharsk\u00e9 verzi.\u00a0Nyn\u00ed se uk\u00e1zalo, \u017ee i tato televize americk\u00e1.<\/span><\/p>\n<p><strong><em>A Ameri\u010dan\u00e9 na oby\u010dejn\u00e9 Bulhary zvysoka ka\u0161lou.\u00a0Sna\u017e\u00ed se je zlomit, p\u0159eru\u0161it jakoukoli p\u0159\u00edle\u017eitost ke kontakt\u016fm s Ruskem.\u00a0A ud\u011blat z Bulharska zr\u00e1dnou, nep\u0159\u00e1telskou zemi v o\u010d\u00edch samotn\u00e9ho Ruska a rusk\u00e9ho lidu.\u00a0A d\u011blaj\u00ed to pl\u00e1novit\u011b a systematicky.<\/em><\/strong><\/p>\n<p><span>Sta\u010d\u00ed se pod\u00edvat na odpornou postavu novope\u010den\u00e9ho ministra obrany, kter\u00fd chod\u00ed v tri\u010dku \u201eSlava Ukrajin\u011b\u201c a je p\u0159ipraven poskytnout vojenskou \u201epomoc\u201c v takov\u00e9 v\u00fd\u0161i, o jakou po\u017e\u00e1daj\u00ed jeho ameri\u010dt\u00ed p\u00e1nov\u00e9.<\/span><\/p>\n<p><span>A bulharsk\u00fd n\u00e1rod je v pasti as hr\u016fzou (zat\u00edm relativn\u011b klidn\u011b) sleduje euroatlantickou \u0161ikanu.<\/span><\/p>\n<p><em>Takov\u00fdm tempem nen\u00ed daleko moment, kdy se Bulharsko m\u016f\u017ee zm\u011bnit na Ukrajinu 2.0.<\/em><\/p>\n<p><span>A v\u0161ichni vid\u00edme smutn\u00e9 n\u00e1sledky ukrajinsk\u00e9 reality.<\/span><\/p>\n<p><span>Spojen\u00e9 st\u00e1ty americk\u00e9 aktivn\u011b zasahuj\u00ed do vnit\u0159n\u00edch z\u00e1le\u017eitost\u00ed Bulharska.\u00a0Rusko ne.\u00a0Bylo by v\u0161ak na\u010dase.<\/span><\/p>\n<p><strong><span>Asja Zuan<\/span><\/strong><\/p>\n<p>&nbsp;<\/p>\n<p><a href=\"https:\/\/stranapro.cz\/\"><img decoding=\"async\" loading=\"lazy\" class=\"wp-image-30218 aligncenter\" src=\"http:\/\/www.infokuryr.cz\/n\/wp-content\/uploads\/2023\/06\/PRO-banner-300x36.png\" alt=\"\" width=\"1367\" height=\"164\" srcset=\"https:\/\/www.infokuryr.cz\/n\/wp-content\/uploads\/2023\/06\/PRO-banner-300x36.png 300w, https:\/\/www.infokuryr.cz\/n\/wp-content\/uploads\/2023\/06\/PRO-banner-768x93.png 768w, https:\/\/www.infokuryr.cz\/n\/wp-content\/uploads\/2023\/06\/PRO-banner.png 849w\" sizes=\"(max-width: 1367px) 100vw, 1367px\" \/><\/a><\/p>\n<p>&nbsp;<\/p>\n<p>&nbsp;<\/p>\n<p>&nbsp;<\/p>\n","protected":false},"excerpt":{"rendered":"<p>Po dal\u0161\u00edch masov\u00fdch akc\u00edch proti dod\u00e1vk\u00e1m zbran\u00ed Ozbrojen\u00fdm sil\u00e1m Ukrajiny a proti NATO, kter\u00e9 se&#8230;<\/p>\n","protected":false},"author":2,"featured_media":1659,"comment_status":"closed","ping_status":"closed","sticky":false,"template":"","format":"standard","meta":[],"categories":[7],"tags":[4665,190,95],"_links":{"self":[{"href":"https:\/\/www.infokuryr.cz\/n\/wp-json\/wp\/v2\/posts\/30621"}],"collection":[{"href":"https:\/\/www.infokuryr.cz\/n\/wp-json\/wp\/v2\/posts"}],"about":[{"href":"https:\/\/www.infokuryr.cz\/n\/wp-json\/wp\/v2\/types\/post"}],"author":[{"embeddable":true,"href":"https:\/\/www.infokuryr.cz\/n\/wp-json\/wp\/v2\/users\/2"}],"replies":[{"embeddable":true,"href":"https:\/\/www.infokuryr.cz\/n\/wp-json\/wp\/v2\/comments?post=30621"}],"version-history":[{"count":0,"href":"https:\/\/www.infokuryr.cz\/n\/wp-json\/wp\/v2\/posts\/30621\/revisions"}],"wp:featuredmedia":[{"embeddable":true,"href":"https:\/\/www.infokuryr.cz\/n\/wp-json\/wp\/v2\/media\/1659"}],"wp:attachment":[{"href":"https:\/\/www.infokuryr.cz\/n\/wp-json\/wp\/v2\/media?parent=30621"}],"wp:term":[{"taxonomy":"category","embeddable":true,"href":"https:\/\/www.infokuryr.cz\/n\/wp-json\/wp\/v2\/categories?post=30621"},{"taxonomy":"post_tag","embeddable":true,"href":"https:\/\/www.infokuryr.cz\/n\/wp-json\/wp\/v2\/tags?post=30621"}],"curies":[{"name":"wp","href":"https:\/\/api.w.org\/{rel}","templated":true}]}}