{"id":30620,"date":"2023-06-21T04:37:20","date_gmt":"2023-06-21T02:37:20","guid":{"rendered":"http:\/\/www.infokuryr.cz\/n\/?p=30620"},"modified":"2023-06-21T04:37:20","modified_gmt":"2023-06-21T02:37:20","slug":"ben-bartee-v-jakem-okamziku-by-mela-byt-vlada-usa-povazovana-za-nelegitimni","status":"publish","type":"post","link":"https:\/\/www.infokuryr.cz\/n\/2023\/06\/21\/ben-bartee-v-jakem-okamziku-by-mela-byt-vlada-usa-povazovana-za-nelegitimni\/","title":{"rendered":"Ben Bartee: V jak\u00e9m okam\u017eiku by m\u011bla b\u00fdt vl\u00e1da USA pova\u017eov\u00e1na za nelegitimn\u00ed?"},"content":{"rendered":"<div id=\"fb-root\"><\/div>\n<section class=\"perex\">16. prosince 1773 u bostonsk\u00e9ho pob\u0159e\u017e\u00ed\u00a0<a href=\"https:\/\/www.history.com\/topics\/american-revolution\/boston-tea-party#:~:text=The%20Boston%20Tea%20Party%20was,India%20Company%20into%20the%20harbor.\" target=\"_blank\" rel=\"external noopener\">nah\u00e1zeli rozzu\u0159en\u00ed ameri\u010dt\u00ed kolonist\u00e9<\/a>, kte\u0159\u00ed u\u017e m\u011bli dost placen\u00ed nadm\u011brn\u00fdch dan\u00ed a politick\u00e9ho zneu\u017e\u00edv\u00e1n\u00ed ze strany sv\u00fdch koloni\u00e1ln\u00edch p\u00e1n\u016f, do mo\u0159e 342 beden \u010daje britsk\u00e9 V\u00fdchodoindick\u00e9 spole\u010dnosti. Byl to slavn\u00fd symbolick\u00fd akt vzdoru. N\u00e1sledovala v\u00e1lka a nakonec byli vlastenci, kdysi v naprost\u00e9 men\u0161in\u011b mezi v\u0161emi obyvateli koloni\u00ed, ospravedln\u011bni.<\/p>\n<\/section>\n<section class=\"clanek-obsah\">Hlavn\u00edm heslem revolu\u010dn\u00edho hnut\u00ed bylo \u201e<a href=\"https:\/\/constitutioncenter.org\/blog\/no-taxation-without-representation#:~:text=The%20Stamp%20Act%20Congress%20met,lacked%20representation%20in%20British%20Parliament.\" target=\"_blank\" rel=\"external noopener\">\u017e\u00e1dn\u00e9 zdan\u011bn\u00ed bez zastoupen\u00ed<\/a>\u201c, co\u017e znamenalo, \u017ee kolonist\u00e9 byli podrobeni zdan\u011bn\u00ed, aby mohli podporovat n\u00e1kladn\u00e1 dobrodru\u017estv\u00ed britsk\u00e9ho imp\u00e9ria po cel\u00e9m sv\u011bt\u011b, ale nem\u011bli za to \u017e\u00e1dn\u00e9 skute\u010dn\u00e9 politick\u00e9 zastoupen\u00ed v britsk\u00e9m parlamentu.<\/p>\n<p>Trp\u00ed sou\u010dasn\u00e1 Amerika stejn\u00fdm fenom\u00e9nem?<\/p>\n<p>Ji\u017e d\u0159\u00edve jsem odkazoval na studii z roku 2014 publikovanou prost\u0159ednictv\u00edm Cambridge University Press, kter\u00e1 kvantitativn\u011b vyvrac\u00ed m\u00fdtus o \u201edemokracii\u201c, podle kter\u00e9ho jsou americk\u00e9 d\u011bti n\u00e1siln\u011b krmeny ve ve\u0159ejn\u00fdch \u0161kol\u00e1ch:<\/p>\n<p><em>\u201eKdy\u017e v\u011bt\u0161ina ob\u010dan\u016f nesouhlas\u00ed s ekonomick\u00fdmi elitami a\/nebo s organizovan\u00fdmi z\u00e1jmy, zpravidla prohr\u00e1v\u00e1. Nav\u00edc kv\u016fli siln\u00e9mu p\u0159edsudku o zachov\u00e1n\u00ed statu quo, kter\u00fd je zabudov\u00e1n do politick\u00e9ho syst\u00e9mu USA, i kdy\u017e pom\u011brn\u011b velk\u00e1 v\u011bt\u0161ina Ameri\u010dan\u016f podporuje zm\u011bnu politiky, obvykle se j\u00ed nedo\u010dk\u00e1&#8230; pr\u016fm\u011brn\u00ed ob\u010dan\u00e9 a\u00a0<b>masov\u011b zalo\u017een\u00e9 z\u00e1jmov\u00e9 skupiny maj\u00ed jen mal\u00fd nebo \u017e\u00e1dn\u00fd nez\u00e1visl\u00fd vliv<\/b>\u00a0[na politiku USA].\u201c<\/em><\/section>\n<section class=\"clanek-obsah\"><a href=\"https:\/\/stranapro.cz\/\"><img decoding=\"async\" loading=\"lazy\" class=\"wp-image-30218 aligncenter\" src=\"http:\/\/www.infokuryr.cz\/n\/wp-content\/uploads\/2023\/06\/PRO-banner-300x36.png\" alt=\"\" width=\"1358\" height=\"163\" srcset=\"https:\/\/www.infokuryr.cz\/n\/wp-content\/uploads\/2023\/06\/PRO-banner-300x36.png 300w, https:\/\/www.infokuryr.cz\/n\/wp-content\/uploads\/2023\/06\/PRO-banner-768x93.png 768w, https:\/\/www.infokuryr.cz\/n\/wp-content\/uploads\/2023\/06\/PRO-banner.png 849w\" sizes=\"(max-width: 1358px) 100vw, 1358px\" \/><\/a><\/p>\n<p>Laicky \u0159e\u010deno, nadn\u00e1rodn\u00ed z\u00e1padn\u00ed technokratick\u00fd st\u00e1t v\u016fbec nezohled\u0148uje p\u0159\u00e1n\u00ed a hodnoty lid\u00ed p\u0159i sv\u00e9m rozhodov\u00e1n\u00ed.<\/p>\n<p>Krom\u011b toho\u00a0<a href=\"https:\/\/www.thedailybell.com\/all-articles\/news-analysis\/__trashed-2\/\" target=\"_blank\" rel=\"external noopener\">vl\u00e1da pova\u017euje nejm\u00e9n\u011b t\u0159etinu sv\u00fdch vlastn\u00edch obyvatel za \u201edom\u00e1c\u00ed teroristy\u201c<\/a>\u00a0za tak malichern\u00e9 zlo\u010diny, jako je nesouhlas rodi\u010d\u016f s t\u00edm, aby jejich d\u011bti byly vystaveny transgenderov\u00e9 indoktrinaci ve ve\u0159ejn\u00fdch \u0161kol\u00e1ch. Pen\u00edze vybran\u00e9 od t\u011bchto \u00fadajn\u00fdch dom\u00e1c\u00edch terorist\u016f prost\u0159ednictv\u00edm dan\u00ed pou\u017e\u00edv\u00e1 k jejich politick\u00e9mu pron\u00e1sledov\u00e1n\u00ed a \u010dasto po\u017eaduje dal\u0161\u00ed, aby usnadnila sv\u016fj d\u017eih\u00e1d.<\/p>\n<p><strong>Prost\u0159ednictv\u00edm New York Times, 4. kv\u011btna 2021:<\/strong><\/p>\n<p><em>\u201eGener\u00e1ln\u00ed prokur\u00e1tor Merrick B. Garland v \u00fater\u00fd \u0159ekl z\u00e1konod\u00e1rc\u016fm, \u017ee ministerstvo spravedlnosti\u00a0<b>pot\u0159ebuje v\u00edce pen\u011bz na priority Bidenovy administrativy, v\u010detn\u011b boje proti dom\u00e1c\u00edmu extremismu..<\/b>\u00a0Pan Garland up\u0159ednostnil\u00a0<b>\u00fasil\u00ed o boj proti dom\u00e1c\u00edmu terorismu<\/b>\u00a0a ochranu ob\u010dansk\u00fdch pr\u00e1v p\u0159ed zam\u011b\u0159en\u00edm ministerstva b\u011bhem Trumpovy administrativy na pouli\u010dn\u00ed kriminalitu a gangy&#8230;<\/em><\/p>\n<p><em>Ministerstvo rovn\u011b\u017e \u017e\u00e1d\u00e1 o\u00a0<b>dal\u0161\u00edch 101 milion\u016f dolar\u016f na \u0159e\u0161en\u00ed rostouc\u00ed hrozby dom\u00e1c\u00edho terorismu<\/b>.&#8220;<\/em><\/p>\n<p>Novin\u00e1\u0159i, kte\u0159\u00ed odhaluj\u00ed zneu\u017e\u00edv\u00e1n\u00ed ze strany vl\u00e1dy, jako je v\u00fd\u0161e uveden\u00e9, jsou nam\u00edsto toho, aby byli oslavov\u00e1ni jako hrdinov\u00e9 za svou dobrou pr\u00e1ci, ter\u010dem politick\u00e9ho pron\u00e1sledov\u00e1n\u00ed ze strany st\u00e1tu.<\/p>\n<p>P\u0159\u00edklad\u016f jsou doslova tis\u00edce, ale nejzn\u00e1m\u011bj\u0161\u00edm je\u00a0<a href=\"https:\/\/pjmedia.com\/news-and-politics\/benbartee\/2023\/05\/06\/rfk-jr-pledges-to-pardon-julian-assange-if-elected-n1693151\" target=\"_blank\" rel=\"external noopener\">zakladatel Wikileaks Julian Assange<\/a>, kter\u00fd je u\u017e deset let pron\u00e1sledov\u00e1n a\u017e na konec sv\u011bta za to, \u017ee odhalil v\u00e1le\u010dn\u00e9 zlo\u010diny USA, osobn\u00ed korupci Hillary Clintonov\u00e9 a dal\u0161\u00ed faktick\u00e9 informace ve ve\u0159ejn\u00e9m z\u00e1jmu.<\/p>\n<p>Vl\u00e1da selektivn\u011b prosazuje z\u00e1kony proti b\u011bloch\u016fm a konzervativc\u016fm, zat\u00edmco nech\u00e1v\u00e1 levicov\u00e9 agenty chaosu \u0159\u00e1dit v americk\u00fdch ulic\u00edch v r\u00e1mci fenom\u00e9nu zvan\u00e9ho \u201eanarcho-tyranie\u201c, o n\u011bm\u017e jsem na str\u00e1nk\u00e1ch The Daily Bell ji\u017e psal.<\/p>\n<p>\u0158\u00e1dn\u00fd proces byl t\u00e9m\u011b\u0159 zavr\u017een jako poz\u016fstatek americk\u00e9ho d\u011bdictv\u00ed z dob p\u0159ed n\u00e1stupem nadn\u00e1rodn\u00ed technokracie. Alexi Jonesovi\u00a0<a href=\"https:\/\/www.thedailybell.com\/all-articles\/news-analysis\/today-they-come-for-alex-jones-tomorrow-for-all-of-us\/\" target=\"_blank\" rel=\"external noopener\">nebylo v jeho procesu o pomluv\u011b Sandy Hook dovoleno<\/a>\u00a0obhajovat se svou nevinou. O jeho vin\u011b bylo p\u0159edem rozhodnuto; soudn\u00ed \u0159\u00edzen\u00ed m\u011blo pouze ur\u010dit, kolik pen\u011bz Jones dlu\u017e\u00ed \u00fadajn\u00fdm ob\u011btem.<\/p>\n<p>B\u00fdval\u00fd prezident Donald Trump ned\u00e1vno prohr\u00e1l ob\u010danskopr\u00e1vn\u00ed spor o zn\u00e1siln\u011bn\u00ed s du\u0161evn\u011b nemocnou autorkou \u010dasopisu The Atlantic, kter\u00e1 nep\u0159edlo\u017eila \u017e\u00e1dn\u00fd d\u016fkaz krom\u011b sv\u00e9 vlastn\u00ed neovlivniteln\u00e9 v\u00fdpov\u011bdi. K \u00fadajn\u00e9mu zn\u00e1siln\u011bn\u00ed do\u0161lo v roce 1996, tedy p\u0159ed 27 lety. V ru\u0161n\u00e9m obchodn\u00edm dom\u011b, kde k n\u011bmu \u00fadajn\u011b do\u0161lo, nebyli \u017e\u00e1dn\u00ed sv\u011bdci. Porota j\u00ed p\u0159esto p\u0159iznala miliony dolar\u016f a Rachel Maddowov\u00e1 na oslavu\u00a0<a href=\"https:\/\/pjmedia.com\/news-and-politics\/benbartee\/2023\/05\/16\/trump-rape-accusers-deranged-rachel-maddow-interview-n1695815\" target=\"_blank\" rel=\"external noopener\">poskytla plamenn\u00fd rozhovor<\/a>.<\/p>\n<p>Trump po celou dobu tvrdil, \u017ee je nevinn\u00fd. Kdy\u017e po skon\u010den\u00ed procesu Trump na radnici CNN op\u011bt tvrdil, \u017ee je nevinn\u00fd,\u00a0<a href=\"https:\/\/pjmedia.com\/news-and-politics\/benbartee\/2023\/05\/26\/trump-rape-accuser-seeks-more-damages-for-defamation-n1698455\" target=\"_blank\" rel=\"external noopener\">pohrozil jej\u00ed advok\u00e1t dal\u0161\u00ed \u017ealobou<\/a>\u00a0za to, \u017ee prost\u011b tvrdil, \u017ee je nevinn\u00fd, jak to d\u011blal od vypuknut\u00ed cel\u00e9ho skand\u00e1lu.<\/p>\n<p>Nic z toho neznamen\u00e1 podporu \u2013 ani tichou \u2013 politick\u00e9ho n\u00e1sil\u00ed, pokud se mu lze vyhnout. Kinetick\u00e1 v\u00e1lka s nadn\u00e1rodn\u00edm korpor\u00e1tn\u00edm st\u00e1tem je nevhodn\u00e1 z mnoha d\u016fvod\u016f, v neposledn\u00ed \u0159ad\u011b proto, \u017ee schopnosti vl\u00e1dy p\u0159evy\u0161uj\u00ed schopnosti jak\u00e9hokoli povst\u00e1n\u00ed.<\/p>\n<p>Jde sp\u00ed\u0161e o uzn\u00e1n\u00ed reality: lze p\u0159edlo\u017eit p\u00e1dn\u00fd argument, \u017ee vl\u00e1da Spojen\u00fdch st\u00e1t\u016f je nelegitimn\u00ed. Je ot\u00e1zkou, jak s t\u00edmto hodnocen\u00edm nalo\u017e\u00edme.<\/p>\n<p><i>Ben Bartee je nez\u00e1visl\u00fd americk\u00fd novin\u00e1\u0159 z Bangkoku<\/i><\/p>\n<div class=\"podcarou\">\n<p><a href=\"https:\/\/www.thedailybell.com\/all-articles\/news-analysis\/at-what-point-should-the-us-government-be-considered-illegitimate\/\" target=\"_blank\" rel=\"external noopener\">At What Point Should the US Government Be Considered Illegitimate?<\/a> vy\u0161el 15.6.2023 na The Baily Bell. P\u0159eklad\u00a0<a href=\"https:\/\/zvedavec.news\/komentare\/2023\/06\/9681-v-jakem-okamziku-by-mela-byt-vlada-usa-povazovana-za-nelegitimni.htm\">Zvedavec.org<\/a><\/p>\n<\/div>\n<\/section>\n<p>&nbsp;<\/p>\n<p><a href=\"https:\/\/stranapro.cz\/\"><img decoding=\"async\" loading=\"lazy\" class=\"wp-image-30218 aligncenter\" src=\"http:\/\/www.infokuryr.cz\/n\/wp-content\/uploads\/2023\/06\/PRO-banner-300x36.png\" alt=\"\" width=\"1400\" height=\"168\" srcset=\"https:\/\/www.infokuryr.cz\/n\/wp-content\/uploads\/2023\/06\/PRO-banner-300x36.png 300w, https:\/\/www.infokuryr.cz\/n\/wp-content\/uploads\/2023\/06\/PRO-banner-768x93.png 768w, https:\/\/www.infokuryr.cz\/n\/wp-content\/uploads\/2023\/06\/PRO-banner.png 849w\" sizes=\"(max-width: 1400px) 100vw, 1400px\" \/><\/a><\/p>\n<p>&nbsp;<\/p>\n<p>&nbsp;<\/p>\n<p>&nbsp;<\/p>\n","protected":false},"excerpt":{"rendered":"<p>16. prosince 1773 u bostonsk\u00e9ho pob\u0159e\u017e\u00ed\u00a0nah\u00e1zeli rozzu\u0159en\u00ed ameri\u010dt\u00ed kolonist\u00e9, kte\u0159\u00ed u\u017e m\u011bli dost placen\u00ed nadm\u011brn\u00fdch&#8230;<\/p>\n","protected":false},"author":2,"featured_media":23468,"comment_status":"closed","ping_status":"closed","sticky":false,"template":"","format":"standard","meta":[],"categories":[7],"tags":[5275,37,99],"_links":{"self":[{"href":"https:\/\/www.infokuryr.cz\/n\/wp-json\/wp\/v2\/posts\/30620"}],"collection":[{"href":"https:\/\/www.infokuryr.cz\/n\/wp-json\/wp\/v2\/posts"}],"about":[{"href":"https:\/\/www.infokuryr.cz\/n\/wp-json\/wp\/v2\/types\/post"}],"author":[{"embeddable":true,"href":"https:\/\/www.infokuryr.cz\/n\/wp-json\/wp\/v2\/users\/2"}],"replies":[{"embeddable":true,"href":"https:\/\/www.infokuryr.cz\/n\/wp-json\/wp\/v2\/comments?post=30620"}],"version-history":[{"count":0,"href":"https:\/\/www.infokuryr.cz\/n\/wp-json\/wp\/v2\/posts\/30620\/revisions"}],"wp:featuredmedia":[{"embeddable":true,"href":"https:\/\/www.infokuryr.cz\/n\/wp-json\/wp\/v2\/media\/23468"}],"wp:attachment":[{"href":"https:\/\/www.infokuryr.cz\/n\/wp-json\/wp\/v2\/media?parent=30620"}],"wp:term":[{"taxonomy":"category","embeddable":true,"href":"https:\/\/www.infokuryr.cz\/n\/wp-json\/wp\/v2\/categories?post=30620"},{"taxonomy":"post_tag","embeddable":true,"href":"https:\/\/www.infokuryr.cz\/n\/wp-json\/wp\/v2\/tags?post=30620"}],"curies":[{"name":"wp","href":"https:\/\/api.w.org\/{rel}","templated":true}]}}