{"id":30619,"date":"2023-06-21T04:32:49","date_gmt":"2023-06-21T02:32:49","guid":{"rendered":"http:\/\/www.infokuryr.cz\/n\/?p=30619"},"modified":"2023-06-21T04:32:49","modified_gmt":"2023-06-21T02:32:49","slug":"polsko-zprisnuje-jazykove-zkousky-pro-udelovani-trvaleho-pobytu-cilem-je-znesnadnit-usazovani-barevnych-imigrantu","status":"publish","type":"post","link":"https:\/\/www.infokuryr.cz\/n\/2023\/06\/21\/polsko-zprisnuje-jazykove-zkousky-pro-udelovani-trvaleho-pobytu-cilem-je-znesnadnit-usazovani-barevnych-imigrantu\/","title":{"rendered":"Polsko zp\u0159\u00eds\u0148uje jazykov\u00e9 zkou\u0161ky pro ud\u011blov\u00e1n\u00ed trval\u00e9ho pobytu. C\u00edlem je znesnadnit usazov\u00e1n\u00ed barevn\u00fdch imigrant\u016f"},"content":{"rendered":"<div id=\"fb-root\"><\/div>\n<h2 class=\"entry-title\">V \u010cR nemus\u00ed um\u011bt cizinci pro ud\u011blen\u00ed trval\u00e9ho pobytu ani slovo \u010desky\u2026.<\/h2>\n<p><strong>Polsko zavede zp\u0159\u00edsn\u011bn\u00ed jazykov\u00fdch zkou\u0161ek\u00a0<a href=\"https:\/\/travelobiz.com\/polands-new-language-rules-for-eu-residence-permits-take-effect-on-june-24\/\">pro \u017eadatele o trval\u00fd pobyt<\/a>. Nov\u011b budou muset ovl\u00e1dat pol\u0161tinu na \u00farovni B1 (<\/strong>slu\u0161n\u00e1 znalost) a zn\u00e1t polsk\u00e9 re\u00e1lie. Nov\u00fd z\u00e1kon m\u00e1 ofici\u00e1ln\u011b pomoci integraci do polsk\u00e9 spole\u010dnosti.\u00a0<strong>Ve skute\u010dnosti je ale c\u00edlem znesnadnit z\u00edsk\u00e1n\u00ed trval\u00e9ho pobytu pro barevn\u00e9 imigranty.\u00a0<\/strong>Ti obvykle \u017eij\u00ed ve vlastn\u00edch uzav\u0159en\u00fdch komunit\u00e1ch a m\u00edstn\u00ed jazyk de facto v\u016fbec neovl\u00e1daj\u00ed.\u00a0<strong>V\u011bt\u0161ina z nich se pak \u017eiv\u00ed v oblasti \u0161ed\u00e9 ekonomiky a otev\u0159en\u00e9 kriminality.<\/strong><\/p>\n<p>Polsko sice pl\u00e1nuje ud\u011blen\u00ed ob\u010danstv\u00ed \u010d\u00e1sti imigrant\u016f z Ukrajiny, ale to m\u00e1 b\u00fdt v r\u00e1mci pl\u00e1nu zabr\u00e1n\u00ed \u010d\u00e1st ukrajinsk\u00e9ho \u00fazem\u00ed. V\u0161e podle hesla \u201eNen\u00ed Polska bez Lvova\u201c. Polsko rovn\u011b\u017e odm\u00edtlo p\u0159erozd\u011blov\u00e1n\u00ed imigrant\u016fv r\u00e1mci EU na rozd\u00edl od \u201e\u010desk\u00e9\u201c vl\u00e1dy \u201eUkrajince\u201c Fialy.<\/p>\n<p><strong>V \u010cR se trval\u00fd pobyt ud\u011bluje pouze na z\u00e1klad\u011b pobytu cizince nejm\u00e9n\u011b 5 let na \u010desk\u00e9m \u00fazem\u00ed<\/strong>. Je to de facto formalita.\u00a0<b>V\u00fdsledkem jsou velk\u00e9 imigrantsk\u00e9 komunity, kter\u00e9 neovl\u00e1daj\u00ed ani z\u00e1klady \u010de\u0161tiny a \u017eij\u00ed tak jako \u017eili ve sv\u00e9 p\u016fvodn\u00ed vlasti a\u00a0<\/b><a style=\"font-weight: bold;\" href=\"https:\/\/www.euro.cz\/clanky\/zaoralek-vietnam-je-bezpecnostni-riziko-prvniho-radu-1410587\/\">jejich komunity jsou \u010dist\u011b krimin\u00e1ln\u00ed<\/a><b>. Typick\u00fdm p\u0159\u00edkladem jsou Vietnamci (v\u011bt\u0161ina z nich neovl\u00e1d\u00e1 \u010de\u0161tinu ani na z\u00e1kladn\u00ed \u00farovni), d\u00e1le \u010derno\u0161i z Afriky, \u010c\u00ed\u0148an\u00e9, Arabov\u00e9, Afg\u00e1nci a Turci<\/b>. Naprost\u00e1 v\u011bt\u0161ina p\u0159\u00edslu\u0161n\u00edk\u016f t\u011bchto imigrantsk\u00fdch komunit neum\u00ed v\u016fbec \u010desky a \u017eije podle sv\u00fdch p\u016fvodn\u00edch zvyk\u016f a o\u00a0<b>n\u011bjak\u00e9 integraci do \u010desk\u00e9 spole\u010dnosti nem\u016f\u017ee b\u00fdt ani slovo.<\/b><\/p>\n<p>\u201e<b>\u010cesk\u00fdm\u201c vl\u00e1d\u00e1m to ale zjevn\u011b nijak nevad\u00ed. Je jedno zda v jejich \u010dele stoj\u00ed \u201eUkrajinec\u201c Fiala, \u201eSlov\u00e1k\u201c Babi\u0161, klaun Sobotka, nebo p\u0159\u00edzemn\u00ed hrabivec Ne\u010das\u2026. Jejich zahrani\u010dn\u00ed p\u00e1n jim ulo\u017eil \u00fakol s v\u00fdm\u011bnou obyvatelstva a oni se ze v\u0161ech sil sna\u017e\u00ed \u00fakol splnit. \u017de zni\u010d\u00ed svoj\u00ed (v p\u0159\u00edpad\u011b Babi\u0161e a Fialy hostitelskou) zemi, jim je jedno.<\/b><\/p>\n<p><a href=\"https:\/\/ceskavec.com\/2023\/06\/polsko-zprisnuje-jazykove-zkousky-pro-udelovani-trvaleho-pobytu-cilem-je-znesnadnit-usazovani-barevnych-imigrantu-v-cr-nemusi-umet-cizinci-pro-udeleni-trvaleho-pobytu-ani-slovo-cesky\">\u010cesk\u00e1 v\u011bc<\/a><\/p>\n<p>&nbsp;<\/p>\n<p>&nbsp;<\/p>\n<p><a href=\"https:\/\/stranapro.cz\/\"><img decoding=\"async\" loading=\"lazy\" class=\"wp-image-30218 aligncenter\" src=\"http:\/\/www.infokuryr.cz\/n\/wp-content\/uploads\/2023\/06\/PRO-banner-300x36.png\" alt=\"\" width=\"1342\" height=\"161\" srcset=\"https:\/\/www.infokuryr.cz\/n\/wp-content\/uploads\/2023\/06\/PRO-banner-300x36.png 300w, https:\/\/www.infokuryr.cz\/n\/wp-content\/uploads\/2023\/06\/PRO-banner-768x93.png 768w, https:\/\/www.infokuryr.cz\/n\/wp-content\/uploads\/2023\/06\/PRO-banner.png 849w\" sizes=\"(max-width: 1342px) 100vw, 1342px\" \/><\/a><\/p>\n<p>&nbsp;<\/p>\n<p>&nbsp;<\/p>\n<p>&nbsp;<\/p>\n<p>&nbsp;<\/p>\n","protected":false},"excerpt":{"rendered":"<p>V \u010cR nemus\u00ed um\u011bt cizinci pro ud\u011blen\u00ed trval\u00e9ho pobytu ani slovo \u010desky\u2026. Polsko zavede zp\u0159\u00edsn\u011bn\u00ed&#8230;<\/p>\n","protected":false},"author":2,"featured_media":12954,"comment_status":"closed","ping_status":"closed","sticky":false,"template":"","format":"standard","meta":[],"categories":[7],"tags":[1297,31,5274],"_links":{"self":[{"href":"https:\/\/www.infokuryr.cz\/n\/wp-json\/wp\/v2\/posts\/30619"}],"collection":[{"href":"https:\/\/www.infokuryr.cz\/n\/wp-json\/wp\/v2\/posts"}],"about":[{"href":"https:\/\/www.infokuryr.cz\/n\/wp-json\/wp\/v2\/types\/post"}],"author":[{"embeddable":true,"href":"https:\/\/www.infokuryr.cz\/n\/wp-json\/wp\/v2\/users\/2"}],"replies":[{"embeddable":true,"href":"https:\/\/www.infokuryr.cz\/n\/wp-json\/wp\/v2\/comments?post=30619"}],"version-history":[{"count":0,"href":"https:\/\/www.infokuryr.cz\/n\/wp-json\/wp\/v2\/posts\/30619\/revisions"}],"wp:featuredmedia":[{"embeddable":true,"href":"https:\/\/www.infokuryr.cz\/n\/wp-json\/wp\/v2\/media\/12954"}],"wp:attachment":[{"href":"https:\/\/www.infokuryr.cz\/n\/wp-json\/wp\/v2\/media?parent=30619"}],"wp:term":[{"taxonomy":"category","embeddable":true,"href":"https:\/\/www.infokuryr.cz\/n\/wp-json\/wp\/v2\/categories?post=30619"},{"taxonomy":"post_tag","embeddable":true,"href":"https:\/\/www.infokuryr.cz\/n\/wp-json\/wp\/v2\/tags?post=30619"}],"curies":[{"name":"wp","href":"https:\/\/api.w.org\/{rel}","templated":true}]}}