{"id":30617,"date":"2023-06-21T04:28:07","date_gmt":"2023-06-21T02:28:07","guid":{"rendered":"http:\/\/www.infokuryr.cz\/n\/?p=30617"},"modified":"2023-06-21T04:33:26","modified_gmt":"2023-06-21T02:33:26","slug":"a-vondra-duch-tak-rozsahly-ze-na-nej-materstina-uz-nestaci","status":"publish","type":"post","link":"https:\/\/www.infokuryr.cz\/n\/2023\/06\/21\/a-vondra-duch-tak-rozsahly-ze-na-nej-materstina-uz-nestaci\/","title":{"rendered":"A. Vondra: Duch tak rozs\u00e1hl\u00fd, \u017ee na n\u011bj mate\u0159\u0161tina u\u017e nesta\u010d\u00ed"},"content":{"rendered":"<div id=\"fb-root\"><\/div>\n<p class=\"Standard\">Mo\u017en\u00e1, \u017ee se to m\u016f\u017ee st\u00e1t. Mo\u017en\u00e1, \u017ee se v mozku naprosto ojedin\u011bl\u00e9m zrod\u00ed tak obrovsk\u00e1 suma lidsk\u00e9ho ducha, \u017ee k jeho pln\u00e9mu vyj\u00e1d\u0159en\u00ed se takto nadan\u00e9mu \u010dlov\u011bku n\u00e1hle nedost\u00e1v\u00e1 slov. Je zoufal\u00fd, hled\u00e1 pomoc i v jazyce ciz\u00edm, a pokud tam pomoc nalezne, pak heur\u00e9ka, sl\u00e1va u\u010denosti i jazykov\u00e9, v\u0161e bylo zachr\u00e1n\u011bno.<\/p>\n<p class=\"Standard\">V \u00fater\u00fd odpoledne vys\u00edlala \u010cT pr\u016fb\u011bh pra\u017esk\u00e9 konference \u201eBezpe\u010dnost nen\u00ed samoz\u0159ejmost\u201c, v jej\u00edm\u017e p\u0159edsednictvu usedlo n\u011bkolik vedouc\u00edch \u010desk\u00fdch politik\u016f, kte\u0159\u00ed byli v \u00favodu jedn\u00e1ni vyzv\u00e1ni, aby v minutov\u00fdch projevech nast\u00ednili hlavn\u00ed my\u0161lenku, se kterou na konferenci p\u0159ich\u00e1zej\u00ed. A tak \u0161el jeden krati\u010dk\u00fd projev za projevem, a\u017e p\u0159i\u0161la \u0159ada i na Alexandra Vondru, \u010dlena ODS a poslance EU. O j\u00e1dru jeho vystoupen\u00ed moc nev\u00edm, dostate\u010dn\u011b jsem je nevn\u00edmal,, ale v\u0161iml jsem si jist\u00e9 drobnosti. Do minutov\u00e9ho vystoupen\u00ed dok\u00e1zal tento mu\u017e vm\u011bstnat hned dva anglick\u00e9 v\u00fdrazy, a to \u201epolicy makers\u201c, co\u017e znamen\u00e1 \u201etv\u016frci politiky\u201c a pak \u201ezprocesovat\u201c, co\u017e znamen\u00e1 \u201ezpracovat\u201c. V obou t\u011bchto p\u0159\u00edpadech bylo pou\u017eit\u00ed anglick\u00fdch v\u00fdraz\u016f nam\u00edsto v\u00fdraz\u016f \u010desk\u00fdch naprosto zbyte\u010dn\u00e9, proto\u017ee vysloven\u00e9mu textu \u017e\u00e1dnou vyjad\u0159ovac\u00ed hodnotu nep\u0159id\u00e1valy.<\/p>\n<p class=\"Standard\">Tak\u017ee pro\u010d zazn\u011bly?<\/p>\n<p class=\"Standard\">Bylo to proto, co je vyj\u00e1d\u0159eno v titulku tohoto \u010dl\u00e1nku, anebo byly vysloveny z d\u016fvodu tak uboh\u00fdch a p\u0159\u00edzemn\u00edch, \u017ee se a\u017e styd\u00edm je vyjmenovat?<\/p>\n<p class=\"Standard\">Lubom\u00edr Man<\/p>\n<p><img decoding=\"async\" loading=\"lazy\" class=\"alignnone size-full wp-image-860\" src=\"http:\/\/www.infokuryr.cz\/n\/wp-content\/uploads\/2021\/04\/lub_man.jpg\" alt=\"\" width=\"143\" height=\"200\" \/><\/p>\n<p><em>Fotografie: https:\/\/www.cestovatelskestredy.cz\/osobnosti\/alexandr-vondra<\/em><\/p>\n<p>&nbsp;<\/p>\n<p><a href=\"https:\/\/stranapro.cz\/\"><img decoding=\"async\" loading=\"lazy\" class=\"wp-image-30218 aligncenter\" src=\"http:\/\/www.infokuryr.cz\/n\/wp-content\/uploads\/2023\/06\/PRO-banner-300x36.png\" alt=\"\" width=\"1342\" height=\"161\" srcset=\"https:\/\/www.infokuryr.cz\/n\/wp-content\/uploads\/2023\/06\/PRO-banner-300x36.png 300w, https:\/\/www.infokuryr.cz\/n\/wp-content\/uploads\/2023\/06\/PRO-banner-768x93.png 768w, https:\/\/www.infokuryr.cz\/n\/wp-content\/uploads\/2023\/06\/PRO-banner.png 849w\" sizes=\"(max-width: 1342px) 100vw, 1342px\" \/><\/a><\/p>\n<p>&nbsp;<\/p>\n<p>&nbsp;<\/p>\n<p>&nbsp;<\/p>\n","protected":false},"excerpt":{"rendered":"<p>Mo\u017en\u00e1, \u017ee se to m\u016f\u017ee st\u00e1t. Mo\u017en\u00e1, \u017ee se v mozku naprosto ojedin\u011bl\u00e9m zrod\u00ed tak&#8230;<\/p>\n","protected":false},"author":2,"featured_media":30618,"comment_status":"closed","ping_status":"closed","sticky":false,"template":"","format":"standard","meta":[],"categories":[6],"tags":[5273,29,5272],"_links":{"self":[{"href":"https:\/\/www.infokuryr.cz\/n\/wp-json\/wp\/v2\/posts\/30617"}],"collection":[{"href":"https:\/\/www.infokuryr.cz\/n\/wp-json\/wp\/v2\/posts"}],"about":[{"href":"https:\/\/www.infokuryr.cz\/n\/wp-json\/wp\/v2\/types\/post"}],"author":[{"embeddable":true,"href":"https:\/\/www.infokuryr.cz\/n\/wp-json\/wp\/v2\/users\/2"}],"replies":[{"embeddable":true,"href":"https:\/\/www.infokuryr.cz\/n\/wp-json\/wp\/v2\/comments?post=30617"}],"version-history":[{"count":0,"href":"https:\/\/www.infokuryr.cz\/n\/wp-json\/wp\/v2\/posts\/30617\/revisions"}],"wp:featuredmedia":[{"embeddable":true,"href":"https:\/\/www.infokuryr.cz\/n\/wp-json\/wp\/v2\/media\/30618"}],"wp:attachment":[{"href":"https:\/\/www.infokuryr.cz\/n\/wp-json\/wp\/v2\/media?parent=30617"}],"wp:term":[{"taxonomy":"category","embeddable":true,"href":"https:\/\/www.infokuryr.cz\/n\/wp-json\/wp\/v2\/categories?post=30617"},{"taxonomy":"post_tag","embeddable":true,"href":"https:\/\/www.infokuryr.cz\/n\/wp-json\/wp\/v2\/tags?post=30617"}],"curies":[{"name":"wp","href":"https:\/\/api.w.org\/{rel}","templated":true}]}}