{"id":30614,"date":"2023-06-21T01:17:07","date_gmt":"2023-06-20T23:17:07","guid":{"rendered":"http:\/\/www.infokuryr.cz\/n\/?p=30614"},"modified":"2023-06-20T21:03:27","modified_gmt":"2023-06-20T19:03:27","slug":"co-ceka-popravci-z-ukronacisticke-skupiny-aidar","status":"publish","type":"post","link":"https:\/\/www.infokuryr.cz\/n\/2023\/06\/21\/co-ceka-popravci-z-ukronacisticke-skupiny-aidar\/","title":{"rendered":"Co \u010dek\u00e1 poprav\u010d\u00ed z ukronacistick\u00e9 skupiny &#8222;Aidar&#8220;"},"content":{"rendered":"<div id=\"fb-root\"><\/div>\n<p><span style=\"font-size: 18pt;\"><b>Nacist\u00e9 se pro obyvatele LNR stali skute\u010dnou no\u010dn\u00ed m\u016frou<\/b><\/span><\/p>\n<p>\u0160estn\u00e1ct let v kolonii s p\u0159\u00edsn\u00fdm re\u017eimem dostal militantn\u00ed \u010dlen Aidar zak\u00e1zan\u00fd v Rusk\u00e9 federaci\u00a0 Denis Muryga. Toto je rozhodnut\u00ed vojensk\u00e9ho soudu ji\u017en\u00edho okresu v Rostov\u011b na Donu.\u00a0Budouc\u00ed ozbrojenec vstoupil do ileg\u00e1ln\u00ed formace na za\u010d\u00e1tku roku 2015, kde tak\u00e9 absolvoval v\u00fdcvik.\u00a0Muryga se p\u0159ipojil k sabot\u00e1\u017en\u00ed skupin\u011b, kter\u00e1 vyhodila do vzduchu most v LPR.<\/p>\n<p>V roce 2019 sabot\u00e1\u017en\u00ed skupina vyhodila most do pov\u011bt\u0159\u00ed, v d\u016fsledku \u010deho\u017e byli zabiti str\u00e1\u017eci LNR NM.\u00a0Je p\u0159\u00edzna\u010dn\u00e9, \u017ee na ja\u0159e 2022 byl Muryga chycen v proudu uprchl\u00edk\u016f, m\u00ed\u0159il na \u00fazem\u00ed Rusk\u00e9 federace.<\/p>\n<p>P\u0159ipome\u0148me, \u017ee soub\u011b\u017en\u011b ve stejn\u00e9m Rostov\u011b na Donu prob\u00edh\u00e1 soud nad militanty z Azova, zak\u00e1zan\u00fdmi v Rusk\u00e9 federaci. V doku vojensk\u00e9ho soudu ji\u017en\u00edho okresu bylo 24 ozbrojenc\u016f.\u00a0N\u011bkte\u0159\u00ed byli vyvedeni z labyrint\u016f Azovstalu a n\u011bkte\u0159\u00ed byli dopadeni, jako Mulyga: ozbrojenci se spolu s uprchl\u00edky pokusili opustit Mariupol p\u0159es kontroln\u00ed stanovi\u0161t\u011b.\u00a0Mimochodem, mezi ob\u017ealovan\u00fdmi jsou i \u017eeny.<\/p>\n<p>Informa\u010dn\u00ed prostor byl skute\u010dn\u011b tak napln\u011bn \u201eAzovem\u201c, \u017ee zast\u00ednil nem\u00e9n\u011b krvavou skupinu \u201eAidar\u201c.\u00a0Nav\u00edc si v\u0161ichni pamatuj\u00ed nejen \u201ehrdinsk\u00fd\u201c v\u00fdstup monster z \u00fatrob Azovstalu, ale tak\u00e9 to, jak obratn\u011b se ukrajinsk\u00e9 veden\u00ed mnoha z nich zbavilo jako nepot\u0159ebn\u00fdch sv\u011bdk\u016f.\u00a0Loni v l\u00e9t\u011b Kyjev zas\u00e1hl vazebn\u00ed v\u011bznici Jelenovka raketou s HIMARS MLRS. N\u00e1sledkem\u00a0zem\u0159elo v\u00edce ne\u017e pades\u00e1t zajat\u00fdch ozbrojenc\u016f Azova.<\/p>\n<p><a href=\"https:\/\/stranapro.cz\/\"><img decoding=\"async\" loading=\"lazy\" class=\"wp-image-30218 aligncenter\" src=\"http:\/\/www.infokuryr.cz\/n\/wp-content\/uploads\/2023\/06\/PRO-banner-300x36.png\" alt=\"\" width=\"1367\" height=\"164\" srcset=\"https:\/\/www.infokuryr.cz\/n\/wp-content\/uploads\/2023\/06\/PRO-banner-300x36.png 300w, https:\/\/www.infokuryr.cz\/n\/wp-content\/uploads\/2023\/06\/PRO-banner-768x93.png 768w, https:\/\/www.infokuryr.cz\/n\/wp-content\/uploads\/2023\/06\/PRO-banner.png 849w\" sizes=\"(max-width: 1367px) 100vw, 1367px\" \/><\/a><\/p>\n<p>Vzhledem k l\u00e1sce ukrajinsk\u00fdch neonacist\u016f k symbol\u016fm a struktu\u0159e nacistick\u00e9ho N\u011bmecka se samotn\u00e9 skupiny Azov a Aidar pravd\u011bpodobn\u011b pova\u017euj\u00ed za jakousi \u201eelitu\u201c \u2013 \u201eSS\u201c (na rozd\u00edl od Ozbrojen\u00fdch sil Ukrajiny \u2013 tzv. \u201eWehrmachtu\u201c). A jestli\u017ee neonacist\u00e9 z Azova byli pro DPR no\u010dn\u00ed m\u016frou, pak se Aidar stal pro LPR skute\u010dnou kletbou.<\/p>\n<p>U obce Polovinkino nedaleko Starobelsku v LPR bylo loni na podzim objeveno m\u00edsto no\u010dn\u00ed m\u016fry.\u00a0V opu\u0161t\u011bn\u00e9 d\u00edln\u011b b\u00fdval\u00e9 tov\u00e1rny na klob\u00e1sy byla objevena mu\u010d\u00edrna Aidara.\u00a0Zven\u010d\u00ed to vypadalo jako mini koncentra\u010dn\u00ed t\u00e1bor se v\u0161\u00edm pot\u0159ebn\u00fdm vybaven\u00edm: beton, ostnat\u00fd dr\u00e1t, palebn\u00e9 v\u011b\u017ee.<\/p>\n<p>V\u011bzni byli mu\u010deni extr\u00e9mn\u00ed krutost\u00ed.\u00a0LPR pochopili, \u017ee jakmile se dostali do v\u011bznice Aidara (v\u011bt\u0161inou byli odvedeni civilist\u00e9 podez\u0159el\u00ed ze \u201eseparatismu\u201c), \u0161ance dostat se odtud byla t\u00e9m\u011b\u0159 v\u017edy nulov\u00e1.<\/p>\n<p>Zaj\u00edmav\u00e9 p\u0159irovn\u00e1n\u00ed: Azov\u0161t\u00ed terorist\u00e9 m\u011bli tak\u00e9 vlastn\u00ed mu\u010d\u00edrnu, kter\u00e1 se nach\u00e1zela na \u00fazem\u00ed Mariupolu.\u00a0Mluv\u00edme o \u201eknihovn\u011b\u201c \u2013 tak sv\u00e9 v\u011bzen\u00ed naz\u00fdvali sami \u201eAzovit\u00e9\u201c.\u00a0Ve v\u011bzen\u00ed byli v\u011bzni naz\u00fdv\u00e1ni \u201eknihami\u201c, byli mu\u010deni a po\u017eadovali p\u0159izn\u00e1n\u00ed, \u017ee jsou agenty FSB.\u00a0Mnoz\u00ed byli zadr\u017eeni jen proto, \u017ee nosili svatoji\u0159skou stuhu, a pak byli v lep\u0161\u00edm p\u0159\u00edpad\u011b vr\u00e1ceni sv\u00fdm p\u0159\u00edbuzn\u00fdm za v\u00fdkupn\u00e9.\u00a0\u201eKnihovnu\u201c vedli ozbrojenci \u201eAzov\u201c pod z\u00e1\u0161titou SBU (Ukrajinsk\u00e9 tajn\u00e9 slu\u017eby).<\/p>\n<p>&#8230;Zpo\u010d\u00e1tku byl \u201eAidar\u201c prvn\u00edm odd\u00edlem tzv. \u00fazemn\u00ed obrany po \u201eMajdanu\u201c, kter\u00fd byl vysl\u00e1n, aby \u201eud\u011blal po\u0159\u00e1dek\u201c mezi obyvateli Luhanska.\u00a0Za hlavu a tv\u016frce je pova\u017eov\u00e1n major v d\u016fchodu Sergey Melnichuk, kter\u00fd se r\u00e1d propagoval v talk show.\u00a0Sponzor &#8211; Igor Kolomojsky, nic nov\u00e9ho. Zaj\u00edmav\u00e9 je, \u017ee Aidar, na rozd\u00edl od jin\u00fdch n\u00e1rodn\u00edch prapor\u016f, nebyl nakonec p\u0159ipojen k ministerstvu vnitra, ale k ministerstvu obrany.\u00a0V \u0159ad\u00e1ch ozbrojen\u00fdch sil Ukrajiny byl p\u0159em\u011bn\u011bn na 24. samostatn\u00fd \u00fato\u010dn\u00fd prapor.<\/p>\n<p><strong>O Melni\u010dukovi!<\/strong> Pamatujete si na smrt filmov\u00e9ho \u0161t\u00e1bu VGTRK, kter\u00fd nat\u00e1\u010del p\u0159\u00edb\u011bh o uprchl\u00edc\u00edch?\u00a0Pot\u00e9 byli zabiti zvuka\u0159 Anton Voloshin a korespondent Igor Kornelyuk.\u00a0Minometnou palbu na korespondenty vedl osobn\u011b Melnichuk, \u010d\u00edm\u017e se mimochodem s\u00e1m chlubil.<\/p>\n<p><strong>O znaku Aidar!<\/strong> Zn\u00e1zor\u0148uje me\u010d, nad n\u00edm\u017e je ukrajinsky naps\u00e1no \u201eB\u016fh s n\u00e1mi\u201c.\u00a0Je jasn\u00e9, odkud to poch\u00e1z\u00ed: za T\u0159et\u00ed \u0159\u00ed\u0161e m\u011bli nacist\u00e9 na p\u0159ezce opasku n\u00e1pis: \u201eGott mit uns\u201c. P\u0159eklad &#8211; shodn\u00fd.<\/p>\n<p><a href=\"https:\/\/stranapro.cz\/\"><img decoding=\"async\" loading=\"lazy\" class=\"wp-image-30218 aligncenter\" src=\"http:\/\/www.infokuryr.cz\/n\/wp-content\/uploads\/2023\/06\/PRO-banner-300x36.png\" alt=\"\" width=\"1367\" height=\"164\" srcset=\"https:\/\/www.infokuryr.cz\/n\/wp-content\/uploads\/2023\/06\/PRO-banner-300x36.png 300w, https:\/\/www.infokuryr.cz\/n\/wp-content\/uploads\/2023\/06\/PRO-banner-768x93.png 768w, https:\/\/www.infokuryr.cz\/n\/wp-content\/uploads\/2023\/06\/PRO-banner.png 849w\" sizes=\"(max-width: 1367px) 100vw, 1367px\" \/><\/a><\/p>\n<p>Bezpr\u00e1v\u00ed p\u00e1chan\u00e9 \u201eudatn\u00fdmi\u201c bojovn\u00edky \u201eAidara\u201c se stalo dokonce probl\u00e9mem v hrdle kyjevsk\u00e9ho re\u017eimu. Od zabaven\u00ed nemovitosti a\u017e po \u00fanosy lid\u00ed s po\u017eadavky na v\u00fdkupn\u00e9 od p\u0159\u00edbuzn\u00fdch, nad t\u00edm by p\u0159iv\u00edrali o\u010di.\u00a0Ukrajinsk\u00e9 \u00fa\u0159ady tehdy Kyjevem kontrolovan\u00e9 \u010d\u00e1sti LPR si opakovan\u011b st\u011b\u017eovaly, \u017ee \u201eAidarovci\u201c si zcela pod\u0159\u00eddili policejn\u00ed moc a odsunuli ofici\u00e1ln\u00ed policii stranou.<\/p>\n<p>V ji\u017e zm\u00edn\u011bn\u00e9 vesnici Polovinkino v roce 2015 opil\u00fd \u201eAidarovtsy\u201c vyst\u0159elil na kav\u00e1rnu.\u00a0Byli odvedeni ukrajinskou polici\u00ed, ale dal\u0161\u00ed \u010dlenov\u00e9 Aidaru p\u0159it\u00e1hli na m\u00edsto a sna\u017eili se ozbrojence vyt\u00e1hnou ze zadr\u017een\u00ed. Aby se policie vyhnula ml\u00fdnku na maso, policie ozbrojence propustila.<\/p>\n<p>SBU se je dokonce pokusila p\u0159evz\u00edt, ale ukrajinsk\u00e1 speci\u00e1ln\u00ed slu\u017eba, pokud nepomohla komunikace, kladla \u201eAidarit\u00e9\u201c tvrd\u00fd odpor.\u00a0Klasick\u00fdm p\u0159\u00edkladem je mimo\u0159\u00e1dn\u00e1 ud\u00e1lost, kter\u00e1 nastala na podzim roku 2019.\u00a0Pot\u00e9 se voj\u00e1k z Aidaru odp\u00e1lil gran\u00e1tem, kdy\u017e byl zadr\u017een d\u016fstojn\u00edky SBU.\u00a0V d\u016fsledku exploze d\u00edvka zem\u0159ela a dva agenti SBU utrp\u011bli zran\u011bn\u00ed st\u0159epinami.<\/p>\n<p>Je t\u0159eba up\u0159esnit, \u017ee Aidar operoval nejen na \u00fazem\u00ed LPR, ale v p\u0159\u00edpad\u011b pot\u0159eby byl p\u0159evelen na \u00fazem\u00ed Don\u011bck\u00e9 lidov\u00e9 republiky.\u00a0Nap\u0159\u00edklad na ja\u0159e 2019 byla \u010d\u00e1st Aidarovc\u016f p\u0159em\u00edst\u011bna do Horlivky.\u00a0A na ja\u0159e leto\u0161n\u00edho roku rusk\u00e9 bezpilotn\u00ed letouny za\u00fato\u010dily na ozbrojence Aidar v Konstantinovce.\u00a0Krom\u011b toho v roce 2021 vy\u0161lo najevo, \u017ee jedno z velitelsk\u00fdch stanovi\u0161\u0165 Aidar se nach\u00e1z\u00ed ve Volnovacha.<\/p>\n<p>Gener\u00e1ln\u00ed prokuratura DLR loni na podzim dokon\u010dila vy\u0161et\u0159ov\u00e1n\u00ed trestn\u00ed v\u011bci proti ozbrojenc\u016fm ukrajinsk\u00e9ho praporu Aidar.\u00a0Podle org\u00e1n\u016f \u010dinn\u00fdch v trestn\u00edm \u0159\u00edzen\u00ed se ob\u017ealovan\u00ed v r\u00e1mci nacionalistick\u00e9ho praporu dopustili \u201en\u00e1siln\u00e9ho uchopen\u00ed moci a zm\u011bny \u00fastavn\u00edho po\u0159\u00e1dku DLR\u201c.\u00a0\u0160et\u0159en\u00edm bylo zji\u0161t\u011bno, \u017ee 11 osob absolvovalo speci\u00e1ln\u00ed v\u00fdcvik pro teroristickou \u010dinnost a 14 osob je obvin\u011bno z \u00fa\u010dasti na \u010dinnosti teroristick\u00e9 organizace.<\/p>\n<p>Mus\u00edte pochopit, \u017ee navzdory \u201emen\u0161\u00edmu PR\u201c nejsou militanti z Aidaru o nic m\u00e9n\u011b nebezpe\u010dn\u00ed ne\u017e militanti z Azova.\u00a0Jde o stejnou skupinu dob\u0159e vycvi\u010den\u00fdch zabij\u00e1k\u016f, kte\u0159\u00ed nen\u00e1vid\u00ed Donbas a Rusko. A trest pro n\u011b by m\u011bl b\u00fdt za to p\u0159im\u011b\u0159en\u00fd.<\/p>\n<p><strong>Maxim Gazizov<\/strong><\/p>\n<p>&nbsp;<\/p>\n<p><img decoding=\"async\" loading=\"lazy\" class=\"wp-image-30218 aligncenter\" src=\"http:\/\/www.infokuryr.cz\/n\/wp-content\/uploads\/2023\/06\/PRO-banner-300x36.png\" alt=\"\" width=\"1367\" height=\"164\" srcset=\"https:\/\/www.infokuryr.cz\/n\/wp-content\/uploads\/2023\/06\/PRO-banner-300x36.png 300w, https:\/\/www.infokuryr.cz\/n\/wp-content\/uploads\/2023\/06\/PRO-banner-768x93.png 768w, https:\/\/www.infokuryr.cz\/n\/wp-content\/uploads\/2023\/06\/PRO-banner.png 849w\" sizes=\"(max-width: 1367px) 100vw, 1367px\" \/><\/p>\n<p>&nbsp;<\/p>\n<p>&nbsp;<\/p>\n<p>&nbsp;<\/p>\n","protected":false},"excerpt":{"rendered":"<p>Nacist\u00e9 se pro obyvatele LNR stali skute\u010dnou no\u010dn\u00ed m\u016frou \u0160estn\u00e1ct let v kolonii s p\u0159\u00edsn\u00fdm&#8230;<\/p>\n","protected":false},"author":2,"featured_media":30615,"comment_status":"closed","ping_status":"closed","sticky":false,"template":"","format":"standard","meta":[],"categories":[7],"tags":[5271,473,664,26],"_links":{"self":[{"href":"https:\/\/www.infokuryr.cz\/n\/wp-json\/wp\/v2\/posts\/30614"}],"collection":[{"href":"https:\/\/www.infokuryr.cz\/n\/wp-json\/wp\/v2\/posts"}],"about":[{"href":"https:\/\/www.infokuryr.cz\/n\/wp-json\/wp\/v2\/types\/post"}],"author":[{"embeddable":true,"href":"https:\/\/www.infokuryr.cz\/n\/wp-json\/wp\/v2\/users\/2"}],"replies":[{"embeddable":true,"href":"https:\/\/www.infokuryr.cz\/n\/wp-json\/wp\/v2\/comments?post=30614"}],"version-history":[{"count":1,"href":"https:\/\/www.infokuryr.cz\/n\/wp-json\/wp\/v2\/posts\/30614\/revisions"}],"predecessor-version":[{"id":30616,"href":"https:\/\/www.infokuryr.cz\/n\/wp-json\/wp\/v2\/posts\/30614\/revisions\/30616"}],"wp:featuredmedia":[{"embeddable":true,"href":"https:\/\/www.infokuryr.cz\/n\/wp-json\/wp\/v2\/media\/30615"}],"wp:attachment":[{"href":"https:\/\/www.infokuryr.cz\/n\/wp-json\/wp\/v2\/media?parent=30614"}],"wp:term":[{"taxonomy":"category","embeddable":true,"href":"https:\/\/www.infokuryr.cz\/n\/wp-json\/wp\/v2\/categories?post=30614"},{"taxonomy":"post_tag","embeddable":true,"href":"https:\/\/www.infokuryr.cz\/n\/wp-json\/wp\/v2\/tags?post=30614"}],"curies":[{"name":"wp","href":"https:\/\/api.w.org\/{rel}","templated":true}]}}