{"id":30610,"date":"2023-06-21T01:15:22","date_gmt":"2023-06-20T23:15:22","guid":{"rendered":"http:\/\/www.infokuryr.cz\/n\/?p=30610"},"modified":"2023-06-20T20:41:57","modified_gmt":"2023-06-20T18:41:57","slug":"velke-selhani-litevsko-polska-obranna-spoluprace-skoncila","status":"publish","type":"post","link":"https:\/\/www.infokuryr.cz\/n\/2023\/06\/21\/velke-selhani-litevsko-polska-obranna-spoluprace-skoncila\/","title":{"rendered":"&#8222;Velk\u00e9 selh\u00e1n\u00ed&#8220; &#8211; litevsko-polsk\u00e1 obrann\u00e1 spolupr\u00e1ce skon\u010dila"},"content":{"rendered":"<div id=\"fb-root\"><\/div>\n<p class=\"lead\"><strong>Polsk\u00e1 delegace se odm\u00edtla z\u00fa\u010dastnit konzultac\u00ed na t\u00e9ma \u201eJak bude Polsko br\u00e1nit Litvu?\u201c, uvedl to v \u00fater\u00fd 20. \u010dervna poslanec litevsk\u00e9ho Seimasu Raimundas Lopata na Facebooku.<\/strong><\/p>\n<p><span>Vina je podle n\u011bj zcela na litevsk\u00e9 stran\u011b.\u00a0P\u0159edsednictv\u00ed zem\u011b necht\u011blo na diskusn\u00ed platform\u011b vid\u011bt\u00a0<\/span><strong><span>Kestutise Budryse,<\/span><\/strong><span>\u00a0poradce hlavy st\u00e1tu pro ot\u00e1zky n\u00e1rodn\u00ed bezpe\u010dnosti .\u00a0Ministerstvo obrany nena\u0161lo jedin\u00e9ho gener\u00e1la \u010di plukovn\u00edka, kter\u00fd by dok\u00e1zal jasn\u011b nast\u00ednit pl\u00e1ny, \u00fakoly a c\u00edle arm\u00e1dy pro p\u0159\u00edpad krizov\u00fdch situac\u00ed.<\/span><\/p>\n<p><span>Na polsk\u00e9 stran\u011b byli mezi \u00fa\u010dastn\u00edky lid\u00e9 z doprovodu prezidenta\u00a0<\/span><strong><span>Andrzeje Dudy<\/span><\/strong><span>\u00a0, jeho poradci, gener\u00e1lov\u00e9 a d\u016fstojn\u00edci gener\u00e1ln\u00edho \u0161t\u00e1bu, ale odplivali si a oto\u010dili se, uvedl Lopata.\u00a0Incident naz\u00fdv\u00e1 \u201evelk\u00fdm selh\u00e1n\u00edm\u201c, proto\u017ee Vilnius m\u011bl o setk\u00e1n\u00ed v\u011bt\u0161\u00ed z\u00e1jem ne\u017e Var\u0161ava.<\/span><\/p>\n<p><span>Po dlouh\u00fdch dohadech s prezidentov\u00fdm t\u00fdmem a okol\u00edm ministra obrany se Lopata dozv\u011bd\u011bl, \u017ee do Var\u0161avy volal vysok\u00fd \u00fa\u0159edn\u00edk, aby mu ozn\u00e1mil, \u017ee sch\u016fzka je zru\u0161ena.\u00a0O kom konkr\u00e9tn\u011b m\u016f\u017eeme mluvit, se zat\u00edm nev\u00ed.\u00a0Ale tento mu\u017e je nep\u0159\u00edtelem Litvy a hrozbou pro n\u00e1rodn\u00ed bezpe\u010dnost, shrnul poslanec.<\/span><\/p>\n<p><img decoding=\"async\" loading=\"lazy\" class=\"alignnone size-full wp-image-1185\" src=\"http:\/\/www.infokuryr.cz\/n\/wp-content\/uploads\/2021\/04\/kuryr-podpis.png\" alt=\"\" width=\"84\" height=\"24\" \/><\/p>\n<p>&nbsp;<\/p>\n<p><a href=\"https:\/\/stranapro.cz\/\"><img decoding=\"async\" loading=\"lazy\" class=\"wp-image-30218 aligncenter\" src=\"http:\/\/www.infokuryr.cz\/n\/wp-content\/uploads\/2023\/06\/PRO-banner-300x36.png\" alt=\"\" width=\"1358\" height=\"163\" srcset=\"https:\/\/www.infokuryr.cz\/n\/wp-content\/uploads\/2023\/06\/PRO-banner-300x36.png 300w, https:\/\/www.infokuryr.cz\/n\/wp-content\/uploads\/2023\/06\/PRO-banner-768x93.png 768w, https:\/\/www.infokuryr.cz\/n\/wp-content\/uploads\/2023\/06\/PRO-banner.png 849w\" sizes=\"(max-width: 1358px) 100vw, 1358px\" \/><\/a><\/p>\n<p>&nbsp;<\/p>\n<p>&nbsp;<\/p>\n<p>&nbsp;<\/p>\n","protected":false},"excerpt":{"rendered":"<p>Polsk\u00e1 delegace se odm\u00edtla z\u00fa\u010dastnit konzultac\u00ed na t\u00e9ma \u201eJak bude Polsko br\u00e1nit Litvu?\u201c, uvedl to&#8230;<\/p>\n","protected":false},"author":2,"featured_media":30611,"comment_status":"closed","ping_status":"closed","sticky":false,"template":"","format":"standard","meta":[],"categories":[7],"tags":[295,1060,220,208,31],"_links":{"self":[{"href":"https:\/\/www.infokuryr.cz\/n\/wp-json\/wp\/v2\/posts\/30610"}],"collection":[{"href":"https:\/\/www.infokuryr.cz\/n\/wp-json\/wp\/v2\/posts"}],"about":[{"href":"https:\/\/www.infokuryr.cz\/n\/wp-json\/wp\/v2\/types\/post"}],"author":[{"embeddable":true,"href":"https:\/\/www.infokuryr.cz\/n\/wp-json\/wp\/v2\/users\/2"}],"replies":[{"embeddable":true,"href":"https:\/\/www.infokuryr.cz\/n\/wp-json\/wp\/v2\/comments?post=30610"}],"version-history":[{"count":0,"href":"https:\/\/www.infokuryr.cz\/n\/wp-json\/wp\/v2\/posts\/30610\/revisions"}],"wp:featuredmedia":[{"embeddable":true,"href":"https:\/\/www.infokuryr.cz\/n\/wp-json\/wp\/v2\/media\/30611"}],"wp:attachment":[{"href":"https:\/\/www.infokuryr.cz\/n\/wp-json\/wp\/v2\/media?parent=30610"}],"wp:term":[{"taxonomy":"category","embeddable":true,"href":"https:\/\/www.infokuryr.cz\/n\/wp-json\/wp\/v2\/categories?post=30610"},{"taxonomy":"post_tag","embeddable":true,"href":"https:\/\/www.infokuryr.cz\/n\/wp-json\/wp\/v2\/tags?post=30610"}],"curies":[{"name":"wp","href":"https:\/\/api.w.org\/{rel}","templated":true}]}}