{"id":30602,"date":"2023-06-21T01:12:26","date_gmt":"2023-06-20T23:12:26","guid":{"rendered":"http:\/\/www.infokuryr.cz\/n\/?p=30602"},"modified":"2023-06-20T20:26:55","modified_gmt":"2023-06-20T18:26:55","slug":"podezrely-z-rwandske-genocidy-zada-o-politicky-azyl","status":"publish","type":"post","link":"https:\/\/www.infokuryr.cz\/n\/2023\/06\/21\/podezrely-z-rwandske-genocidy-zada-o-politicky-azyl\/","title":{"rendered":"Podez\u0159el\u00fd z rwandsk\u00e9 genocidy \u017e\u00e1d\u00e1 o politick\u00fd azyl"},"content":{"rendered":"<div id=\"fb-root\"><\/div>\n<p><span style=\"font-size: 18pt;\"><strong>Fulgence Kayishema \u010del\u00ed v\u00edce ne\u017e 50 obvin\u011bn\u00edm, v\u010detn\u011b podvodu za pad\u011bl\u00e1n\u00ed dokument\u016f pro vstup do Ji\u017en\u00ed Afriky<\/strong><\/span><\/p>\n<p><span>B\u00fdval\u00fd policista Fulgence Kayishema, kter\u00fd je souzen\u00fd za svou \u00fadajnou roli ve rwandsk\u00e9 genocid\u011b z roku 1994, po\u017e\u00e1dal v Jihoafrick\u00e9 republice o azyl pot\u00e9, co se vzdal \u017e\u00e1dosti o propu\u0161t\u011bn\u00ed na kauci, uvedla v \u00fater\u00fd prokuratura.<\/span><\/p>\n<p><span>Kayishema byl zat\u010den minul\u00fd m\u011bs\u00edc na hroznov\u00e9 farm\u011b v Paarl u Kapsk\u00e9ho M\u011bsta ve spole\u010dn\u00e9 operaci vy\u0161et\u0159ovatel\u016f OSN a jihoafrick\u00fdch \u00fa\u0159ad\u016f pot\u00e9, co se t\u00e9m\u011b\u0159 t\u0159i desetilet\u00ed vyh\u00fdbal spravedlnosti.<\/span><\/p>\n<p><span>Byl ob\u017ealov\u00e1n Mezin\u00e1rodn\u00edm trestn\u00edm tribun\u00e1lem pro Rwandu (ICTR) ze sp\u00e1ch\u00e1n\u00ed genocidy a zlo\u010din\u016f proti lidskosti a je obvin\u011bn z na\u0159\u00edzen\u00ed zabit\u00ed v\u00edce ne\u017e 2000 lid\u00ed hledaj\u00edc\u00edch \u00fato\u010di\u0161t\u011b v kostele ve Rwand\u011b.<\/span><\/p>\n<p><span>Kdy\u017e se v kv\u011btnu poprv\u00e9 objevil p\u0159ed soudem, Kayishema pop\u0159el, \u017ee by se pod\u00edlel na n\u00e1sil\u00ed, ale \u0159ekl, \u017ee se mu\u00a0incidentu \u201e\u00a0<\/span><em><span>omlouv\u00e1 \u201c.<\/span><\/em><\/p>\n<p><span>62let\u00fd podez\u0159el\u00fd, kter\u00fd se v \u00fater\u00fd kr\u00e1tce objevil u magistr\u00e1tn\u00edho soudu v Kapsk\u00e9m M\u011bst\u011b, \u010del\u00ed 54 obvin\u011bn\u00edm, v\u010detn\u011b podvodu za pad\u011bl\u00e1n\u00ed dokument\u016f pro vstup do Jihoafrick\u00e9 republiky a poru\u0161en\u00ed imigra\u010dn\u00ed a uprchlick\u00e9 legislativy, uvedla m\u00edstn\u00ed m\u00e9dia s odvol\u00e1n\u00edm na N\u00e1rodn\u00ed \u00fa\u0159ad pro prokuraturu. (NPA).<\/span><\/p>\n<p><span>Podle mluv\u010d\u00edho NPA Erica Ntabazalily byli Kayishemovi pr\u00e1vn\u00edci ob\u017ealov\u00e1ni 9. \u010dervna.<\/span><\/p>\n<p><span>&#8220;\u00a0<\/span><em><span>Dnes Fulgence\u016fv pr\u00e1vn\u00edk Juan Smuts potvrdil, \u017ee se sv\u00fdm klientem konzultovali, a pou\u010dil je, \u017ee v t\u00e9to f\u00e1zi upou\u0161t\u00ed od sv\u00e9 \u017e\u00e1dosti o kauci<\/span><\/em><span>\u00a0,&#8220; \u0159ekl Ntabazalila, citovan\u00fd jihoafrick\u00fdm port\u00e1lem IOL.<\/span><\/p>\n<p><span>Ntabazalila zopakoval sv\u00e9 d\u0159\u00edv\u011bj\u0161\u00ed prohl\u00e1\u0161en\u00ed, \u017ee st\u00e1t je proti propu\u0161t\u011bn\u00ed na kauci.<\/span><\/p>\n<p><span>P\u0159\u00edpad byl kv\u016fli dal\u0161\u00edmu vy\u0161et\u0159ov\u00e1n\u00ed odlo\u017een na 18. srpna a Kayishema z\u016fst\u00e1v\u00e1 ve vazb\u011b.<\/span><\/p>\n<p><span>Tribun\u00e1l OSN chce, aby byl obvin\u011bn\u00fd vyd\u00e1n k jednomu z jeho soud\u016f v Arushe v Tanzanii a pot\u00e9 p\u0159evezen k soudu do Rwandy.<\/span><\/p>\n<p><span>P\u0159ibli\u017en\u011b 800 000 Tutsi\u016f a um\u00edrn\u011bn\u00fdch Hutu\u016f bylo zabito b\u011bhem 100 dn\u016f n\u00e1sil\u00ed, kter\u00e9 se ve v\u00fdchodoafrick\u00e9 zemi odehr\u00e1lo mezi dubnem a \u010dervencem 1994.<\/span><\/p>\n<p><img decoding=\"async\" loading=\"lazy\" class=\"alignnone size-full wp-image-1185\" src=\"http:\/\/www.infokuryr.cz\/n\/wp-content\/uploads\/2021\/04\/kuryr-podpis.png\" alt=\"\" width=\"84\" height=\"24\" \/><\/p>\n<p>&nbsp;<\/p>\n<p><a href=\"https:\/\/stranapro.cz\/\"><img decoding=\"async\" loading=\"lazy\" class=\"wp-image-30218 aligncenter\" src=\"http:\/\/www.infokuryr.cz\/n\/wp-content\/uploads\/2023\/06\/PRO-banner-300x36.png\" alt=\"\" width=\"1358\" height=\"163\" srcset=\"https:\/\/www.infokuryr.cz\/n\/wp-content\/uploads\/2023\/06\/PRO-banner-300x36.png 300w, https:\/\/www.infokuryr.cz\/n\/wp-content\/uploads\/2023\/06\/PRO-banner-768x93.png 768w, https:\/\/www.infokuryr.cz\/n\/wp-content\/uploads\/2023\/06\/PRO-banner.png 849w\" sizes=\"(max-width: 1358px) 100vw, 1358px\" \/><\/a><\/p>\n<p>&nbsp;<\/p>\n<p>&nbsp;<\/p>\n<p>&nbsp;<\/p>\n","protected":false},"excerpt":{"rendered":"<p>Fulgence Kayishema \u010del\u00ed v\u00edce ne\u017e 50 obvin\u011bn\u00edm, v\u010detn\u011b podvodu za pad\u011bl\u00e1n\u00ed dokument\u016f pro vstup do&#8230;<\/p>\n","protected":false},"author":2,"featured_media":30603,"comment_status":"closed","ping_status":"closed","sticky":false,"template":"","format":"standard","meta":[],"categories":[7],"tags":[178,1524,5058],"_links":{"self":[{"href":"https:\/\/www.infokuryr.cz\/n\/wp-json\/wp\/v2\/posts\/30602"}],"collection":[{"href":"https:\/\/www.infokuryr.cz\/n\/wp-json\/wp\/v2\/posts"}],"about":[{"href":"https:\/\/www.infokuryr.cz\/n\/wp-json\/wp\/v2\/types\/post"}],"author":[{"embeddable":true,"href":"https:\/\/www.infokuryr.cz\/n\/wp-json\/wp\/v2\/users\/2"}],"replies":[{"embeddable":true,"href":"https:\/\/www.infokuryr.cz\/n\/wp-json\/wp\/v2\/comments?post=30602"}],"version-history":[{"count":1,"href":"https:\/\/www.infokuryr.cz\/n\/wp-json\/wp\/v2\/posts\/30602\/revisions"}],"predecessor-version":[{"id":30604,"href":"https:\/\/www.infokuryr.cz\/n\/wp-json\/wp\/v2\/posts\/30602\/revisions\/30604"}],"wp:featuredmedia":[{"embeddable":true,"href":"https:\/\/www.infokuryr.cz\/n\/wp-json\/wp\/v2\/media\/30603"}],"wp:attachment":[{"href":"https:\/\/www.infokuryr.cz\/n\/wp-json\/wp\/v2\/media?parent=30602"}],"wp:term":[{"taxonomy":"category","embeddable":true,"href":"https:\/\/www.infokuryr.cz\/n\/wp-json\/wp\/v2\/categories?post=30602"},{"taxonomy":"post_tag","embeddable":true,"href":"https:\/\/www.infokuryr.cz\/n\/wp-json\/wp\/v2\/tags?post=30602"}],"curies":[{"name":"wp","href":"https:\/\/api.w.org\/{rel}","templated":true}]}}