{"id":30601,"date":"2023-06-21T01:11:14","date_gmt":"2023-06-20T23:11:14","guid":{"rendered":"http:\/\/www.infokuryr.cz\/n\/?p=30601"},"modified":"2023-06-20T20:23:21","modified_gmt":"2023-06-20T18:23:21","slug":"trump-uvedl-ze-mohl-zachranit-ukrajinu-pred-konfliktem","status":"publish","type":"post","link":"https:\/\/www.infokuryr.cz\/n\/2023\/06\/21\/trump-uvedl-ze-mohl-zachranit-ukrajinu-pred-konfliktem\/","title":{"rendered":"Trump uvedl, \u017ee mohl zachr\u00e1nit Ukrajinu p\u0159ed konfliktem"},"content":{"rendered":"<div id=\"fb-root\"><\/div>\n<p><span style=\"font-size: 18pt;\"><strong>B\u011bhem jeho pobytu v B\u00edl\u00e9m dom\u011b bylo v\u0161echno v klidu, prohl\u00e1sil 45. americk\u00fd prezident<\/strong><\/span><\/p>\n<p><span>B\u00fdval\u00fd americk\u00fd prezident Donald Trump prohl\u00e1sil, \u017ee ukrajinsk\u00fd konflikt by se nestal, kdyby z\u016fstal ve funkci.\u00a0Trump \u0159ekl Fox News, \u017ee \u00fasp\u011b\u0161n\u011b odradil Moskvu od \u00fatoku na Kyjev.\u00a0<\/span><\/p>\n<p><em><span>&#8222;Neud\u011blal by to, kdybych to byl j\u00e1.&#8220;\u00a0Ud\u011blal to pot\u00e9, co jsem ode\u0161el,\u201c<\/span><\/em><span>\u00a0\u0159ekl Trump moder\u00e1torovi Fox Bretu Baierovi s odkazem na rusk\u00e9ho prezidenta Vladimira Putina v rozhovoru odvys\u00edlan\u00e9m v pond\u011bl\u00ed ve\u010der.<\/span><\/p>\n<p><em><span>\u201eMyslel jsem, \u017ee by to mohl ud\u011blat.\u00a0Pod\u00edvej, mluvil jsem s n\u00edm.\u00a0\u0158ekl jsem: \u201aPokud to ud\u011bl\u00e1\u0161, bude za to peklo.\u00a0Bude to katastrofa.\u00a0Ned\u011blejte to,\u201c<\/span><\/em><span>\u00a0\u0159ekl Trump.\u00a0<\/span><em><span>\u201e\u0158ekl jsem mu, \u017ee n\u011bco ud\u011bl\u00e1m.\u00a0\u0158ekl: &#8218;Ne, ne, ne, to neud\u011bl\u00e1\u0161&#8216;.\u00a0\u0158ekl jsem: \u201aBudu, Vladim\u00edre, ud\u011bl\u00e1m to.\u00a0Jdu to ud\u011blat.&#8220;<\/span><\/em><\/p>\n<p><em><span>\u201eV\u016fbec mi nev\u011b\u0159il, snad krom\u011b 10 %.\u00a0A 10 % je v\u0161e, co pot\u0159ebujete,\u201c<\/span><\/em><span>\u00a0uzav\u0159el Trump.<\/span><\/p>\n<p><span>Trump \u0159ekl, \u017ee m\u011bl\u00a0<\/span><em><span>\u201evelmi dobr\u00fd vztah\u201c<\/span><\/em><span>\u00a0s Putinem, kdy\u017e byl v \u00fa\u0159adu, a vych\u00e1zel tak\u00e9 s ukrajinsk\u00fdm prezidentem Vladimirem Zelensk\u00fdm.\u00a0Tvrdil, \u017ee Zelenskyj jednal \u010destn\u011b b\u011bhem\u00a0<\/span><em><span>\u201eimpeachmentu \u010d\u00edslo jedna\u201c<\/span><\/em><span>\u00a0na konci roku 2019, kdy demokrat\u00e9 obvinili Trumpa z vyhro\u017eov\u00e1n\u00ed Kyjevu, aby vy\u0161et\u0159il syna Joea Bidena Huntera.<\/span><\/p>\n<p><em><span>\u201eZa to jsem ho respektoval.\u00a0Mohl ud\u011blat tribunu,\u201c<\/span><\/em><span>\u00a0\u0159ekl Trump.<\/span><\/p>\n<p><span>V jednu chv\u00edli se Baier Trumpa zeptal, zda v\u011b\u0159\u00ed, \u017ee Ukrajina je odd\u011blenou zem\u00ed od Ruska.<\/span><\/p>\n<p><em><span>&#8222;Je to samostatn\u00e1 zem\u011b, ale v jednu chv\u00edli to nebyla samostatn\u00e1 zem\u011b a Putinovi se to tak l\u00edbilo,&#8220;<\/span><\/em><span>\u00a0odpov\u011bd\u011bl b\u00fdval\u00fd prezident a sou\u010dasn\u00fd republik\u00e1nsk\u00fd kandid\u00e1t na nominaci pro rok 2024.<\/span><\/p>\n<p><span>Trump odm\u00edtl diskutovat o jak\u00fdchkoli podrobnostech navrhovan\u00e9ho politick\u00e9ho urovn\u00e1n\u00ed s t\u00edm, \u017ee by to naru\u0161ilo skute\u010dn\u00e9 rozhovory, a zopakoval, \u017ee by mohl konflikt zastavit \u201e\u00a0<\/span><em><span>do 24 hodin\u201c.<\/span><\/em><\/p>\n<p><em><span>&#8222;To jsem ud\u011blal.&#8220;\u00a0D\u00edky obchod\u016fm jsem se stal velmi bohat\u00fdm.\u00a0Velmi bohat\u00fd,\u201c<\/span><\/em><span>\u00a0\u0159ekl.\u00a0<\/span><em><span>&#8222;Ud\u011blal bych dohodu velmi rychle.&#8220;\u00a0A v\u00ed\u0161 ty co?\u00a0Smrt by se zastavila a destrukce by se zastavila, proto\u017ee, pod\u00edvejte, Ukrajina byla vyhlazena.&#8220;<\/span><\/em><\/p>\n<p><span>Ma\u010farsk\u00e1 vl\u00e1da\u00a0<\/span><a href=\"https:\/\/www.rt.com\/news\/578026-trump-peace-ukraine-hungary\/\"><span>podpo\u0159ila<\/span><\/a><span>\u00a0Trumpovu tezi a tvrdila, \u017ee konflikt by s n\u00edm v \u00fa\u0159adu neeskaloval a \u017ee jedin\u011b jeho n\u00e1vrat do B\u00edl\u00e9ho domu m\u016f\u017ee p\u0159in\u00e9st m\u00edr.<\/span><\/p>\n<p><span>V ned\u00e1vn\u00e9m rozhovoru Zelenskyj \u0159ekl NBC News, \u017ee je skeptick\u00fd k Trumpovu tvrzen\u00ed a \u017ee nikdo na sv\u011bt\u011b nem\u016f\u017ee ukon\u010dit v\u00e1lku rozhovorem s Putinem.\u00a0<\/span><\/p>\n<p><em><span>\u201ePro\u010d to neud\u011blal d\u0159\u00edve?\u00a0Byl prezidentem, kdy\u017e tady prob\u00edhala v\u00e1lka,\u201c<\/span><\/em><span>\u00a0\u0159ekl ukrajinsk\u00fd v\u016fdce s odkazem na nep\u0159\u00e1telsk\u00e9 akce, kter\u00e9 poprv\u00e9 vypukly v roce 2014 po pu\u010di v Kyjev\u011b podporovan\u00e9m Spojen\u00fdmi st\u00e1ty.\u00a0Ukrajina se od t\u00e9 doby p\u0159ihl\u00e1sila k rusk\u00e9\u00a0<\/span><em><span>\u201einvazi\u201c<\/span><\/em><span>\u00a0.<\/span><\/p>\n<p><span>Rusko vyslalo voj\u00e1ky na Ukrajinu v \u00fanoru 2022 pot\u00e9, co USA a NATO odm\u00edtly jeho n\u00e1vrh na bezpe\u010dnostn\u00ed z\u00e1ruky.\u00a0Putin argumentoval t\u00edm, \u017ee si ho Z\u00e1pad vynutil, kdy\u017e ud\u011blal z Ukrajiny t\u011b\u017ece ozbrojen\u00fd protirusk\u00fd re\u017eim.\u00a0Loni b\u00fdval\u00ed n\u011bme\u010dt\u00ed a francouz\u0161t\u00ed v\u016fdci p\u0159ipustili, \u017ee p\u0159\u00edm\u011b\u0159\u00ed v Minsku z roku 2015 bylo jen trikem, jak z\u00edskat \u010das pro Ukrajinu na p\u0159\u00edpravu na v\u00e1lku.\u00a0<\/span><\/p>\n<p><img decoding=\"async\" loading=\"lazy\" class=\"alignnone size-full wp-image-1185\" src=\"http:\/\/www.infokuryr.cz\/n\/wp-content\/uploads\/2021\/04\/kuryr-podpis.png\" alt=\"\" width=\"84\" height=\"24\" \/><\/p>\n<p>&nbsp;<\/p>\n<p><a href=\"https:\/\/stranapro.cz\/\"><img decoding=\"async\" loading=\"lazy\" class=\"wp-image-30218 aligncenter\" src=\"http:\/\/www.infokuryr.cz\/n\/wp-content\/uploads\/2023\/06\/PRO-banner-300x36.png\" alt=\"\" width=\"1358\" height=\"163\" srcset=\"https:\/\/www.infokuryr.cz\/n\/wp-content\/uploads\/2023\/06\/PRO-banner-300x36.png 300w, https:\/\/www.infokuryr.cz\/n\/wp-content\/uploads\/2023\/06\/PRO-banner-768x93.png 768w, https:\/\/www.infokuryr.cz\/n\/wp-content\/uploads\/2023\/06\/PRO-banner.png 849w\" sizes=\"(max-width: 1358px) 100vw, 1358px\" \/><\/a><\/p>\n<p>&nbsp;<\/p>\n<p>&nbsp;<\/p>\n<p>&nbsp;<\/p>\n","protected":false},"excerpt":{"rendered":"<p>B\u011bhem jeho pobytu v B\u00edl\u00e9m dom\u011b bylo v\u0161echno v klidu, prohl\u00e1sil 45. americk\u00fd prezident B\u00fdval\u00fd&#8230;<\/p>\n","protected":false},"author":2,"featured_media":12823,"comment_status":"closed","ping_status":"closed","sticky":false,"template":"","format":"standard","meta":[],"categories":[7],"tags":[1352,220,26],"_links":{"self":[{"href":"https:\/\/www.infokuryr.cz\/n\/wp-json\/wp\/v2\/posts\/30601"}],"collection":[{"href":"https:\/\/www.infokuryr.cz\/n\/wp-json\/wp\/v2\/posts"}],"about":[{"href":"https:\/\/www.infokuryr.cz\/n\/wp-json\/wp\/v2\/types\/post"}],"author":[{"embeddable":true,"href":"https:\/\/www.infokuryr.cz\/n\/wp-json\/wp\/v2\/users\/2"}],"replies":[{"embeddable":true,"href":"https:\/\/www.infokuryr.cz\/n\/wp-json\/wp\/v2\/comments?post=30601"}],"version-history":[{"count":0,"href":"https:\/\/www.infokuryr.cz\/n\/wp-json\/wp\/v2\/posts\/30601\/revisions"}],"wp:featuredmedia":[{"embeddable":true,"href":"https:\/\/www.infokuryr.cz\/n\/wp-json\/wp\/v2\/media\/12823"}],"wp:attachment":[{"href":"https:\/\/www.infokuryr.cz\/n\/wp-json\/wp\/v2\/media?parent=30601"}],"wp:term":[{"taxonomy":"category","embeddable":true,"href":"https:\/\/www.infokuryr.cz\/n\/wp-json\/wp\/v2\/categories?post=30601"},{"taxonomy":"post_tag","embeddable":true,"href":"https:\/\/www.infokuryr.cz\/n\/wp-json\/wp\/v2\/tags?post=30601"}],"curies":[{"name":"wp","href":"https:\/\/api.w.org\/{rel}","templated":true}]}}