{"id":30593,"date":"2023-06-21T01:08:44","date_gmt":"2023-06-20T23:08:44","guid":{"rendered":"http:\/\/www.infokuryr.cz\/n\/?p=30593"},"modified":"2023-06-20T20:11:38","modified_gmt":"2023-06-20T18:11:38","slug":"viktor-orban-rika-ze-alex-soros-planuje-zorganizovat-nejvetsi-migrantskou-krizi-v-dejinach","status":"publish","type":"post","link":"https:\/\/www.infokuryr.cz\/n\/2023\/06\/21\/viktor-orban-rika-ze-alex-soros-planuje-zorganizovat-nejvetsi-migrantskou-krizi-v-dejinach\/","title":{"rendered":"Viktor Orb\u00e1n \u0159\u00edk\u00e1, \u017ee Alex Soro\u0161 pl\u00e1nuje zorganizovat \u201enejv\u011bt\u0161\u00ed migrantskou krizi v d\u011bjin\u00e1ch\u201c"},"content":{"rendered":"<div id=\"fb-root\"><\/div>\n<p><span style=\"font-size: 18pt;\"><strong>Ma\u010farsk\u00fd premi\u00e9r Viktor Orb\u00e1n varoval, \u017ee Alex Soro\u0161, syn zn\u00e1m\u00e9ho padoucha George Soro\u0161e, pl\u00e1nuje zorganizovat \u201enejv\u011bt\u0161\u00ed migra\u010dn\u00ed krizi v d\u011bjin\u00e1ch\u201c.<\/strong><\/span><\/p>\n<p>Orb\u00e1n ve sv\u00e9m t\u00fddenn\u00edm rozhlasov\u00e9m vystoupen\u00ed prohl\u00e1sil, \u017ee nejnov\u011bj\u0161\u00ed program p\u0159emis\u0165ov\u00e1n\u00ed migrant\u016f v r\u00e1mci Evropsk\u00e9 unie financuje a \u0159\u00edd\u00ed Alex Soro\u0161, kter\u00fd je je\u0161t\u011b radik\u00e1ln\u011bj\u0161\u00ed a je\u0161t\u011b nebezpe\u010dn\u011bj\u0161\u00ed ne\u017e jeho otec.<\/p>\n<p>Viktor Orb\u00e1n, kter\u00fd je ji\u017e dlouho hlasit\u00fdm kritikem Soro\u0161ova imp\u00e9ria, varoval, \u017ee jeho d\u011bdic je p\u0159i dosahov\u00e1n\u00ed c\u00edl\u016f nadac\u00ed \u201eOtev\u0159en\u00e9 spole\u010dnosti\u201c vlastn\u00edc\u00edch rodinou Soro\u0161ovc\u016f, mnohem bezohledn\u011bj\u0161\u00ed.<\/p>\n<p><strong>Str\u00e1nka\u00a0<a href=\"https:\/\/www.breitbart.com\/europe\/2023\/06\/18\/viktor-orban-accuses-soros-scion-of-scheming-to-incite-another-migrant-crisis\/\" target=\"_blank\" rel=\"noopener\">Breitbart.com<\/a>\u00a0uv\u00e1d\u00ed:<\/strong><\/p>\n<p>Proti dohod\u011b o migraci s EU, kter\u00e9 bylo dosa\u017eeno za\u010d\u00e1tkem tohoto m\u011bs\u00edce, byly pouze Ma\u010farsko a Polsko, p\u0159i\u010dem\u017e ob\u011b zem\u011b nam\u00edtaly proti p\u0159ij\u00edm\u00e1n\u00ed migrant\u016f (Slovensko se hlasem ministra vnitra \u0160imka z proti\u00fastavn\u011b jmenovan\u00e9 \u00d3dorovy vl\u00e1dy zdr\u017eelo).<\/p>\n<p><a href=\"https:\/\/stranapro.cz\/\"><img decoding=\"async\" loading=\"lazy\" class=\"wp-image-30218 aligncenter\" src=\"http:\/\/www.infokuryr.cz\/n\/wp-content\/uploads\/2023\/06\/PRO-banner-300x36.png\" alt=\"\" width=\"1358\" height=\"163\" srcset=\"https:\/\/www.infokuryr.cz\/n\/wp-content\/uploads\/2023\/06\/PRO-banner-300x36.png 300w, https:\/\/www.infokuryr.cz\/n\/wp-content\/uploads\/2023\/06\/PRO-banner-768x93.png 768w, https:\/\/www.infokuryr.cz\/n\/wp-content\/uploads\/2023\/06\/PRO-banner.png 849w\" sizes=\"(max-width: 1358px) 100vw, 1358px\" \/><\/a><\/p>\n<p>Podle parametr\u016f pl\u00e1nu by \u010dlensk\u00e9 st\u00e1ty EU musely bu\u010f p\u0159ijmout n\u011bkolik tis\u00edc \u017eadatel\u016f o azyl ro\u010dn\u011b z jin\u00fdch zem\u00ed EU, nebo zaplatit pokutu 20 000 eur za ka\u017ed\u00e9ho odm\u00edtnut\u00e9ho migranta.<\/p>\n<p>Podle Orb\u00e1na by se na z\u00e1klad\u011b uveden\u00e9ho pl\u00e1nu m\u011blo do Ma\u010farska natla\u010dit ro\u010dn\u011b asi 8 500 migrant\u016f (na Slovensko by to bylo 4000 a\u017e 5000 migrant\u016f).\u00a0Orb\u00e1n ale prohl\u00e1sil, \u017ee nem\u00e1 v \u00famyslu dodr\u017eovat \u017e\u00e1dn\u00fd dikt\u00e1t z Bruselu.<\/p>\n<h2>Za nov\u011b p\u0159ijatou dohodou k migraci pr\u00fd stoj\u00ed s\u00e1m Soro\u0161<\/h2>\n<p>Ma\u010farsk\u00fd l\u00eddr d\u00e1le uvedl, \u017ee v\u011b\u0159\u00ed, \u017ee d\u016fvodem, pro\u010d byla dohoda uzav\u0159ena, zd\u00e1nliv\u011b z ni\u010deho nic, byl v\u00fdsledek lobbistick\u00e9ho \u00fasil\u00ed Alexe Soro\u0161e, o kter\u00e9m \u0159ekl, \u017ee \u201ediktuje je\u0161t\u011b tvrd\u0161\u00ed tempo\u201c ne\u017e jeho otec.\u00a0Ma\u010farsko by se proto m\u011blo p\u0159ipravit na to, \u017ee Soro\u0161ova rodina \u201ebude podn\u011bcovat migranty, aby se zv\u00fd\u0161il tlak na ji\u017en\u00ed hranici Ma\u010farska\u201c.<\/p>\n<p><em>&#8222;Dalo by se \u0159\u00edci, \u017ee Soro\u0161ova \u0159\u00ed\u0161e &#8222;vrac\u00ed \u00fader&#8220; a tla\u010d\u00ed Evropan\u016fm dol\u016f krkem n\u011bco, co v\u011bt\u0161ina z nich odm\u00edt\u00e1,&#8220; \u0159ekl<\/em> Orb\u00e1n.<\/p>\n<p>Minul\u00fd t\u00fdden George Soro\u0161 ozn\u00e1mil, \u017ee p\u0159ed\u00e1 ot\u011b\u017ee sv\u00e9ho imp\u00e9ria sv\u00e9mu synovi, 37let\u00e9mu Alexandru \u201eAlexovi\u201c Soror\u0161ovi.\u00a0Alex Soro\u0161 s\u00e1m o sob\u011b dokonce tvrd\u00ed, \u017ee je \u201epoliti\u010dt\u011bj\u0161\u00ed\u201c a \u201eje\u0161t\u011b hor\u0161\u00ed\u201c ne\u017e jeho otec.<\/p>\n<p>V rozhovoru pro list\u00a0<em>The Wall Street Journal<\/em>\u00a0Soro\u0161 mlad\u0161\u00ed \u0159ekl, \u017ee bude pokra\u010dovat v prosazov\u00e1n\u00ed tvrd\u011b progresivistick\u00e9 politiky v ot\u00e1zk\u00e1ch, jako jsou potraty, hlasov\u00e1n\u00ed ve volb\u00e1ch a rovnost pohlav\u00ed.<\/p>\n<p>Po ozn\u00e1men\u00ed o p\u0159ed\u00e1n\u00ed sv\u00e9ho imp\u00e9ria synovi, Orb\u00e1n rychle zareagoval a na sv\u00e9m \u00fa\u010dtu na Twitteru zve\u0159ejnil n\u00e1sleduj\u00edc\u00ed gif z Kmotra, na kter\u00e9m je Vito Corleone jak d\u00e1v\u00e1 polibek sv\u00e9mu synovi Michealovi, ke kter\u00e9mu ma\u010farsk\u00fd l\u00eddr dopsal: \u201eSoro\u0161 2.0\u201c:<\/p>\n<p>&nbsp;<\/p>\n<div class=\"twitter-tweet twitter-tweet-rendered\"><iframe id=\"twitter-widget-0\" class=\"\" title=\"Twitter Tweet\" src=\"https:\/\/platform.twitter.com\/embed\/Tweet.html?dnt=false&amp;embedId=twitter-widget-0&amp;features=eyJ0ZndfdGltZWxpbmVfbGlzdCI6eyJidWNrZXQiOltdLCJ2ZXJzaW9uIjpudWxsfSwidGZ3X2ZvbGxvd2VyX2NvdW50X3N1bnNldCI6eyJidWNrZXQiOnRydWUsInZlcnNpb24iOm51bGx9LCJ0ZndfdHdlZXRfZWRpdF9iYWNrZW5kIjp7ImJ1Y2tldCI6Im9uIiwidmVyc2lvbiI6bnVsbH0sInRmd19yZWZzcmNfc2Vzc2lvbiI6eyJidWNrZXQiOiJvbiIsInZlcnNpb24iOm51bGx9LCJ0ZndfZm9zbnJfc29mdF9pbnRlcnZlbnRpb25zX2VuYWJsZWQiOnsiYnVja2V0Ijoib24iLCJ2ZXJzaW9uIjpudWxsfSwidGZ3X21peGVkX21lZGlhXzE1ODk3Ijp7ImJ1Y2tldCI6InRyZWF0bWVudCIsInZlcnNpb24iOm51bGx9LCJ0ZndfZXhwZXJpbWVudHNfY29va2llX2V4cGlyYXRpb24iOnsiYnVja2V0IjoxMjA5NjAwLCJ2ZXJzaW9uIjpudWxsfSwidGZ3X3Nob3dfYmlyZHdhdGNoX3Bpdm90c19lbmFibGVkIjp7ImJ1Y2tldCI6Im9uIiwidmVyc2lvbiI6bnVsbH0sInRmd19kdXBsaWNhdGVfc2NyaWJlc190b19zZXR0aW5ncyI6eyJidWNrZXQiOiJvbiIsInZlcnNpb24iOm51bGx9LCJ0ZndfdXNlX3Byb2ZpbGVfaW1hZ2Vfc2hhcGVfZW5hYmxlZCI6eyJidWNrZXQiOiJvbiIsInZlcnNpb24iOm51bGx9LCJ0ZndfdmlkZW9faGxzX2R5bmFtaWNfbWFuaWZlc3RzXzE1MDgyIjp7ImJ1Y2tldCI6InRydWVfYml0cmF0ZSIsInZlcnNpb24iOm51bGx9LCJ0ZndfbGVnYWN5X3RpbWVsaW5lX3N1bnNldCI6eyJidWNrZXQiOnRydWUsInZlcnNpb24iOm51bGx9LCJ0ZndfdHdlZXRfZWRpdF9mcm9udGVuZCI6eyJidWNrZXQiOiJvbiIsInZlcnNpb24iOm51bGx9fQ%3D%3D&amp;frame=false&amp;hideCard=false&amp;hideThread=false&amp;id=1668161623695998976&amp;lang=cs&amp;origin=https%3A%2F%2Fwww.badatel.net%2Fviktor-orban-hovori-ze-alex-soros-planuje-zorganizovat-najvacsiu-migrantsku-krizu-v-dejinach%2F&amp;sessionId=9eb4842815d8c4d971d51dc54b79d218cf6a34c2&amp;theme=light&amp;widgetsVersion=aaf4084522e3a%3A1674595607486&amp;width=550px\" frameborder=\"0\" scrolling=\"no\" allowfullscreen=\"allowfullscreen\" data-tweet-id=\"1668161623695998976\" data-mce-fragment=\"1\"><\/iframe><\/div>\n<p>&nbsp;<\/p>\n<p>Orb\u00e1n ve sv\u00e9m p\u00e1te\u010dn\u00edm rozhlasov\u00e9m vystoupen\u00ed d\u00e1le obvinil\u00a0<a href=\"https:\/\/www.badatel.net\/soros-schwab-a-gates-su-nesvata-trojica-ktora-naplanovala-nasu-dystopicku-minulost-sucasnost-i-buducnost\/\">George Soro\u0161e<\/a>\u00a0z toho, \u017ee se chov\u00e1 jako \u201ev\u00e1le\u010dn\u00fd spekulant\u201c a pokou\u0161\u00ed se zma\u0159it pokusy r\u016fzn\u00fdch osobnost\u00ed, jako je nap\u0159\u00edklad i on, o m\u00edrov\u00e9 vyjedn\u00e1n\u00ed ukon\u010den\u00ed v\u00e1lky na Ukrajin\u011b.<\/p>\n<p>Vzhledem k Trumpov\u00fdm vytrval\u00fdm v\u00fdzv\u00e1m k m\u00edrov\u00fdm rozhovor\u016fm mezi Moskvou a Kyjevem to byl i d\u016fvod, pro\u010d rodina Soro\u0161ov\u00fdch \u00fato\u010d\u00ed na b\u00fdval\u00e9ho prezidenta USA Donalda Trumpa \u201ev\u0161emi dostupn\u00fdmi prost\u0159edky\u201c.<\/p>\n<p><em>\u201eProv\u00e1le\u010dn\u00fd t\u00e1bor \u00fato\u010d\u00ed plnou silou.\u00a0Takto se k v\u00e1m dnes chovaj\u00ed, jste-li na stran\u011b m\u00edru.\u00a0Bojujte d\u00e1l, pane prezidente!\u00a0Sv\u011bt v\u00e1s pot\u0159ebuje, sv\u011bt pot\u0159ebuje m\u00edr!\u201c<\/em> vzk\u00e1zal Orb\u00e1n Trumpovi v p\u00e1tek po posledn\u00edm obvin\u011bn\u00ed b\u00fdval\u00e9ho americk\u00e9ho prezidenta.<\/p>\n<p>Autor: Sean Adl-Tabatabai,\u00a0<a href=\"https:\/\/thepeoplesvoice.tv\/viktor-orban-says-alex-soros-planning-to-orchestrate-biggest-migrant-crisis-in-history\/\" target=\"_blank\" rel=\"noopener\">thepeoplesvoice.tv<\/a><\/p>\n<p>&nbsp;<\/p>\n<p><a href=\"https:\/\/stranapro.cz\/\"><img decoding=\"async\" loading=\"lazy\" class=\"wp-image-30218 aligncenter\" src=\"http:\/\/www.infokuryr.cz\/n\/wp-content\/uploads\/2023\/06\/PRO-banner-300x36.png\" alt=\"\" width=\"1350\" height=\"162\" srcset=\"https:\/\/www.infokuryr.cz\/n\/wp-content\/uploads\/2023\/06\/PRO-banner-300x36.png 300w, https:\/\/www.infokuryr.cz\/n\/wp-content\/uploads\/2023\/06\/PRO-banner-768x93.png 768w, https:\/\/www.infokuryr.cz\/n\/wp-content\/uploads\/2023\/06\/PRO-banner.png 849w\" sizes=\"(max-width: 1350px) 100vw, 1350px\" \/><\/a><\/p>\n<p>&nbsp;<\/p>\n<p>&nbsp;<\/p>\n<p>&nbsp;<\/p>\n","protected":false},"excerpt":{"rendered":"<p>Ma\u010farsk\u00fd premi\u00e9r Viktor Orb\u00e1n varoval, \u017ee Alex Soro\u0161, syn zn\u00e1m\u00e9ho padoucha George Soro\u0161e, pl\u00e1nuje zorganizovat&#8230;<\/p>\n","protected":false},"author":2,"featured_media":30594,"comment_status":"closed","ping_status":"closed","sticky":false,"template":"","format":"standard","meta":[],"categories":[7],"tags":[2062,371,1095,439],"_links":{"self":[{"href":"https:\/\/www.infokuryr.cz\/n\/wp-json\/wp\/v2\/posts\/30593"}],"collection":[{"href":"https:\/\/www.infokuryr.cz\/n\/wp-json\/wp\/v2\/posts"}],"about":[{"href":"https:\/\/www.infokuryr.cz\/n\/wp-json\/wp\/v2\/types\/post"}],"author":[{"embeddable":true,"href":"https:\/\/www.infokuryr.cz\/n\/wp-json\/wp\/v2\/users\/2"}],"replies":[{"embeddable":true,"href":"https:\/\/www.infokuryr.cz\/n\/wp-json\/wp\/v2\/comments?post=30593"}],"version-history":[{"count":1,"href":"https:\/\/www.infokuryr.cz\/n\/wp-json\/wp\/v2\/posts\/30593\/revisions"}],"predecessor-version":[{"id":30595,"href":"https:\/\/www.infokuryr.cz\/n\/wp-json\/wp\/v2\/posts\/30593\/revisions\/30595"}],"wp:featuredmedia":[{"embeddable":true,"href":"https:\/\/www.infokuryr.cz\/n\/wp-json\/wp\/v2\/media\/30594"}],"wp:attachment":[{"href":"https:\/\/www.infokuryr.cz\/n\/wp-json\/wp\/v2\/media?parent=30593"}],"wp:term":[{"taxonomy":"category","embeddable":true,"href":"https:\/\/www.infokuryr.cz\/n\/wp-json\/wp\/v2\/categories?post=30593"},{"taxonomy":"post_tag","embeddable":true,"href":"https:\/\/www.infokuryr.cz\/n\/wp-json\/wp\/v2\/tags?post=30593"}],"curies":[{"name":"wp","href":"https:\/\/api.w.org\/{rel}","templated":true}]}}