{"id":30590,"date":"2023-06-21T01:06:21","date_gmt":"2023-06-20T23:06:21","guid":{"rendered":"http:\/\/www.infokuryr.cz\/n\/?p=30590"},"modified":"2023-06-20T19:51:24","modified_gmt":"2023-06-20T17:51:24","slug":"fsb-rf-zadrzela-na-kavkaze-ukrajinskeho-spiona","status":"publish","type":"post","link":"https:\/\/www.infokuryr.cz\/n\/2023\/06\/21\/fsb-rf-zadrzela-na-kavkaze-ukrajinskeho-spiona\/","title":{"rendered":"FSB RF zadr\u017eela na Kavkaze ukrajinsk\u00e9ho \u0161pi\u00f3na"},"content":{"rendered":"<div id=\"fb-root\"><\/div>\n<p><strong>Ukrajinsk\u00fd agent byl zadr\u017een v Nal\u010diku za \u0161pion\u00e1\u017e, sb\u00edral a p\u0159ed\u00e1val informaci vojensk\u00e9ho charakteru pro dal\u0161\u00ed vyu\u017eit\u00ed proti bezpe\u010dnosti Ruska, ozn\u00e1mila FSB RF.<\/strong><\/p>\n<p>\u201eFeder\u00e1ln\u00ed slu\u017eba bezpe\u010dnosti Rusk\u00e9 federace zabr\u00e1nila na \u00fazem\u00ed m\u011bsta Nal\u010diku Kabardinsko-Balkarsk\u00e9 republiky protipr\u00e1vn\u00ed \u010dinnosti 44let\u00e9ho ob\u010dana Ukrajiny podez\u0159\u00edvan\u00e9ho ze \u0161pion\u00e1\u017ee,\u201c uv\u00e1d\u00ed se ve zpr\u00e1v\u011b.<\/p>\n<p>Podot\u00fdk\u00e1 se, \u017ee zadr\u017een\u00fd mu\u017e dost\u00e1val \u00fakoly od Slu\u017eby bezpe\u010dnosti Ukrajiny pro sb\u011br a p\u0159ed\u00e1v\u00e1n\u00ed informace vojensk\u00e9ho charakteru pracovn\u00edkovi zahrani\u010dn\u00ed speci\u00e1ln\u00ed slu\u017eby. T\u011bchto \u00fadaj\u016f se mohlo vyu\u017e\u00edvat proti bezpe\u010dnosti Ruska v dob\u011b speci\u00e1ln\u00ed vojensk\u00e9 operace, uv\u00e1d\u00ed se ve zpr\u00e1v\u011b.<\/p>\n<p>Vy\u0161et\u0159ovac\u00ed org\u00e1ny FSB zah\u00e1jily trestn\u00ed \u0159\u00edzen\u00ed podle paragrafu Trestn\u00edho z\u00e1kon\u00edku RF (\u0161pion\u00e1\u017e), dod\u00e1vaj\u00ed v rezortu.<\/p>\n<p><img decoding=\"async\" loading=\"lazy\" class=\"alignnone size-full wp-image-1185\" src=\"http:\/\/www.infokuryr.cz\/n\/wp-content\/uploads\/2021\/04\/kuryr-podpis.png\" alt=\"\" width=\"84\" height=\"24\" \/><\/p>\n<p>&nbsp;<\/p>\n<p><a href=\"https:\/\/stranapro.cz\/\"><img decoding=\"async\" loading=\"lazy\" class=\"wp-image-30218 aligncenter\" src=\"http:\/\/www.infokuryr.cz\/n\/wp-content\/uploads\/2023\/06\/PRO-banner-300x36.png\" alt=\"\" width=\"1383\" height=\"166\" srcset=\"https:\/\/www.infokuryr.cz\/n\/wp-content\/uploads\/2023\/06\/PRO-banner-300x36.png 300w, https:\/\/www.infokuryr.cz\/n\/wp-content\/uploads\/2023\/06\/PRO-banner-768x93.png 768w, https:\/\/www.infokuryr.cz\/n\/wp-content\/uploads\/2023\/06\/PRO-banner.png 849w\" sizes=\"(max-width: 1383px) 100vw, 1383px\" \/><\/a><\/p>\n<p>&nbsp;<\/p>\n<p>&nbsp;<\/p>\n<p>&nbsp;<\/p>\n","protected":false},"excerpt":{"rendered":"<p>Ukrajinsk\u00fd agent byl zadr\u017een v Nal\u010diku za \u0161pion\u00e1\u017e, sb\u00edral a p\u0159ed\u00e1val informaci vojensk\u00e9ho charakteru pro&#8230;<\/p>\n","protected":false},"author":2,"featured_media":14984,"comment_status":"closed","ping_status":"closed","sticky":false,"template":"","format":"standard","meta":[],"categories":[7],"tags":[143,22,3427],"_links":{"self":[{"href":"https:\/\/www.infokuryr.cz\/n\/wp-json\/wp\/v2\/posts\/30590"}],"collection":[{"href":"https:\/\/www.infokuryr.cz\/n\/wp-json\/wp\/v2\/posts"}],"about":[{"href":"https:\/\/www.infokuryr.cz\/n\/wp-json\/wp\/v2\/types\/post"}],"author":[{"embeddable":true,"href":"https:\/\/www.infokuryr.cz\/n\/wp-json\/wp\/v2\/users\/2"}],"replies":[{"embeddable":true,"href":"https:\/\/www.infokuryr.cz\/n\/wp-json\/wp\/v2\/comments?post=30590"}],"version-history":[{"count":0,"href":"https:\/\/www.infokuryr.cz\/n\/wp-json\/wp\/v2\/posts\/30590\/revisions"}],"wp:featuredmedia":[{"embeddable":true,"href":"https:\/\/www.infokuryr.cz\/n\/wp-json\/wp\/v2\/media\/14984"}],"wp:attachment":[{"href":"https:\/\/www.infokuryr.cz\/n\/wp-json\/wp\/v2\/media?parent=30590"}],"wp:term":[{"taxonomy":"category","embeddable":true,"href":"https:\/\/www.infokuryr.cz\/n\/wp-json\/wp\/v2\/categories?post=30590"},{"taxonomy":"post_tag","embeddable":true,"href":"https:\/\/www.infokuryr.cz\/n\/wp-json\/wp\/v2\/tags?post=30590"}],"curies":[{"name":"wp","href":"https:\/\/api.w.org\/{rel}","templated":true}]}}