{"id":30589,"date":"2023-06-21T01:05:41","date_gmt":"2023-06-20T23:05:41","guid":{"rendered":"http:\/\/www.infokuryr.cz\/n\/?p=30589"},"modified":"2023-06-20T19:48:32","modified_gmt":"2023-06-20T17:48:32","slug":"ministr-obrany-rf-sojgu-ukrajina-planuje-zautocit-na-krym-raketami-storm-shadow","status":"publish","type":"post","link":"https:\/\/www.infokuryr.cz\/n\/2023\/06\/21\/ministr-obrany-rf-sojgu-ukrajina-planuje-zautocit-na-krym-raketami-storm-shadow\/","title":{"rendered":"Ministr obrany RF \u0160ojgu: Ukrajina pl\u00e1nuje za\u00fato\u010dit na Krym raketami Storm Shadow"},"content":{"rendered":"<div id=\"fb-root\"><\/div>\n<p><strong>Ozbrojen\u00e9 s\u00edly Ukrajiny pl\u00e1nuj\u00ed za\u00fato\u010dit na \u00fazem\u00ed Ruska, mj. i na Krym, ok\u0159\u00eddlen\u00fdmi raketami HIMARS a Storm Shadow, prohl\u00e1sil ministr obrany RF arm\u00e1dn\u00ed gener\u00e1l Sergej \u0160ojgu na zased\u00e1n\u00ed kolegia MO.<\/strong><\/p>\n<p>\u201ePou\u017eit\u00ed t\u011bchto raket mimo z\u00f3nu speci\u00e1ln\u00ed vojensk\u00e9 operace bude znamenat plnohodnotn\u00e9 zapojen\u00ed USA a Velk\u00e9 Brit\u00e1nie do konfliktu, a bude m\u00edt za n\u00e1sledek okam\u017eit\u00e9 \u00fadery na centra p\u0159ij\u00edm\u00e1n\u00ed rozhodnut\u00ed na \u00fazem\u00ed Ukrajiny,\u201c zd\u016fraznil ministr.<\/p>\n<p>Za\u010d\u00e1tkem kv\u011btna p\u0159edala Velk\u00e1 Brit\u00e1nie Ukrajin\u011b partii raket Storm Shadow. Jak ozn\u00e1mila televizn\u00ed stanice CNN, Lond\u00fdn dostal od Kyjeva uji\u0161t\u011bn\u00ed, \u017ee se budou pou\u017e\u00edvat jen proti c\u00edl\u016fm \u201ena svrchovan\u00e9m \u00fazem\u00ed Ukrajiny\u201c. Od t\u00e9 doby OSU nejednou za\u00fato\u010dily t\u011bmito raketami na nov\u00e9 rusk\u00e9 regiony.<\/p>\n<p>Storm Shadow je m\u00e1lo viditeln\u00e1 ok\u0159\u00eddlen\u00e1 raketa vzdu\u0161n\u00e9 dislokace odpalovan\u00e1 z letadel. Vyvinuly ji spole\u010dn\u011b francouzsk\u00e1 Matra a britsk\u00e1 British Aerospace. V sou\u010dasn\u00e9 dob\u011b vyr\u00e1b\u00ed tuto zbra\u0148 MBDA.<\/p>\n<p><img decoding=\"async\" loading=\"lazy\" class=\"alignnone size-full wp-image-1185\" src=\"http:\/\/www.infokuryr.cz\/n\/wp-content\/uploads\/2021\/04\/kuryr-podpis.png\" alt=\"\" width=\"84\" height=\"24\" \/><\/p>\n<p>&nbsp;<\/p>\n<p><a href=\"https:\/\/stranapro.cz\/\"><img decoding=\"async\" loading=\"lazy\" class=\"wp-image-30218 aligncenter\" src=\"http:\/\/www.infokuryr.cz\/n\/wp-content\/uploads\/2023\/06\/PRO-banner-300x36.png\" alt=\"\" width=\"1375\" height=\"165\" srcset=\"https:\/\/www.infokuryr.cz\/n\/wp-content\/uploads\/2023\/06\/PRO-banner-300x36.png 300w, https:\/\/www.infokuryr.cz\/n\/wp-content\/uploads\/2023\/06\/PRO-banner-768x93.png 768w, https:\/\/www.infokuryr.cz\/n\/wp-content\/uploads\/2023\/06\/PRO-banner.png 849w\" sizes=\"(max-width: 1375px) 100vw, 1375px\" \/><\/a><\/p>\n<p>&nbsp;<\/p>\n<p>&nbsp;<\/p>\n<p>&nbsp;<\/p>\n<p>&nbsp;<\/p>\n","protected":false},"excerpt":{"rendered":"<p>Ozbrojen\u00e9 s\u00edly Ukrajiny pl\u00e1nuj\u00ed za\u00fato\u010dit na \u00fazem\u00ed Ruska, mj. i na Krym, ok\u0159\u00eddlen\u00fdmi raketami HIMARS&#8230;<\/p>\n","protected":false},"author":2,"featured_media":7084,"comment_status":"closed","ping_status":"closed","sticky":false,"template":"","format":"standard","meta":[],"categories":[7],"tags":[751,349,2249,26],"_links":{"self":[{"href":"https:\/\/www.infokuryr.cz\/n\/wp-json\/wp\/v2\/posts\/30589"}],"collection":[{"href":"https:\/\/www.infokuryr.cz\/n\/wp-json\/wp\/v2\/posts"}],"about":[{"href":"https:\/\/www.infokuryr.cz\/n\/wp-json\/wp\/v2\/types\/post"}],"author":[{"embeddable":true,"href":"https:\/\/www.infokuryr.cz\/n\/wp-json\/wp\/v2\/users\/2"}],"replies":[{"embeddable":true,"href":"https:\/\/www.infokuryr.cz\/n\/wp-json\/wp\/v2\/comments?post=30589"}],"version-history":[{"count":0,"href":"https:\/\/www.infokuryr.cz\/n\/wp-json\/wp\/v2\/posts\/30589\/revisions"}],"wp:featuredmedia":[{"embeddable":true,"href":"https:\/\/www.infokuryr.cz\/n\/wp-json\/wp\/v2\/media\/7084"}],"wp:attachment":[{"href":"https:\/\/www.infokuryr.cz\/n\/wp-json\/wp\/v2\/media?parent=30589"}],"wp:term":[{"taxonomy":"category","embeddable":true,"href":"https:\/\/www.infokuryr.cz\/n\/wp-json\/wp\/v2\/categories?post=30589"},{"taxonomy":"post_tag","embeddable":true,"href":"https:\/\/www.infokuryr.cz\/n\/wp-json\/wp\/v2\/tags?post=30589"}],"curies":[{"name":"wp","href":"https:\/\/api.w.org\/{rel}","templated":true}]}}