{"id":30584,"date":"2023-06-21T00:58:15","date_gmt":"2023-06-20T22:58:15","guid":{"rendered":"http:\/\/www.infokuryr.cz\/n\/?p=30584"},"modified":"2023-06-20T19:36:49","modified_gmt":"2023-06-20T17:36:49","slug":"vladimir-putin-na-ekonomickem-foru-v-petrohradu-pohrozil-ze-ruska-armada-uderi-na-letecke-zakladny-nato-pokud-z-nich-budou-startovat-ukrajinske-stihacky-f-16","status":"publish","type":"post","link":"https:\/\/www.infokuryr.cz\/n\/2023\/06\/21\/vladimir-putin-na-ekonomickem-foru-v-petrohradu-pohrozil-ze-ruska-armada-uderi-na-letecke-zakladny-nato-pokud-z-nich-budou-startovat-ukrajinske-stihacky-f-16\/","title":{"rendered":"Vladimir Putin na ekonomick\u00e9m f\u00f3ru v Petrohradu pohrozil, \u017ee Rusk\u00e1 arm\u00e1da ude\u0159\u00ed na leteck\u00e9 z\u00e1kladny NATO, pokud z nich budou startovat ukrajinsk\u00e9 st\u00edha\u010dky F-16"},"content":{"rendered":"<div id=\"fb-root\"><\/div>\n<h4>Vladimir Putin na ekonomick\u00e9m f\u00f3ru v Petrohradu pohrozil, \u017ee Rusk\u00e1 arm\u00e1da ude\u0159\u00ed na leteck\u00e9 z\u00e1kladny NATO, pokud z nich budou startovat ukrajinsk\u00e9 st\u00edha\u010dky F-16 k bojov\u00fdm operac\u00edm na Ukrajin\u011b! Myslel t\u00edm Polsko, Slovensko? Ihned po tomto v\u00fdroku za\u010daly ve 27 st\u00e1tech USA mamut\u00ed p\u0159esuny vojensk\u00e9 techniky po vlastn\u00ed ose! Britsk\u00e1 stanice Sky News otiskla redak\u010dn\u00ed \u010dl\u00e1nek, \u017ee p\u0159\u00edm\u00e1 z\u00e1padn\u00ed intervence na Ukrajin\u011b je jedinou sch\u016fdnou cestou pro ochranu ukrajinsk\u00e9 ofenz\u00edvy p\u0159ed rusk\u00fdm letectvem! Zku\u0161ebn\u00ed bal\u00f3n vypu\u0161t\u011bn!<\/h4>\n<p>Minul\u00fd t\u00fdden v p\u00e1tek vystoupil rusk\u00fd prezident Vladimir Putin na plen\u00e1rn\u00edm zased\u00e1n\u00ed ekonomick\u00e9ho f\u00f3ra v Petrohradu (SPIEF 2023) a ve sv\u00e9m projevu v podstat\u011b zopakoval hlavn\u00ed teze sou\u010dasn\u00e9ho p\u0159echodu glob\u00e1ln\u00edho sv\u011bta od unipol\u00e1rn\u00edho z\u0159\u00edzen\u00ed pod veden\u00edm anglo-sask\u00e9ho sv\u011bta v \u010dele s USA (D\u016fm Rockefeller) a Velkou Brit\u00e1nii (D\u016fm Rothschild) do nov\u00e9ho modelu multipol\u00e1rn\u00edho sv\u011btov\u00e9ho z\u0159\u00edzen\u00ed, p\u0159i\u010dem\u017e\u00a0<strong>v\u00e1lka na Ukrajin\u011b je katarz\u00ed z\u00e1niku a demise kolektivn\u00edho Z\u00e1padu, \u010demu\u017e se podle Putina ne\u0161lo vyhnout, proto\u017ee ka\u017ed\u00e9 imp\u00e9rium, kdy\u017e se hrout\u00ed, sna\u017e\u00ed se o nejv\u00edce v\u00e1le\u010dn\u00fdch v\u00fdboj\u016f a expanz\u00ed.<\/strong>\u00a0P\u00e1d SSSR p\u0159edznamenala sov\u011btsk\u00e1 ne\u00fasp\u011b\u0161n\u00e1 intervence do Afgh\u00e1nist\u00e1nu a demise USA kolektivn\u00edho z\u00e1padu prob\u011bhne na Ukrajin\u011b.<\/p>\n<figure id=\"attachment_56068\" class=\"wp-caption aligncenter\" style=\"width: 696px;\"><a href=\"https:\/\/aeronet.news\/wp-content\/uploads\/PutinSPIEF2023_3.jpg\"><img decoding=\"async\" loading=\"lazy\" class=\"wp-image-56068 \" src=\"https:\/\/aeronet.news\/wp-content\/uploads\/PutinSPIEF2023_3-1024x576.jpg\" sizes=\"(max-width: 700px) 100vw, 700px\" srcset=\"https:\/\/aeronet.news\/wp-content\/uploads\/PutinSPIEF2023_3-1024x576.jpg 1024w, https:\/\/aeronet.news\/wp-content\/uploads\/PutinSPIEF2023_3-300x169.jpg 300w, https:\/\/aeronet.news\/wp-content\/uploads\/PutinSPIEF2023_3-768x432.jpg 768w, https:\/\/aeronet.news\/wp-content\/uploads\/PutinSPIEF2023_3-700x394.jpg 700w, https:\/\/aeronet.news\/wp-content\/uploads\/PutinSPIEF2023_3-635x357.jpg 635w, https:\/\/aeronet.news\/wp-content\/uploads\/PutinSPIEF2023_3-859x483.jpg 859w, https:\/\/aeronet.news\/wp-content\/uploads\/PutinSPIEF2023_3.jpg 1280w\" alt=\"\" width=\"696\" height=\"392\" \/><\/a><figcaption class=\"wp-caption-text\">Vladimir Putin v panelov\u00e9 diskusi na SPIEF 2023<\/figcaption><\/figure>\n<p>Ot\u00e1zkou v\u0161ak je, jakou podobu tento z\u00e1nik bude m\u00edt, jestli civilizovan\u00fd, jako v p\u0159\u00edpad\u011b rozpadu SSSR, kter\u00fd prob\u011bhl m\u00edrovou cestou a podpisem\u00a0<em>B\u011blov\u011b\u017esk\u00fdch dohod<\/em>, anebo to bude\u00a0<strong>z\u00e1nik p\u0159ipom\u00ednaj\u00edc\u00ed p\u00e1d \u0158\u00edmsk\u00e9 \u0159\u00ed\u0161e, kter\u00e1 zanikla ve v\u00e1lk\u00e1ch veden\u00fdch a\u017e do posledn\u00edho okam\u017eiku s tzv. barbarsk\u00fdmi kmeny.<\/strong>\u00a0A jde tak\u00e9 o to, jestli na \u00fazem\u00ed Ukrajiny nedojde k vypuknut\u00ed III. sv. v\u00e1lky v nad\u011bji kolektivn\u00edho z\u00e1padu, \u017ee v t\u00e9 v\u00e1lce dojde k por\u00e1\u017ece Ruska a \u010c\u00edny, co\u017e jsou dv\u011b nejv\u00edce nep\u0159\u00e1telsk\u00e9 zem\u011b v\u016f\u010di ob\u011bma dom\u016fm kolektivn\u00edho z\u00e1padu.<\/p>\n<p>Z\u00e1pad ztratil svoji sv\u011btovou moc podobn\u011b jako Britsk\u00e9 imp\u00e9rium po II. sv\u011btov\u00e9 v\u00e1lce, kdy na jeho m\u00edsto nastoupilo nov\u00e9 imp\u00e9rium v podob\u011b americk\u00e9ho dolaru a syst\u00e9mu Pax Americana. Vladimir Putin v projevu probral mnoho t\u00e9mat v oblasti ekonomiky a bezpe\u010dnosti, ale pro konceptu\u00e1ln\u00ed rozvoj je nejd\u016fle\u017eit\u011bj\u0161\u00ed mal\u00e1 a drobn\u00e1 pozn\u00e1mka, kter\u00e1 zazn\u011bla v posledn\u00ed \u010d\u00e1sti panelov\u00e9 diskuse.<\/p>\n<h6><span style=\"font-size: 18pt;\">VIDEO: Vladimir Putin vyslal varov\u00e1n\u00ed, \u017ee Rusk\u00e1 arm\u00e1da bude pova\u017eovat z\u00e1padn\u00ed leteck\u00e9 z\u00e1kladny s ukrajinsk\u00fdmi F-16 za legitimn\u00ed c\u00edle pro \u00fadery<\/span><\/h6>\n<p>Vladimir Putin toti\u017e prohl\u00e1sil, \u017ee NATO se rozhodlo pos\u00edlat na Ukrajinu v\u0161echny sv\u00e9 zbran\u011b, kter\u00fdmi disponuje, p\u0159i\u010dem\u017e vrcholem jsou n\u011bmeck\u00e9 tanky Leopard, kter\u00e9 ale na Ukrajin\u011b u\u017e ho\u0159\u00ed a podle Vladimira Putina ho\u0159\u00ed dob\u0159e. A nezapomn\u011bl dodat, \u017ee ho\u0159et budou i st\u00edha\u010dky F-16. A potom k tomu do\u0161lo. Vladimir Putin toti\u017e v \u0161okuj\u00edc\u00edm v\u00fdroku potvrdil informaci Aeronetu, kterou jsme exkluzivn\u011b publikovali p\u0159ed n\u011bkolika t\u00fddny, \u017ee pokud ukrajinsk\u00e9 st\u00edha\u010dky F-16 budou operovat z leti\u0161\u0165 mimo \u00fazem\u00ed Ukrajiny, o \u010dem\u017e se nyn\u00ed v NATO vedou intenzivn\u00ed rozhovory, potom\u00a0<strong>Rusk\u00e1 arm\u00e1da pr\u00fd bude muset v\u00e1\u017en\u011b p\u0159em\u00fd\u0161let a zv\u00e1\u017eit, kam ude\u0159it a kde ude\u0159it na zbran\u011b nep\u0159\u00edtele, kter\u00fd je pou\u017e\u00edv\u00e1 proti Rusk\u00e9 arm\u00e1d\u011b!<\/strong>\u00a0V s\u00e1le v Petrohradu nastalo hrobov\u00e9 ticho, proto\u017ee v\u0161em okam\u017eit\u011b do\u0161lo, co pr\u00e1v\u011b Vladimir Putin \u0159ekl.<\/p>\n<p>&nbsp;<\/p>\n<div id=\"rumble_v2soq0s\">\n<div id=\"vid_v2soq0s\" class=\"rumble_v2soq0s-Rumble-cls\" tabindex=\"-1\">\n<div>\n<div class=\"bigPlayUI ctp\">\n<div class=\"bigPlayUIInner ctp\"><div class='videoWrapper'>\r\n\t            <iframe src='https:\/\/rumble.com\/embed\/pj.v2soq0s\/' frameborder='0' allowfullscreen><\/iframe>\r\n\t        <\/div><\/div>\n<\/div>\n<\/div>\n<\/div>\n<\/div>\n<p>&nbsp;<\/p>\n<p>Ano, je to p\u0159esn\u011b tak, o \u010dem jsem psal v ned\u00e1vn\u00e9m \u010dl\u00e1nku. Ukrajina nem\u00e1 z\u00e1zem\u00ed pro \u00fadr\u017ebu a servis st\u00edha\u010dek F-16, nem\u00e1 pro n\u011b ani bezpe\u010dn\u00e9 hang\u00e1ry, aby byly chr\u00e1n\u011bny p\u0159ed rusk\u00fdmi raketov\u00fdmi \u00fadery. Proto se v Bruselu ji\u017e n\u011bkolik t\u00fddn\u016f, podle na\u0161eho exkluzivn\u00edho zdroje z aliance, usilovn\u011b jedn\u00e1 o modelu zapojen\u00ed F-16 do boj\u016f, aby o ty stroje Ukrajina nep\u0159i\u0161la de facto hned prvn\u00ed den.<\/p>\n<p>A ten zva\u017eovan\u00fd model, o kter\u00e9m jsme byli informov\u00e1ni, m\u00e1 spo\u010d\u00edvat v tom, \u017ee ukrajin\u0161t\u00ed anebo piloti NATO ve slu\u017eb\u00e1ch Ukrajiny (<em>piloti v rol\u00edch \u017eold\u00e1k\u016f<\/em>) by startovali z polsk\u00fdch, slovensk\u00fdch a rumunsk\u00fdch leti\u0161\u0165 a p\u0159elet\u011bli by hranice a p\u0159ist\u00e1li na kr\u00e1tkou dobu na z\u00e1pad\u011b Ukrajiny. Na p\u00e1r des\u00edtek minut, ne d\u00e9le. Tam by servisn\u00ed technici na st\u00edha\u010dky namontovali rakety, doplnili by palivo a teprve odtamtud s raketami a v\u00fdzbroj\u00ed by st\u00edha\u010dky odlet\u011bly nad v\u00fdchodn\u00ed \u010d\u00e1st Ukrajiny k bojov\u00fdm operac\u00edm.<\/p>\n<h6><span style=\"font-size: 18pt;\">Ameri\u010dan\u00e9 maj\u00ed obavy, \u017ee Rusov\u00e9 opera\u010dn\u00ed lety F-16 s mezip\u0159ist\u00e1n\u00edm na z\u00e1padn\u00ed Ukrajin\u011b budou i tak pova\u017eovat za opera\u010dn\u00ed \u00fadery veden\u00e9 z leti\u0161\u0165 NATO<\/span><\/h6>\n<p>Pot\u00e9 by se vr\u00e1tili na leteckou z\u00e1kladnu na z\u00e1pad\u011b Ukrajiny, do\u0161lo by k odzbrojen\u00ed st\u00edha\u010dek a k jejich p\u0159eletu zp\u00e1tky do Polska, Slovenska a Rumunska na noc, k \u00fadr\u017eb\u011b, k zaparkov\u00e1n\u00ed atd. Podle na\u0161\u00edch informac\u00ed, kter\u00e9 m\u00e1me potvrzeny ji\u017e ze 2 zdroj\u016f, m\u00e1 tento pl\u00e1n podporu Polska a N\u011bmecka, ale nel\u00edb\u00ed se Ameri\u010dan\u016fm.\u00a0<strong>Podle nich Rusov\u00e9 tyto \u201cmeziskoky\u201d se zast\u00e1vkami na z\u00e1pad\u011b Ukrajiny neuznaj\u00ed jako veden\u00ed bojov\u00fdch operac\u00ed ukrajinsk\u00e9ho letectva z \u00fazem\u00ed Ukrajiny a budou to pova\u017eovat za \u00fatoky st\u00edha\u010dek z leti\u0161\u0165 aliance NATO<\/strong>. A ub\u011bhlo n\u011bkolik t\u00fddn\u016f a v p\u00e1tek to vy\u0161lo na ve\u0159ejnost ofici\u00e1ln\u011b ve v\u00fdroku Vladimira Putina, \u017ee Rusko bude zva\u017eovat \u00fadery proti takov\u00fdm leteck\u00fdm z\u00e1kladn\u00e1m v zahrani\u010d\u00ed.<\/p>\n<figure id=\"attachment_56071\" class=\"wp-caption aligncenter\" style=\"width: 694px;\"><a href=\"https:\/\/aeronet.news\/wp-content\/uploads\/Denmark-F-16_HD.jpg\"><img decoding=\"async\" loading=\"lazy\" class=\"wp-image-56071 \" src=\"https:\/\/aeronet.news\/wp-content\/uploads\/Denmark-F-16_HD-1024x682.jpg\" sizes=\"(max-width: 700px) 100vw, 700px\" srcset=\"https:\/\/aeronet.news\/wp-content\/uploads\/Denmark-F-16_HD-1024x682.jpg 1024w, https:\/\/aeronet.news\/wp-content\/uploads\/Denmark-F-16_HD-300x200.jpg 300w, https:\/\/aeronet.news\/wp-content\/uploads\/Denmark-F-16_HD-768x512.jpg 768w, https:\/\/aeronet.news\/wp-content\/uploads\/Denmark-F-16_HD-700x466.jpg 700w, https:\/\/aeronet.news\/wp-content\/uploads\/Denmark-F-16_HD-536x357.jpg 536w, https:\/\/aeronet.news\/wp-content\/uploads\/Denmark-F-16_HD-725x483.jpg 725w, https:\/\/aeronet.news\/wp-content\/uploads\/Denmark-F-16_HD.jpg 1280w\" alt=\"\" width=\"694\" height=\"462\" \/><\/a><figcaption class=\"wp-caption-text\">D\u00e1nsk\u00e9 F-16 maj\u00ed b\u00fdt dod\u00e1ny Ukrajin\u011b<\/figcaption><\/figure>\n<p>V nejv\u011bt\u0161\u00edm ohro\u017een\u00ed v p\u0159\u00edpad\u011b spu\u0161t\u011bn\u00ed takov\u00e9ho pl\u00e1nu jsou samoz\u0159ejm\u011b Pol\u00e1ci, Slov\u00e1ci a Rumuni, kte\u0159\u00ed tvo\u0159\u00ed trojici loutkov\u00fdch st\u00e1t\u016f v podru\u010d\u00ed americk\u00fdch ambas\u00e1d ve Var\u0161av\u011b, v Bratislav\u011b a v Bukure\u0161ti. Vl\u00e1dy t\u011bchto 3 zem\u00ed jsou amerikanizovan\u00e9 a bez suver\u00e9nn\u00edch vl\u00e1d, beze zbytku a do d\u016fsledku\u00a0<em>proxy hlavice<\/em>\u00a0Washingtonu, maj\u00ed na sv\u00fdch \u00fazem\u00edch americk\u00e9 vojensk\u00e9 z\u00e1kladny a leti\u0161t\u011b. \u010cesko se k t\u011bmto zem\u00edm \u010derstv\u011b p\u0159ipojilo podpisem DCA smlouvy z\u00e1sluhou\u00a0<strong><a href=\"https:\/\/href.li\/?https:\/\/cs.wikipedia.org\/wiki\/Jana_%C4%8Cernochov%C3%A1\" target=\"_blank\" rel=\"nofollow noopener\"><em>Calamity Jane<\/em><\/a><\/strong>, ale bude n\u011bjak\u00fd \u010das trvat, ne\u017e se americk\u00e1 arm\u00e1da v \u010cR rozm\u00edst\u00ed. \u010cesko je toti\u017e pom\u011brn\u011b daleko od Ukrajiny, tak\u017ee pro p\u0159\u00edm\u00e9 anga\u017em\u00e1 v \u00fadr\u017eb\u011b st\u00edha\u010dek F-16 pro Ukrajinu nep\u0159ipad\u00e1 zat\u00edm v \u00favahu.<\/p>\n<h6><span style=\"font-size: 18pt;\">Na britsk\u00e9 Sky News u\u017e vy\u0161el editorial, kter\u00fd vyz\u00fdv\u00e1 k intervenci NATO na Ukrajin\u011b, proto\u017ee st\u00edha\u010dky v ruk\u00e1ch Ukrajinc\u016f u\u017e nic nevy\u0159e\u0161\u00ed<\/span><\/h6>\n<p>Ov\u0161em pozor, v NATO maj\u00ed dost mo\u017en\u00e1 z tohoto modelu strach a proto hned v sobotu vy\u0161el na britsk\u00e9m serveru Sky News redak\u010dn\u00ed editorial\u00a0<strong>[<a href=\"https:\/\/href.li\/?https:\/\/news.sky.com\/story\/western-intervention-is-the-only-credible-way-to-protect-ukraines-counteroffensive-from-russian-air-power-12903508\" target=\"_blank\" rel=\"nofollow noopener\">1<\/a>]<\/strong>\u00a0vojensk\u00e9ho analytika Seana Bella, kter\u00fd uvedl \u010dl\u00e1nek s t\u0159eskut\u00fdm n\u00e1zvem \u201c<strong><em>Z\u00e1padn\u00ed intervence je jedin\u00fdm v\u011brohodn\u00fdm zp\u016fsobem, jak ochr\u00e1nit ukrajinskou protiofenz\u00edvu p\u0159ed rusk\u00fdm letectvem<\/em><\/strong>\u201d a jeho autor pracoval mnoho let na britsk\u00e9m ministerstvu obrany a je to redak\u010dn\u00ed analytik, kter\u00fd je na Sky News zn\u00e1m\u00fd sv\u00fdm papou\u0161kov\u00e1n\u00edm postoj\u016f britsk\u00e9 vl\u00e1dy. V textu do\u0161el Bell k n\u00e1zoru, \u017ee ukrajinsk\u00e1 ofenz\u00edva je odsouzena k nezdaru, proto\u017ee Ukrajinci nedok\u00e1\u017e\u00ed kontrolovat vzdu\u0161n\u00fd prostor, kter\u00fd ovl\u00e1dli Rusov\u00e9.<\/p>\n<figure id=\"attachment_56072\" class=\"wp-caption aligncenter\" style=\"width: 696px;\"><a href=\"https:\/\/aeronet.news\/wp-content\/uploads\/SeanBellSky.jpg\"><img decoding=\"async\" loading=\"lazy\" class=\"wp-image-56072 \" src=\"https:\/\/aeronet.news\/wp-content\/uploads\/SeanBellSky-1024x576.jpg\" sizes=\"(max-width: 700px) 100vw, 700px\" srcset=\"https:\/\/aeronet.news\/wp-content\/uploads\/SeanBellSky-1024x576.jpg 1024w, https:\/\/aeronet.news\/wp-content\/uploads\/SeanBellSky-300x169.jpg 300w, https:\/\/aeronet.news\/wp-content\/uploads\/SeanBellSky-768x432.jpg 768w, https:\/\/aeronet.news\/wp-content\/uploads\/SeanBellSky-700x394.jpg 700w, https:\/\/aeronet.news\/wp-content\/uploads\/SeanBellSky-635x357.jpg 635w, https:\/\/aeronet.news\/wp-content\/uploads\/SeanBellSky-859x483.jpg 859w, https:\/\/aeronet.news\/wp-content\/uploads\/SeanBellSky.jpg 1280w\" alt=\"\" width=\"696\" height=\"392\" \/><\/a><figcaption class=\"wp-caption-text\">Sean Bell<\/figcaption><\/figure>\n<p>Podle jeho m\u00edn\u011bn\u00ed v \u010dl\u00e1nku u\u017e nepom\u016f\u017ee ani posl\u00e1n\u00ed vyslou\u017eil\u00fdch st\u00edha\u010dek F-16 Ukrajin\u011b, proto\u017ee p\u016fjde maxim\u00e1ln\u011b o p\u00e1r tuct\u016f t\u011bchto stroj\u016f, kter\u00e9 pro Ukrajinu vlastn\u011b nic neznamenaj\u00ed. Podle Bellova n\u00e1zoru pot\u0159ebuje Ukrajina intervenci z\u00e1padn\u00edch zem\u00ed.\u00a0Kyjev pr\u00fd pot\u0159ebuje modern\u00ed leteckou s\u00edlu, nikoliv letku F-16 z druh\u00e9 ruky, kter\u00e1 nen\u00ed ani podporovan\u00e1, ani d\u016fv\u011bryhodn\u00e1, proti modern\u00edm, neviditeln\u00fdm rusk\u00fdm st\u00edha\u010dk\u00e1m. A v z\u00e1v\u011bru \u010dl\u00e1nku dod\u00e1v\u00e1:\u00a0<em>\u201c<strong>Jedin\u00fdm v\u011brohodn\u00fdm zp\u016fsobem, jak poskytnout Ukrajin\u011b leteckou kapacitu pot\u0159ebnou pro leto\u0161n\u00ed ofenz\u00edvu, by byla intervence Z\u00e1padu a nasazen\u00ed z\u00e1padn\u00edch prost\u0159edk\u016f \u2013 a pos\u00e1dek \u2013 do konfliktu.<\/strong>\u00a0Navzdory z\u00e1sadn\u00edmu v\u00fdznamu t\u00e9to ukrajinsk\u00e9 ofenz\u00edvy nen\u00ed na mezin\u00e1rodn\u00ed sc\u00e9n\u011b \u017e\u00e1dn\u00fd n\u00e1znak ochoty k takov\u00e9to eskalaci.<\/em>\u201c<\/p>\n<p><span style=\"font-size: 18pt;\"><strong>Sv\u011bdci hl\u00e1s\u00ed u\u017e ve 27 st\u00e1tech USA obrovsk\u00e9 p\u0159esuny vojensk\u00e9 techniky po vlastn\u00ed ose do m\u011bst, technika hromadn\u011b opou\u0161t\u00ed kas\u00e1rny a vojensk\u00e9 \u00fajezdy<\/strong><\/span><\/p>\n<p>&nbsp;<\/p>\n<div style=\"width: 640px;\" class=\"wp-video\"><!--[if lt IE 9]><script>document.createElement('video');<\/script><![endif]-->\n<video class=\"wp-video-shortcode\" id=\"video-30584-1\" width=\"640\" height=\"360\" preload=\"metadata\" controls=\"controls\"><source type=\"video\/mp4\" src=\"http:\/\/www.infokuryr.cz\/n\/wp-content\/uploads\/2023\/06\/PhillyArmoredFinal.mp4?_=1\" \/><a href=\"http:\/\/www.infokuryr.cz\/n\/wp-content\/uploads\/2023\/06\/PhillyArmoredFinal.mp4\">http:\/\/www.infokuryr.cz\/n\/wp-content\/uploads\/2023\/06\/PhillyArmoredFinal.mp4<\/a><\/video><\/div>\n<p>&nbsp;<\/p>\n<p>A pr\u00e1v\u011b ta posledn\u00ed v\u011bta u\u017e dost mo\u017en\u00e1 nen\u00ed pravdiv\u00e1. Od pond\u011bl\u00ed tohoto t\u00fddne toti\u017e zd\u011b\u0161en\u00ed Ameri\u010dan\u00e9 hl\u00e1s\u00ed mohutn\u00e9 p\u0159esuny americk\u00e9 arm\u00e1dy a N\u00e1rodn\u00ed gardy u\u017e v celkem 27 st\u00e1tech USA\u00a0<strong>[<a href=\"https:\/\/href.li\/?https:\/\/halturnerradioshow.com\/index.php\/en\/news-page\/world\/tanks-troops-deploying-inside-u-s-a-and-canada\">2<\/a>]<\/strong>, p\u0159i\u010dem\u017e to nep\u0159ipom\u00edn\u00e1 cvi\u010den\u00ed, proto\u017ee drtiv\u00e1 v\u011bt\u0161ina transport\u016f prob\u00edh\u00e1 po vlastn\u00ed ose, po silnic\u00edch, d\u00e1lnic\u00edch, uvnit\u0159 m\u011bst v ulic\u00edch, transport\u00e9ry, samohybn\u00e9 houfnice, t\u011b\u017ek\u00e1 technika bur\u00e1c\u00ed na silnic\u00edch po vlastn\u00ed ose.<\/p>\n<p><strong>Jde o p\u0159esuny, kter\u00e9 se nepodobaj\u00ed p\u0159esun\u016fm z\/na cvi\u010den\u00ed, proto\u017ee takov\u00e9 p\u0159esuny prob\u00edhaj\u00ed z\u00e1sadn\u011b po \u017eeleznici a kdy\u017e nen\u00ed k dispozici \u017eeleznice, tak na kamionech a podvaln\u00edc\u00edch.<\/strong> P\u00e1sov\u00e1 technika toti\u017e i s gumov\u00fdmi podu\u0161kami na p\u00e1sech ni\u010d\u00ed asfalt a nav\u00edc jde o obrovskou spot\u0159ebu nafty, kter\u00e1 p\u0159i p\u0159esunu po vlastn\u00ed ose mus\u00ed b\u00fdt logisticky zaji\u0161t\u011bna pro dopl\u0148ov\u00e1n\u00ed a tankov\u00e1n\u00ed. N\u00ed\u017ee je video z ulic Philadelphie. Arm\u00e1da rozmis\u0165uje do ulic vojenskou techniku. Jsou ale hl\u00e1\u0161eny i mohutn\u00e9 odlety z leteck\u00fdch z\u00e1kladen, nap\u0159. v San Diegu ze z\u00e1kladny Miramar jsou hl\u00e1\u0161eny evakuace helikopt\u00e9r.<\/p>\n<p>V USA p\u0159itom nebylo ohl\u00e1\u0161eno \u017e\u00e1dn\u00e9 velk\u00e9 celon\u00e1rodn\u00ed cvi\u010den\u00ed v tolika st\u00e1tech. Ov\u0161em jedno mohutn\u00e9 cvi\u010den\u00ed pr\u00e1v\u011b bylo spu\u0161t\u011bno v Evrop\u011b. Jedn\u00e1 se o cvi\u010den\u00ed <strong><em>Air Defender 2023<\/em><\/strong>, co\u017e je nejv\u011bt\u0161\u00ed leteck\u00e9 cvi\u010den\u00ed NATO za posledn\u00edch n\u011bkolik dek\u00e1d. A spekuluje se, \u017ee by mohlo teoreticky doj\u00edt k plynul\u00e9mu p\u0159echodu z tohoto cvi\u010den\u00ed do ostr\u00e9 leteck\u00e9 operace na Ukrajin\u011b. Pokud by k tomu do\u0161lo, hrozilo by vypuknut\u00ed III. sv. v\u00e1lky a na americk\u00e9 z\u00e1kladny v USA by dopadly rusk\u00e9 balistick\u00e9 rakety. Do\u0161lo by k p\u00e1du americk\u00e9 vl\u00e1dy. Jedinou cestou, jak by \u0161lo udr\u017eet moc a po\u0159\u00e1dek, by byla americk\u00e1 arm\u00e1da rozm\u00edst\u011bn\u00e1 v t\u00e9 dob\u011b po cel\u00fdch USA na vlastn\u00ed ose venku mimo kas\u00e1rny.<\/p>\n<p>Nejl\u00e9pe pobl\u00ed\u017e m\u011bst, nebo uvnit\u0159 aglomerac\u00ed, ale hlavn\u011b\u2026 mimo sv\u00e9 trval\u00e9 z\u00e1kladny, kter\u00e9 se stanou ter\u010dem \u00fader\u016f rusk\u00fdch balistick\u00fdch raket v p\u0159\u00edpad\u011b konfliktu NATO s Ruskem! To je logick\u00e9. Rusov\u00e9 by provedli tot\u00e9\u017e, vypr\u00e1zdnili by sv\u00e9 kas\u00e1rny.\u00a0<strong>Pokud by Pentagon o\u010dek\u00e1val konflikt s Ruskem, p\u0159esn\u011b podle slov n\u00e1\u010deln\u00edka gen\u0161t\u00e1bu A\u010cR Karla \u0158ehky, \u017ee Rusk\u00e1 arm\u00e1da je na trajektorii st\u0159etu s NATO, potom by do\u0161lo k preventivn\u00edmu odsunu americk\u00e9 vojensk\u00e9 techniky z kas\u00e1ren<\/strong>\u00a0pry\u010d do civiln\u00edch oblast\u00ed, do m\u011bst, kter\u00e1 podle v\u0161eho nebudou ter\u010dem rusk\u00fdch raket, proto\u017ee sou\u010dasn\u00e1 rusk\u00e1 vojensk\u00e1 doktr\u00edna m\u00ed\u0159\u00ed sv\u00e9 \u00fadery na vojensk\u00e9 body nep\u0159\u00edtele, nikoliv na civiln\u00ed populaci ve velk\u00fdch m\u011bstech.<\/p>\n<p><span style=\"font-size: 18pt;\"><strong>Pokud by Pentagon po\u010d\u00edtal, \u017ee po dod\u00e1vce F-16 m\u016f\u017ee doj\u00edt ke st\u0159etu Rusk\u00e9 arm\u00e1dy a NATO, za\u010dal by preventivn\u011b odsunovat vojenskou techniku z kas\u00e1ren, na kter\u00e9 budou vedeny rusk\u00e9 \u00fadery<\/strong><\/span><\/p>\n<p>Cel\u00e9 tyto p\u0159esuny po vlastn\u00ed ose opravdu p\u0159ipom\u00ednaj\u00ed vyprazd\u0148ov\u00e1n\u00ed vojensk\u00fdch gar\u00e1\u017e\u00ed p\u0159ed o\u010dek\u00e1van\u00fdmi \u00fadery, i kdy\u017e potvrzen\u00ed pro takovou hypot\u00e9zu zat\u00edm neexistuje, m\u00e1me pouze indicie. Pro\u010d k t\u011bmto mamut\u00edm man\u00e9vr\u016fm do\u0161lo kr\u00e1tce po vystoupen\u00ed Vladimira Putina v Petrohradu? Proto\u017ee tam zazn\u011blo, \u017ee Rusko se bude muset zamyslet, kam a kde ude\u0159it, kdy\u017e st\u00edha\u010dky F-16 budou startovat nebo budou servisov\u00e1ny na leteck\u00fdch z\u00e1kladn\u00e1ch mimo Ukrajinu? To je ten d\u016fvod pro man\u00e9vry arm\u00e1dy v USA ve v\u00edce jak 27 st\u00e1tech?<\/p>\n<p>Pokud je dod\u00e1vka F-16 ji\u017e odsouhlasena (<em>Holandsko a D\u00e1nsko jsou pr\u00fd p\u0159ipraveny st\u00edha\u010dky dodat<\/em>), potom u\u017e mus\u00ed b\u00fdt jasn\u00e9, jak to bude s \u00fadr\u017ebou letadel, kde budou parkovat, kde budou servisov\u00e1ny a kdo s nimi bude l\u00e9tat, proto\u017ee na Ukrajin\u011b pot\u0159ebn\u00e1 leti\u0161t\u011b nejsou a piloty Ukrajiny nem\u00e1, minim\u00e1ln\u011b ne ve stavu, aby dok\u00e1zali bojovat proti rusk\u00fdm profesion\u00e1ln\u00edm pilot\u016fm.<strong>\u00a0A kdy\u017e u\u017e v britsk\u00e9m tisku vych\u00e1z\u00ed bal\u00f3nky v podob\u011b v\u00fdzev k intervenci NATO na Ukrajin\u011b, tak si poskl\u00e1dejte tyto informace dohromady a m\u00e1te obraz<\/strong>, kter\u00fd vykresluje st\u0159et Ruska s NATO jako re\u00e1lnou z\u00e1v\u011bre\u010dnou koncovku operac\u00ed na Ukrajin\u011b. N\u00ed\u017ee je video ze San Diega, mohutn\u00fd leteck\u00fd p\u0159esun helikopt\u00e9r opou\u0161t\u011bj\u00edc\u00edch leteckou z\u00e1kladnu americk\u00e9 n\u00e1mo\u0159n\u00ed p\u011bchoty Miramar.<\/p>\n<p>&nbsp;<\/p>\n<div style=\"width: 640px;\" class=\"wp-video\"><video class=\"wp-video-shortcode\" id=\"video-30584-2\" width=\"640\" height=\"360\" preload=\"metadata\" controls=\"controls\"><source type=\"video\/mp4\" src=\"http:\/\/www.infokuryr.cz\/n\/wp-content\/uploads\/2023\/06\/MilitarySanDiegoFinal.mp4?_=2\" \/><a href=\"http:\/\/www.infokuryr.cz\/n\/wp-content\/uploads\/2023\/06\/MilitarySanDiegoFinal.mp4\">http:\/\/www.infokuryr.cz\/n\/wp-content\/uploads\/2023\/06\/MilitarySanDiegoFinal.mp4<\/a><\/video><\/div>\n<p>&nbsp;<\/p>\n<p>Bylo by to koncovku pro speci\u00e1ln\u00ed vojenskou operaci, proto\u017ee po n\u00ed to u\u017e bude regul\u00e9rn\u00ed III. sv. v\u00e1lka se v\u0161\u00edm v\u0161udy, pokud z\u00e1pad neustoup\u00ed a opravdu dod\u00e1 Ukrajin\u011b st\u00edha\u010dky, kter\u00e9 si budou z Ukrajiny odskakovat na no\u010dn\u00ed parkov\u00e1n\u00ed a \u00fadr\u017ebu do Polsko nebo na Slovensko. Rusko varovalo, aby se NATO neroz\u0161i\u0159ovalo. NATO se roz\u0161\u00ed\u0159ilo. Rusko \u017e\u00e1dalo, aby Ukrajina byla neutr\u00e1ln\u00ed. NATO to odm\u00edtlo. Rusko \u017e\u00e1dalo, aby Ukrajina plnila Minsk\u00e9 protokoly. NATO a Kyjev ty protokoly neplnily, proto\u017ee ten \u010das 8 let vyu\u017eily k vyzbrojen\u00ed Ukrajiny a k vycvi\u010den\u00ed voj\u00e1k\u016f. Rusko bylo v Minsk\u00fdch dohod\u00e1ch t\u00edm p\u00e1dem podvedeno.<\/p>\n<p>A te\u010f Rusko varuje, aby NATO nedod\u00e1valo st\u00edha\u010dky F-16 Ukrajin\u011b, kter\u00e9 budou m\u00edt z\u00e1kladny v zem\u00edch NATO, proto\u017ee jinak se stanou c\u00edlem pro \u00fadery Rusk\u00e9 arm\u00e1dy. Tak dlouho bude kolektivn\u00ed z\u00e1pad \u0161krtat sirkou u obrys\u016f III. sv. v\u00e1lky, a\u017e tu v\u00e1lku opravdu za\u017eehnou. A jak to vypad\u00e1, tak dokonce se u\u017e uva\u017euje o intervenci NATO, proto\u017ee ofenz\u00edva vlastn\u011b ji\u017e uk\u00e1zala, \u017ee Ukrajinci p\u0159i\u0161li o Leopardy tak rychle, \u017ee je jasn\u00e9, jak by to dopadlo se st\u00edha\u010dkami F-16 v jejich ruk\u00e1ch. Tak\u017ee ten \u010dl\u00e1nek na\u00a0<em>Sky News<\/em>\u00a0je v podstat\u011b zku\u0161ebn\u00ed bal\u00f3n, kter\u00fd vlastn\u011b u\u017e ani nic netestuje, pouze p\u0159ipravuje Brity na realitu, kter\u00e1 mo\u017en\u00e1 brzy nastane, proto\u017ee ukrajinsk\u00e1 ofenz\u00edva jde do kytek rychleji, ne\u017e se p\u0159edpokl\u00e1dalo.<\/p>\n<p><a href=\"https:\/\/aeronet.news\/video-vladimir-putin-na-ekonomickem-foru-v-petrohradu-pohrozil-ze-ruska-armada-uderi-na-letecke-zakladny-nato-pokud-z-nich-budou-startovat-ukrajinske-stihacky-f-16-k-bojovym-operacim-na-ukrajine\/\">-VK- \u0160\u00e9fredaktor AE News<\/a><\/p>\n<p><img decoding=\"async\" loading=\"lazy\" class=\"wp-image-30218 aligncenter\" src=\"http:\/\/www.infokuryr.cz\/n\/wp-content\/uploads\/2023\/06\/PRO-banner-300x36.png\" alt=\"\" width=\"1358\" height=\"163\" srcset=\"https:\/\/www.infokuryr.cz\/n\/wp-content\/uploads\/2023\/06\/PRO-banner-300x36.png 300w, https:\/\/www.infokuryr.cz\/n\/wp-content\/uploads\/2023\/06\/PRO-banner-768x93.png 768w, https:\/\/www.infokuryr.cz\/n\/wp-content\/uploads\/2023\/06\/PRO-banner.png 849w\" sizes=\"(max-width: 1358px) 100vw, 1358px\" \/><\/p>\n<p>&nbsp;<\/p>\n<p>&nbsp;<\/p>\n<p>&nbsp;<\/p>\n","protected":false},"excerpt":{"rendered":"<p>Vladimir Putin na ekonomick\u00e9m f\u00f3ru v Petrohradu pohrozil, \u017ee Rusk\u00e1 arm\u00e1da ude\u0159\u00ed na leteck\u00e9 z\u00e1kladny&#8230;<\/p>\n","protected":false},"author":2,"featured_media":30587,"comment_status":"closed","ping_status":"closed","sticky":false,"template":"","format":"standard","meta":[],"categories":[6],"tags":[1042,4978,39,102,723,40],"_links":{"self":[{"href":"https:\/\/www.infokuryr.cz\/n\/wp-json\/wp\/v2\/posts\/30584"}],"collection":[{"href":"https:\/\/www.infokuryr.cz\/n\/wp-json\/wp\/v2\/posts"}],"about":[{"href":"https:\/\/www.infokuryr.cz\/n\/wp-json\/wp\/v2\/types\/post"}],"author":[{"embeddable":true,"href":"https:\/\/www.infokuryr.cz\/n\/wp-json\/wp\/v2\/users\/2"}],"replies":[{"embeddable":true,"href":"https:\/\/www.infokuryr.cz\/n\/wp-json\/wp\/v2\/comments?post=30584"}],"version-history":[{"count":1,"href":"https:\/\/www.infokuryr.cz\/n\/wp-json\/wp\/v2\/posts\/30584\/revisions"}],"predecessor-version":[{"id":30588,"href":"https:\/\/www.infokuryr.cz\/n\/wp-json\/wp\/v2\/posts\/30584\/revisions\/30588"}],"wp:featuredmedia":[{"embeddable":true,"href":"https:\/\/www.infokuryr.cz\/n\/wp-json\/wp\/v2\/media\/30587"}],"wp:attachment":[{"href":"https:\/\/www.infokuryr.cz\/n\/wp-json\/wp\/v2\/media?parent=30584"}],"wp:term":[{"taxonomy":"category","embeddable":true,"href":"https:\/\/www.infokuryr.cz\/n\/wp-json\/wp\/v2\/categories?post=30584"},{"taxonomy":"post_tag","embeddable":true,"href":"https:\/\/www.infokuryr.cz\/n\/wp-json\/wp\/v2\/tags?post=30584"}],"curies":[{"name":"wp","href":"https:\/\/api.w.org\/{rel}","templated":true}]}}