{"id":30578,"date":"2023-06-21T01:02:48","date_gmt":"2023-06-20T23:02:48","guid":{"rendered":"http:\/\/www.infokuryr.cz\/n\/?p=30578"},"modified":"2023-06-20T19:12:22","modified_gmt":"2023-06-20T17:12:22","slug":"moje-horni-celist-byla-oddelena-od-me-lebky-nemecky-policista-rekl-ze-si-pral-smrt-behem-brutalniho-utoku-gangu-ktery-zahrnoval-i-13leteho-syrana","status":"publish","type":"post","link":"https:\/\/www.infokuryr.cz\/n\/2023\/06\/21\/moje-horni-celist-byla-oddelena-od-me-lebky-nemecky-policista-rekl-ze-si-pral-smrt-behem-brutalniho-utoku-gangu-ktery-zahrnoval-i-13leteho-syrana\/","title":{"rendered":"&#8222;Moje horn\u00ed \u010delist byla odd\u011blena od m\u00e9 lebky&#8220; N\u011bmeck\u00fd policista \u0159ekl, \u017ee si p\u0159\u00e1l smrt b\u011bhem brut\u00e1ln\u00edho \u00fatoku gangu, kter\u00fd zahrnoval i 13let\u00e9ho Sy\u0159ana"},"content":{"rendered":"<div id=\"fb-root\"><\/div>\n<p><span style=\"font-size: 18pt;\"><strong>T\u0159i ob\u017ealovan\u00ed, dva ture\u010dt\u00ed brat\u0159i a mu\u017e srbsk\u00e9ho p\u016fvodu, jsou souzeni za pokus o vra\u017edu policisty mimo slu\u017ebu v n\u011bmeck\u00e9m m\u011bst\u011b Ulm.<\/strong><\/span><\/p>\n<p><span>Policista byl brut\u00e1ln\u011b napaden t\u0159emi \u00fato\u010dn\u00edky s p\u0159esnost\u00ed na centimetr sv\u00e9ho \u017eivota, zat\u00edmco 13let\u00fd komplic to fascinovan\u011b sledoval, usly\u0161el v pond\u011bl\u00ed n\u011bmeck\u00fd soud.<\/span><\/p>\n<p><span>Okresn\u00edmu soudu v Ulmu bylo sd\u011bleno, jak dva ture\u010dt\u00ed brat\u0159i Batuhan B. (24) a Emirkan (18) a 25let\u00fd Srb Nikola L. nevyb\u00edrav\u011b napadli svou ob\u011b\u0165, kter\u00e1 byla shodou okolnost\u00ed policistou v civilu. , v rann\u00edch hodin\u00e1ch 8. \u00fanora ve m\u011bst\u011b Ulm.<\/span><\/p>\n<p><span>V\u0161ichni stoj\u00ed p\u0159ed soudem za pokus o vra\u017edu.<\/span><\/p>\n<p><span>St\u00e1tn\u00ed z\u00e1stupkyn\u011b Janina M\u00f6llerov\u00e1 u soudu \u0159ekla, jak se trojice k mu\u017ei p\u0159ibl\u00ed\u017eila, kdy\u017e \u0161el z pr\u00e1ce dom\u016f.\u00a0M\u011bli na sob\u011b kukly a jejich jedin\u00fdm c\u00edlem bylo toho ve\u010dera \u201ezml\u00e1tit kohokoli\u201c.<\/span><\/p>\n<p><span>Ob\u011b\u0165 \u00fadajn\u011b zavolala policii, proto\u017ee se skupina chovala podez\u0159ele, ale sna\u017eila se udr\u017eet si odstup, ne\u017e se s n\u00edm skupina pustila do h\u00e1dky.<\/span><\/p>\n<p><span>&#8222;V tu chv\u00edli mi bylo jasn\u00e9, \u017ee mus\u00edm bojovat a nem\u00e1m na v\u00fdb\u011br,&#8220; \u0159ekla ob\u011b\u0165 soudu.<\/span><\/p>\n<p><span>Se skupinou byl i 13let\u00fd Sy\u0159an Mohammad M. a ob\u017ealoba nezletil\u00e9ho obvinila z toho, \u017ee ob\u011bti od\u0159\u00edzl \u00fanikovou cestu a dokonce ji s\u00e1m zas\u00e1hl.\u00a0\u017dalobu proti nezletil\u00e9mu v\u0161ak st\u00e1tn\u00ed z\u00e1stupce v kv\u011btnu st\u00e1hl kv\u016fli tomu, \u017ee v dob\u011b \u00fatoku nebyl v N\u011bmecku trestn\u011b odpov\u011bdn\u00fd.\u00a0V\u011bkov\u00e1 hranice je aktu\u00e1ln\u011b 14 let.<\/span><\/p>\n<p><span>Policista utrp\u011bl n\u011bkolik zlomenin hlavy a tak\u00e9 zlomeninu nosu a \u010delisti.\u00a0Osm dn\u00ed byl hospitalizov\u00e1n na jednotce intenzivn\u00ed p\u00e9\u010de a musel podstoupit n\u011bkolik operac\u00ed, proto\u017ee se mu l\u00e9ka\u0159i sna\u017eili zachr\u00e1nit \u017eivot.<\/span><\/p>\n<p><span>&#8222;Moje horn\u00ed \u010delist byla odd\u011blena od m\u00e9 lebky,&#8220; \u0159ekl soudu po\u0161kozen\u00fd a p\u0159iznal, \u017ee b\u011bhem \u00fatoku tou\u017eil po sv\u00e9 matce, proto\u017ee si p\u0159\u00e1l, aby to skon\u010dilo.\u00a0&#8222;Nez\u00e1le\u017e\u00ed na tom, kter\u00fdm sm\u011brem.&#8220;\u00a0A\u0165 u\u017e sm\u011brem k nebi, nebo jestli m\u011b pachatel\u00e9 pust\u00ed a j\u00e1 p\u0159e\u017eiju,\u201c dodal.<\/span><\/p>\n<p><span>Ob\u011b\u0165 soudu vypov\u011bd\u011bla, jak ho jeho nejlep\u0161\u00ed p\u0159\u00edtel nepoznal, kdy\u017e ho p\u0159ijel nav\u0161t\u00edvit do nemocnice, a m\u00edsto toho \u0161el za sv\u00fdm spolubydl\u00edc\u00edm.\u00a0Jeho sestra se tak\u00e9 rozplakala, kdy\u017e vid\u011bla rozsah jeho zran\u011bn\u00ed.<\/span><\/p>\n<p><span>Policista si z incidentu odnesl zna\u010dn\u00e9 trauma a dodnes psychicky trp\u00ed.\u00a0Od t\u00e9 doby se vr\u00e1til do sv\u00e9 pr\u00e1ce, ale zat\u00edm nesm\u00ed pracovat na no\u010dn\u00ed sm\u011bny.<\/span><\/p>\n<p><span>Verdikt soudu se o\u010dek\u00e1v\u00e1 v srpnu.<\/span><\/p>\n<p><img decoding=\"async\" loading=\"lazy\" class=\"alignnone size-full wp-image-1185\" src=\"http:\/\/www.infokuryr.cz\/n\/wp-content\/uploads\/2021\/04\/kuryr-podpis.png\" alt=\"\" width=\"84\" height=\"24\" \/><\/p>\n<p>&nbsp;<\/p>\n<p><a href=\"https:\/\/stranapro.cz\/\"><img decoding=\"async\" loading=\"lazy\" class=\"wp-image-30218 aligncenter\" src=\"http:\/\/www.infokuryr.cz\/n\/wp-content\/uploads\/2023\/06\/PRO-banner-300x36.png\" alt=\"\" width=\"1367\" height=\"164\" srcset=\"https:\/\/www.infokuryr.cz\/n\/wp-content\/uploads\/2023\/06\/PRO-banner-300x36.png 300w, https:\/\/www.infokuryr.cz\/n\/wp-content\/uploads\/2023\/06\/PRO-banner-768x93.png 768w, https:\/\/www.infokuryr.cz\/n\/wp-content\/uploads\/2023\/06\/PRO-banner.png 849w\" sizes=\"(max-width: 1367px) 100vw, 1367px\" \/><\/a><\/p>\n<p>&nbsp;<\/p>\n<p>&nbsp;<\/p>\n<p>&nbsp;<\/p>\n","protected":false},"excerpt":{"rendered":"<p>T\u0159i ob\u017ealovan\u00ed, dva ture\u010dt\u00ed brat\u0159i a mu\u017e srbsk\u00e9ho p\u016fvodu, jsou souzeni za pokus o vra\u017edu&#8230;<\/p>\n","protected":false},"author":2,"featured_media":2052,"comment_status":"closed","ping_status":"closed","sticky":false,"template":"","format":"standard","meta":[],"categories":[7],"tags":[2804,119,3842,5268,1524],"_links":{"self":[{"href":"https:\/\/www.infokuryr.cz\/n\/wp-json\/wp\/v2\/posts\/30578"}],"collection":[{"href":"https:\/\/www.infokuryr.cz\/n\/wp-json\/wp\/v2\/posts"}],"about":[{"href":"https:\/\/www.infokuryr.cz\/n\/wp-json\/wp\/v2\/types\/post"}],"author":[{"embeddable":true,"href":"https:\/\/www.infokuryr.cz\/n\/wp-json\/wp\/v2\/users\/2"}],"replies":[{"embeddable":true,"href":"https:\/\/www.infokuryr.cz\/n\/wp-json\/wp\/v2\/comments?post=30578"}],"version-history":[{"count":0,"href":"https:\/\/www.infokuryr.cz\/n\/wp-json\/wp\/v2\/posts\/30578\/revisions"}],"wp:featuredmedia":[{"embeddable":true,"href":"https:\/\/www.infokuryr.cz\/n\/wp-json\/wp\/v2\/media\/2052"}],"wp:attachment":[{"href":"https:\/\/www.infokuryr.cz\/n\/wp-json\/wp\/v2\/media?parent=30578"}],"wp:term":[{"taxonomy":"category","embeddable":true,"href":"https:\/\/www.infokuryr.cz\/n\/wp-json\/wp\/v2\/categories?post=30578"},{"taxonomy":"post_tag","embeddable":true,"href":"https:\/\/www.infokuryr.cz\/n\/wp-json\/wp\/v2\/tags?post=30578"}],"curies":[{"name":"wp","href":"https:\/\/api.w.org\/{rel}","templated":true}]}}