{"id":30571,"date":"2023-06-20T09:40:46","date_gmt":"2023-06-20T07:40:46","guid":{"rendered":"http:\/\/www.infokuryr.cz\/n\/?p=30571"},"modified":"2023-06-20T09:44:21","modified_gmt":"2023-06-20T07:44:21","slug":"francie-cerny-african-brutalne-napadl-73letou-babicku-s-vnuckou","status":"publish","type":"post","link":"https:\/\/www.infokuryr.cz\/n\/2023\/06\/20\/francie-cerny-african-brutalne-napadl-73letou-babicku-s-vnuckou\/","title":{"rendered":"Francie: \u010cern\u00fd Afri\u010dan brut\u00e1ln\u011b napadl 73letou babi\u010dku s vnu\u010dkou"},"content":{"rendered":"<div id=\"fb-root\"><\/div>\n<p><strong>T\u00e9m\u011b\u0159 dva t\u00fddny po brut\u00e1ln\u00edm \u00fatoku no\u017eem ze strany syrsk\u00e9ho \u017eadatele o azyl proti mal\u00fdm d\u011btem (\u00a0<a href=\"https:\/\/unser-mitteleuropa.com\/frankreich-messer-asylbetrueger-metzelt-sechs-3-jaehrige-kinder-auf-spielplatz-nieder\/\" target=\"_blank\" rel=\"noopener\">UM hl\u00e1\u0161eno )<\/a>\u00a0ot\u0159\u00e1sl Franci\u00ed dal\u0161\u00ed brut\u00e1ln\u00ed \u00fatok \u010dern\u00e9ho Afri\u010dana.<\/strong><\/p>\n<p>Afri\u010dan \u010dern\u00e9 pleti byl v pond\u011bl\u00ed zat\u010den polici\u00ed pot\u00e9, co v jihoz\u00e1padn\u00edm francouzsk\u00e9m m\u011bst\u011b Bordeaux napadl 73letou \u017eenu a d\u00edvku.\u00a0Vloupal se do jejich bytu a oba je vyt\u00e1hl na ulici tak, \u017ee je povalil na chodn\u00edk.<\/p>\n<p>Video, kter\u00e9 se stalo vir\u00e1ln\u00edm na soci\u00e1ln\u00edch s\u00edt\u00edch, vyvolalo ve Francii hn\u011bv a nov\u00e9 kontroverze.<\/p>\n<p>Pravicov\u00ed politici, v\u010detn\u011b \u00c9rica Zemmoura a Jordana Bardelly, v\u016fdc\u016f Reconqu\u00eate a Rassemblement National, vyzvali lidi, aby se \u201eprobudili\u201c a uv\u011bdomili si, \u017ee podobn\u00e9 n\u00e1sil\u00ed je na vzestupu ve v\u0161ech velk\u00fdch francouzsk\u00fdch m\u011bstech.<\/p>\n<p><strong>Video v odkazu:<\/strong><\/p>\n<div class=\"twitter-tweet twitter-tweet-rendered\"><iframe id=\"twitter-widget-0\" class=\"\" title=\"Twitter Tweet\" src=\"https:\/\/platform.twitter.com\/embed\/Tweet.html?dnt=false&amp;embedId=twitter-widget-0&amp;features=eyJ0ZndfdGltZWxpbmVfbGlzdCI6eyJidWNrZXQiOltdLCJ2ZXJzaW9uIjpudWxsfSwidGZ3X2ZvbGxvd2VyX2NvdW50X3N1bnNldCI6eyJidWNrZXQiOnRydWUsInZlcnNpb24iOm51bGx9LCJ0ZndfdHdlZXRfZWRpdF9iYWNrZW5kIjp7ImJ1Y2tldCI6Im9uIiwidmVyc2lvbiI6bnVsbH0sInRmd19yZWZzcmNfc2Vzc2lvbiI6eyJidWNrZXQiOiJvbiIsInZlcnNpb24iOm51bGx9LCJ0ZndfZm9zbnJfc29mdF9pbnRlcnZlbnRpb25zX2VuYWJsZWQiOnsiYnVja2V0Ijoib24iLCJ2ZXJzaW9uIjpudWxsfSwidGZ3X21peGVkX21lZGlhXzE1ODk3Ijp7ImJ1Y2tldCI6InRyZWF0bWVudCIsInZlcnNpb24iOm51bGx9LCJ0ZndfZXhwZXJpbWVudHNfY29va2llX2V4cGlyYXRpb24iOnsiYnVja2V0IjoxMjA5NjAwLCJ2ZXJzaW9uIjpudWxsfSwidGZ3X3Nob3dfYmlyZHdhdGNoX3Bpdm90c19lbmFibGVkIjp7ImJ1Y2tldCI6Im9uIiwidmVyc2lvbiI6bnVsbH0sInRmd19kdXBsaWNhdGVfc2NyaWJlc190b19zZXR0aW5ncyI6eyJidWNrZXQiOiJvbiIsInZlcnNpb24iOm51bGx9LCJ0ZndfdXNlX3Byb2ZpbGVfaW1hZ2Vfc2hhcGVfZW5hYmxlZCI6eyJidWNrZXQiOiJvbiIsInZlcnNpb24iOm51bGx9LCJ0ZndfdmlkZW9faGxzX2R5bmFtaWNfbWFuaWZlc3RzXzE1MDgyIjp7ImJ1Y2tldCI6InRydWVfYml0cmF0ZSIsInZlcnNpb24iOm51bGx9LCJ0ZndfbGVnYWN5X3RpbWVsaW5lX3N1bnNldCI6eyJidWNrZXQiOnRydWUsInZlcnNpb24iOm51bGx9LCJ0ZndfdHdlZXRfZWRpdF9mcm9udGVuZCI6eyJidWNrZXQiOiJvbiIsInZlcnNpb24iOm51bGx9fQ%3D%3D&amp;frame=false&amp;hideCard=false&amp;hideThread=false&amp;id=1671022386836111363&amp;lang=cs&amp;origin=https%3A%2F%2Funser-mitteleuropa.com%2Ffrankreich-schwarzafrikaner-greift-73-jaerige-grossmutter-mit-enkelin-brutal-an%2F&amp;sessionId=c9875750ede4db934dcf7f7c40bd1fa9e75ed986&amp;siteScreenName=UNSER%20MITTELEUROPA&amp;theme=light&amp;widgetsVersion=aaf4084522e3a%3A1674595607486&amp;width=550px\" frameborder=\"0\" scrolling=\"no\" allowfullscreen=\"allowfullscreen\" data-tweet-id=\"1671022386836111363\" data-mce-fragment=\"1\"><\/iframe><\/div>\n<div><img decoding=\"async\" loading=\"lazy\" class=\"alignnone size-full wp-image-1185\" src=\"http:\/\/www.infokuryr.cz\/n\/wp-content\/uploads\/2021\/04\/kuryr-podpis.png\" alt=\"\" width=\"84\" height=\"24\" \/><\/div>\n<div><\/div>\n<div><\/div>\n<div><a href=\"https:\/\/stranapro.cz\/\"><img decoding=\"async\" loading=\"lazy\" class=\"wp-image-30218 aligncenter\" src=\"http:\/\/www.infokuryr.cz\/n\/wp-content\/uploads\/2023\/06\/PRO-banner-300x36.png\" alt=\"\" width=\"1358\" height=\"163\" srcset=\"https:\/\/www.infokuryr.cz\/n\/wp-content\/uploads\/2023\/06\/PRO-banner-300x36.png 300w, https:\/\/www.infokuryr.cz\/n\/wp-content\/uploads\/2023\/06\/PRO-banner-768x93.png 768w, https:\/\/www.infokuryr.cz\/n\/wp-content\/uploads\/2023\/06\/PRO-banner.png 849w\" sizes=\"(max-width: 1358px) 100vw, 1358px\" \/><\/a><\/div>\n<div><\/div>\n<div><\/div>\n<div><\/div>\n<div><\/div>\n<div><\/div>\n<div><\/div>\n","protected":false},"excerpt":{"rendered":"<p>T\u00e9m\u011b\u0159 dva t\u00fddny po brut\u00e1ln\u00edm \u00fatoku no\u017eem ze strany syrsk\u00e9ho \u017eadatele o azyl proti mal\u00fdm&#8230;<\/p>\n","protected":false},"author":2,"featured_media":30572,"comment_status":"closed","ping_status":"closed","sticky":false,"template":"","format":"standard","meta":[],"categories":[7],"tags":[3120,130,369,239],"_links":{"self":[{"href":"https:\/\/www.infokuryr.cz\/n\/wp-json\/wp\/v2\/posts\/30571"}],"collection":[{"href":"https:\/\/www.infokuryr.cz\/n\/wp-json\/wp\/v2\/posts"}],"about":[{"href":"https:\/\/www.infokuryr.cz\/n\/wp-json\/wp\/v2\/types\/post"}],"author":[{"embeddable":true,"href":"https:\/\/www.infokuryr.cz\/n\/wp-json\/wp\/v2\/users\/2"}],"replies":[{"embeddable":true,"href":"https:\/\/www.infokuryr.cz\/n\/wp-json\/wp\/v2\/comments?post=30571"}],"version-history":[{"count":0,"href":"https:\/\/www.infokuryr.cz\/n\/wp-json\/wp\/v2\/posts\/30571\/revisions"}],"wp:featuredmedia":[{"embeddable":true,"href":"https:\/\/www.infokuryr.cz\/n\/wp-json\/wp\/v2\/media\/30572"}],"wp:attachment":[{"href":"https:\/\/www.infokuryr.cz\/n\/wp-json\/wp\/v2\/media?parent=30571"}],"wp:term":[{"taxonomy":"category","embeddable":true,"href":"https:\/\/www.infokuryr.cz\/n\/wp-json\/wp\/v2\/categories?post=30571"},{"taxonomy":"post_tag","embeddable":true,"href":"https:\/\/www.infokuryr.cz\/n\/wp-json\/wp\/v2\/tags?post=30571"}],"curies":[{"name":"wp","href":"https:\/\/api.w.org\/{rel}","templated":true}]}}