{"id":30569,"date":"2023-06-20T09:31:05","date_gmt":"2023-06-20T07:31:05","guid":{"rendered":"http:\/\/www.infokuryr.cz\/n\/?p=30569"},"modified":"2023-06-20T09:31:05","modified_gmt":"2023-06-20T07:31:05","slug":"rusko-pozadalo-o-zasedani-rady-bezpecnosti-osn","status":"publish","type":"post","link":"https:\/\/www.infokuryr.cz\/n\/2023\/06\/20\/rusko-pozadalo-o-zasedani-rady-bezpecnosti-osn\/","title":{"rendered":"Rusko po\u017e\u00e1dalo o zased\u00e1n\u00ed Rady bezpe\u010dnosti OSN"},"content":{"rendered":"<div id=\"fb-root\"><\/div>\n<p class=\"lead\"><strong>Rusko po\u017e\u00e1dalo svolat na 29. \u010dervna zased\u00e1n\u00ed Rady bezpe\u010dnosti OSN o dod\u00e1vk\u00e1ch z\u00e1padn\u00edch zbran\u00ed Ukrajin\u011b. Ozn\u00e1mil to v pond\u011bl\u00ed prvn\u00ed z\u00e1stupce st\u00e1l\u00e9ho p\u0159edstavitele Rusk\u00e9 federace p\u0159i OSN Dmitrij Poljanskij.<\/strong><\/p>\n<p><span>\u201eNa 23. \u010dervna po\u017e\u00e1daly z\u00e1padn\u00ed zem\u011b o tradi\u010dn\u00ed setk\u00e1n\u00ed o humanit\u00e1rn\u00ed situaci na Ukrajin\u011b.\u00a0Za\u010dne v 17:00 moskevsk\u00e9ho \u010dasu,\u201c poznamenal diplomat ve sv\u00e9m telegramu.<\/span><\/p>\n<p><span>\u201eProto\u017ee jsme tradi\u010dn\u011b proti prosazov\u00e1n\u00ed jednostrann\u00e9ho z\u00e1padn\u00edho vypr\u00e1v\u011bn\u00ed na p\u016fd\u011b Rady bezpe\u010dnosti, po\u017e\u00e1dali jsme dnes o sch\u016fzku na 29. \u010dervna o p\u0159esunech z\u00e1padn\u00edch zbran\u00ed na Ukrajinu a jejich d\u016fsledc\u00edch pro diplomatick\u00e9 \u00fasil\u00ed o vy\u0159e\u0161en\u00ed ukrajinsk\u00e9 krize.\u00a0Jak o\u010dek\u00e1v\u00e1me, za\u010dne jedn\u00e1n\u00ed ve 22:00 moskevsk\u00e9ho \u010dasu. Pokus\u00edme se naj\u00edt zaj\u00edmav\u00e9ho \u0159e\u010dn\u00edka, kter\u00fd by mohl objektivn\u011b a profesion\u00e1ln\u011b pokr\u00fdt tento p\u0159\u00edb\u011bh,\u201c<\/span><span class=\"after-quote\"><span> up\u0159esnil diplomat.<\/span><\/span><\/p>\n<p><img decoding=\"async\" loading=\"lazy\" class=\"alignnone size-full wp-image-1185\" src=\"http:\/\/www.infokuryr.cz\/n\/wp-content\/uploads\/2021\/04\/kuryr-podpis.png\" alt=\"\" width=\"84\" height=\"24\" \/><\/p>\n<p>&nbsp;<\/p>\n<p><a href=\"https:\/\/stranapro.cz\/\"><img decoding=\"async\" loading=\"lazy\" class=\"wp-image-30218 aligncenter\" src=\"http:\/\/www.infokuryr.cz\/n\/wp-content\/uploads\/2023\/06\/PRO-banner-300x36.png\" alt=\"\" width=\"1367\" height=\"164\" srcset=\"https:\/\/www.infokuryr.cz\/n\/wp-content\/uploads\/2023\/06\/PRO-banner-300x36.png 300w, https:\/\/www.infokuryr.cz\/n\/wp-content\/uploads\/2023\/06\/PRO-banner-768x93.png 768w, https:\/\/www.infokuryr.cz\/n\/wp-content\/uploads\/2023\/06\/PRO-banner.png 849w\" sizes=\"(max-width: 1367px) 100vw, 1367px\" \/><\/a><\/p>\n<p>&nbsp;<\/p>\n<p>&nbsp;<\/p>\n<p>&nbsp;<\/p>\n<p>&nbsp;<\/p>\n","protected":false},"excerpt":{"rendered":"<p>Rusko po\u017e\u00e1dalo svolat na 29. \u010dervna zased\u00e1n\u00ed Rady bezpe\u010dnosti OSN o dod\u00e1vk\u00e1ch z\u00e1padn\u00edch zbran\u00ed Ukrajin\u011b&#8230;.<\/p>\n","protected":false},"author":2,"featured_media":9726,"comment_status":"closed","ping_status":"closed","sticky":false,"template":"","format":"standard","meta":[],"categories":[7],"tags":[186,1408,22],"_links":{"self":[{"href":"https:\/\/www.infokuryr.cz\/n\/wp-json\/wp\/v2\/posts\/30569"}],"collection":[{"href":"https:\/\/www.infokuryr.cz\/n\/wp-json\/wp\/v2\/posts"}],"about":[{"href":"https:\/\/www.infokuryr.cz\/n\/wp-json\/wp\/v2\/types\/post"}],"author":[{"embeddable":true,"href":"https:\/\/www.infokuryr.cz\/n\/wp-json\/wp\/v2\/users\/2"}],"replies":[{"embeddable":true,"href":"https:\/\/www.infokuryr.cz\/n\/wp-json\/wp\/v2\/comments?post=30569"}],"version-history":[{"count":0,"href":"https:\/\/www.infokuryr.cz\/n\/wp-json\/wp\/v2\/posts\/30569\/revisions"}],"wp:featuredmedia":[{"embeddable":true,"href":"https:\/\/www.infokuryr.cz\/n\/wp-json\/wp\/v2\/media\/9726"}],"wp:attachment":[{"href":"https:\/\/www.infokuryr.cz\/n\/wp-json\/wp\/v2\/media?parent=30569"}],"wp:term":[{"taxonomy":"category","embeddable":true,"href":"https:\/\/www.infokuryr.cz\/n\/wp-json\/wp\/v2\/categories?post=30569"},{"taxonomy":"post_tag","embeddable":true,"href":"https:\/\/www.infokuryr.cz\/n\/wp-json\/wp\/v2\/tags?post=30569"}],"curies":[{"name":"wp","href":"https:\/\/api.w.org\/{rel}","templated":true}]}}