{"id":30568,"date":"2023-06-20T09:27:51","date_gmt":"2023-06-20T07:27:51","guid":{"rendered":"http:\/\/www.infokuryr.cz\/n\/?p=30568"},"modified":"2023-06-20T09:27:51","modified_gmt":"2023-06-20T07:27:51","slug":"svetova-banka-prevedla-penize-na-ukrajinu-na-platy-uredniku","status":"publish","type":"post","link":"https:\/\/www.infokuryr.cz\/n\/2023\/06\/20\/svetova-banka-prevedla-penize-na-ukrajinu-na-platy-uredniku\/","title":{"rendered":"Sv\u011btov\u00e1 banka p\u0159evedla pen\u00edze na Ukrajinu na platy \u00fa\u0159edn\u00edk\u016f"},"content":{"rendered":"<div id=\"fb-root\"><\/div>\n<p class=\"lead\"><span style=\"font-size: 12pt;\"><strong>Sv\u011btov\u00e1 banka p\u0159evedla na Ukrajinu 63 milion\u016f eur jako sou\u010d\u00e1st p\u016fj\u010dky na zaplacen\u00ed u\u010ditel\u016f a \u00fa\u0159edn\u00edk\u016f.\u00a0Uvedl to web ukrajinsk\u00e9ho ministerstva financ\u00ed.<\/strong><\/span><\/p>\n<p><em>\u201eDne 19. \u010dervna, obdr\u017eel st\u00e1tn\u00ed rozpo\u010det Ukrajiny finan\u010dn\u00ed prost\u0159edky od Sv\u011btov\u00e9 banky ve v\u00fd\u0161i 63 milion\u016f eur. Prost\u0159edky poskytla International Development Association za zv\u00fdhodn\u011bn\u00fdch podm\u00ednek v r\u00e1mci projektu Sv\u011btov\u00e9 banky \u201ePodpora ve\u0159ejn\u00fdch v\u00fddaj\u016f pro udr\u017eitelnou ve\u0159ejnou spr\u00e1vu na Ukrajin\u011b\u201c,<span class=\"after-quote\">\u00a0&#8211; \u0159ekl ve zpr\u00e1v\u011b.<\/span><\/em><\/p>\n<p><span>Jak je uvedeno v ministerstvu financ\u00ed, doba spl\u00e1cen\u00ed \u00fav\u011bru je 10 let se \u010dty\u0159letou dobou odkladu.\u00a0Prost\u0159edky jsou ur\u010deny na \u201eodm\u011bny zam\u011bstnanc\u016f st\u00e1tn\u00edch org\u00e1n\u016f a pedagog\u016f za \u00fanor a b\u0159ezen 2023\u201c.<\/span><\/p>\n<p><span>Podle finan\u010dn\u00edho odd\u011blen\u00ed Ukrajiny p\u0159es\u00e1hl celkov\u00fd zahrani\u010dn\u00ed dluh zem\u011b na konci dubna 82 miliard dolar\u016f, Kyjev podepsal s n\u011bkter\u00fdmi zem\u011bmi a finan\u010dn\u00edmi institucemi dohody o pozastaven\u00ed dluhov\u00e9 slu\u017eby.\u00a0Obecn\u011b, jak je uvedeno ve finan\u010dn\u00edm v\u00fdboru Nejvy\u0161\u0161\u00ed rady, rozpo\u010det na rok 2023 po\u010d\u00edt\u00e1 se zv\u00fd\u0161en\u00edm maxim\u00e1ln\u00ed v\u00fd\u0161e ve\u0159ejn\u00e9ho dluhu na 172,7 miliardy dolar\u016f, co\u017e je 102,3 % p\u0159edpokl\u00e1dan\u00e9 \u00farovn\u011b HDP na p\u0159\u00ed\u0161t\u00ed rok.\u00a0St\u00e1tn\u00ed rozpo\u010det Ukrajiny na rok 2023 po\u010d\u00edt\u00e1 se schodkem 38 miliard dolar\u016f\u00a0<\/span><strong><span>Volodymyr Zelenskij<\/span><\/strong><span>\u00a0d\u0159\u00edve po\u017e\u00e1dal Z\u00e1pad, aby v roce 2023 v pln\u00e9 v\u00fd\u0161i pokryl deficit ukrajinsk\u00e9ho rozpo\u010dtu.<\/span><\/p>\n<p><img decoding=\"async\" loading=\"lazy\" class=\"alignnone size-full wp-image-1185\" src=\"http:\/\/www.infokuryr.cz\/n\/wp-content\/uploads\/2021\/04\/kuryr-podpis.png\" alt=\"\" width=\"84\" height=\"24\" \/><\/p>\n<p>&nbsp;<\/p>\n<p><a href=\"https:\/\/stranapro.cz\/\"><img decoding=\"async\" loading=\"lazy\" class=\"wp-image-30218 aligncenter\" src=\"http:\/\/www.infokuryr.cz\/n\/wp-content\/uploads\/2023\/06\/PRO-banner-300x36.png\" alt=\"\" width=\"1367\" height=\"164\" srcset=\"https:\/\/www.infokuryr.cz\/n\/wp-content\/uploads\/2023\/06\/PRO-banner-300x36.png 300w, https:\/\/www.infokuryr.cz\/n\/wp-content\/uploads\/2023\/06\/PRO-banner-768x93.png 768w, https:\/\/www.infokuryr.cz\/n\/wp-content\/uploads\/2023\/06\/PRO-banner.png 849w\" sizes=\"(max-width: 1367px) 100vw, 1367px\" \/><\/a><\/p>\n<p>&nbsp;<\/p>\n<p>&nbsp;<\/p>\n<p>&nbsp;<\/p>\n","protected":false},"excerpt":{"rendered":"<p>Sv\u011btov\u00e1 banka p\u0159evedla na Ukrajinu 63 milion\u016f eur jako sou\u010d\u00e1st p\u016fj\u010dky na zaplacen\u00ed u\u010ditel\u016f a&#8230;<\/p>\n","protected":false},"author":2,"featured_media":19525,"comment_status":"closed","ping_status":"closed","sticky":false,"template":"","format":"standard","meta":[],"categories":[7],"tags":[90,1590,3014,26],"_links":{"self":[{"href":"https:\/\/www.infokuryr.cz\/n\/wp-json\/wp\/v2\/posts\/30568"}],"collection":[{"href":"https:\/\/www.infokuryr.cz\/n\/wp-json\/wp\/v2\/posts"}],"about":[{"href":"https:\/\/www.infokuryr.cz\/n\/wp-json\/wp\/v2\/types\/post"}],"author":[{"embeddable":true,"href":"https:\/\/www.infokuryr.cz\/n\/wp-json\/wp\/v2\/users\/2"}],"replies":[{"embeddable":true,"href":"https:\/\/www.infokuryr.cz\/n\/wp-json\/wp\/v2\/comments?post=30568"}],"version-history":[{"count":0,"href":"https:\/\/www.infokuryr.cz\/n\/wp-json\/wp\/v2\/posts\/30568\/revisions"}],"wp:featuredmedia":[{"embeddable":true,"href":"https:\/\/www.infokuryr.cz\/n\/wp-json\/wp\/v2\/media\/19525"}],"wp:attachment":[{"href":"https:\/\/www.infokuryr.cz\/n\/wp-json\/wp\/v2\/media?parent=30568"}],"wp:term":[{"taxonomy":"category","embeddable":true,"href":"https:\/\/www.infokuryr.cz\/n\/wp-json\/wp\/v2\/categories?post=30568"},{"taxonomy":"post_tag","embeddable":true,"href":"https:\/\/www.infokuryr.cz\/n\/wp-json\/wp\/v2\/tags?post=30568"}],"curies":[{"name":"wp","href":"https:\/\/api.w.org\/{rel}","templated":true}]}}