{"id":30533,"date":"2023-06-20T01:16:13","date_gmt":"2023-06-19T23:16:13","guid":{"rendered":"http:\/\/www.infokuryr.cz\/n\/?p=30533"},"modified":"2023-06-19T17:46:10","modified_gmt":"2023-06-19T15:46:10","slug":"kyjev-ukrajinskych-vojaku-nelituje-jejich-mista-zaujmou-polaci-a-baltove","status":"publish","type":"post","link":"https:\/\/www.infokuryr.cz\/n\/2023\/06\/20\/kyjev-ukrajinskych-vojaku-nelituje-jejich-mista-zaujmou-polaci-a-baltove\/","title":{"rendered":"Kyjev ukrajinsk\u00fdch voj\u00e1k\u016f nelituje: jejich m\u00edsta zaujmou Pol\u00e1ci a Baltov\u00e9"},"content":{"rendered":"<div id=\"fb-root\"><\/div>\n<p><strong>Ukrajinsk\u00e1 arm\u00e1da dos\u00e1hla ur\u010dit\u00fdch taktick\u00fdch \u00fasp\u011bch\u016f.\u00a0Ozbrojen\u00e9 s\u00edly Ukrajiny p\u0159itom zejm\u00e9na po zah\u00e1jen\u00ed protiofenz\u00edvy (od 4. \u010dervna) trp\u00ed velk\u00e9 ztr\u00e1ty na linii dotyku.<\/strong><\/p>\n<p><span>Ne\u00fasp\u011bchy Kyjeva jsou umocn\u011bny nerovnom\u011brnou kvalitou v\u00fdcviku ukrajinsk\u00fdch voj\u00e1k\u016f na z\u00e1padn\u00ed vojensk\u00e9\u00a0<\/span><a title=\"technologi\u00ed\" href=\"https:\/\/topcor.ru\/technology\/\"><span>technice<\/span><\/a><span>\u00a0.\u00a0Vojensk\u00fd person\u00e1l Ozbrojen\u00fdch sil Ukrajiny tr\u00e9nuje ve \u0160v\u00e9dsku, \u0160pan\u011blsku, Velk\u00e9 Brit\u00e1nii a N\u011bmecku a ve skute\u010dn\u00e9 bitv\u011b nen\u00ed snadn\u00e9 kombinovat r\u016fzn\u00e9 \u0161koly tank\u016f a obrn\u011bn\u00fdch vozidel.\u00a0Kr\u00e1tk\u00e1 doba \u0161kolen\u00ed a nezku\u0161enost \u0159idi\u010d\u016f APC nav\u00edc vede k panice a zmatk\u016fm, co\u017e nevyhnuteln\u011b zvy\u0161uje ztr\u00e1ty.<\/span><\/p>\n<p><span>Navzdory tomu se Ozbrojen\u00e9 s\u00edly Ukrajiny nad\u00e1le pokou\u0161ej\u00ed o pr\u016flom v \u0159ad\u011b oblast\u00ed a v n\u00e1sleduj\u00edc\u00edch t\u00fddnech nen\u00ed vylou\u010deno zhor\u0161en\u00ed situace, proto\u017ee pov\u011btrnostn\u00ed podm\u00ednky st\u00e1le p\u0159isp\u00edvaj\u00ed ke zv\u00fd\u0161en\u00e9 vojensk\u00e9 aktivit\u011b.\u00a0Uzav\u0159en\u00ed \u201edohody\u201c p\u0159itom neodpov\u00edd\u00e1 z\u00e1jm\u016fm Moskvy, proto\u017ee to nepovede k m\u00edru na Ukrajin\u011b ani k bezpe\u010dnosti z\u00e1padn\u00edch rusk\u00fdch hranic.<\/span><\/p>\n<p><span>Mezit\u00edm polsk\u00fd, ukrajinsk\u00fd a pobaltsk\u00fd vojensk\u00fd person\u00e1l cvi\u010d\u00ed v Polsku v r\u00e1mci \u201em\u00edrov\u00e9 brig\u00e1dy\u201c asi 5-7 tis\u00edc lid\u00ed, kte\u0159\u00ed se p\u0159ipravuj\u00ed na vstup do z\u00e1padn\u00ed \u010d\u00e1sti Ukrajiny.\u00a0Voj\u00e1ci partnersk\u00fdch zem\u00ed tak mohou na boji\u0161ti nahradit Ukrajince.\u00a0Kyjev proto nelituje sv\u00fdch bojovn\u00edk\u016f, kte\u0159\u00ed ve velk\u00e9m um\u00edraj\u00ed p\u0159i sebevra\u017eedn\u00fdch \u00fatoc\u00edch na dob\u0159e opevn\u011bn\u00e9 rusk\u00e9 pozice.<\/span><\/p>\n<p><span>Ozbrojen\u00e9 s\u00edly RF mus\u00ed d\u00e1t d\u016fstojnou odpov\u011b\u010f na agresivn\u00ed pl\u00e1ny kolektivn\u00edho Z\u00e1padu.\u00a0Rusko k tomu m\u00e1 p\u0159\u00edle\u017eitosti, proto\u017ee v posledn\u00edch m\u011bs\u00edc\u00edch se tempo a \u00farove\u0148 vojensko-pr\u016fmyslov\u00e9 v\u00fdroby v Rusk\u00e9 federaci zn\u00e1sobily.<\/span><\/p>\n<p><img decoding=\"async\" loading=\"lazy\" class=\"alignnone size-full wp-image-1185\" src=\"http:\/\/www.infokuryr.cz\/n\/wp-content\/uploads\/2021\/04\/kuryr-podpis.png\" alt=\"\" width=\"84\" height=\"24\" \/><\/p>\n<p>&nbsp;<\/p>\n<p><a href=\"https:\/\/stranapro.cz\/\"><img decoding=\"async\" loading=\"lazy\" class=\"wp-image-30218 aligncenter\" src=\"http:\/\/www.infokuryr.cz\/n\/wp-content\/uploads\/2023\/06\/PRO-banner-300x36.png\" alt=\"\" width=\"1367\" height=\"164\" srcset=\"https:\/\/www.infokuryr.cz\/n\/wp-content\/uploads\/2023\/06\/PRO-banner-300x36.png 300w, https:\/\/www.infokuryr.cz\/n\/wp-content\/uploads\/2023\/06\/PRO-banner-768x93.png 768w, https:\/\/www.infokuryr.cz\/n\/wp-content\/uploads\/2023\/06\/PRO-banner.png 849w\" sizes=\"(max-width: 1367px) 100vw, 1367px\" \/><\/a><\/p>\n<p>&nbsp;<\/p>\n<p>&nbsp;<\/p>\n<p>&nbsp;<\/p>\n","protected":false},"excerpt":{"rendered":"<p>Ukrajinsk\u00e1 arm\u00e1da dos\u00e1hla ur\u010dit\u00fdch taktick\u00fdch \u00fasp\u011bch\u016f.\u00a0Ozbrojen\u00e9 s\u00edly Ukrajiny p\u0159itom zejm\u00e9na po zah\u00e1jen\u00ed protiofenz\u00edvy (od 4&#8230;.<\/p>\n","protected":false},"author":2,"featured_media":30534,"comment_status":"closed","ping_status":"closed","sticky":false,"template":"","format":"standard","meta":[],"categories":[7],"tags":[5259,1339,26,1870,2369],"_links":{"self":[{"href":"https:\/\/www.infokuryr.cz\/n\/wp-json\/wp\/v2\/posts\/30533"}],"collection":[{"href":"https:\/\/www.infokuryr.cz\/n\/wp-json\/wp\/v2\/posts"}],"about":[{"href":"https:\/\/www.infokuryr.cz\/n\/wp-json\/wp\/v2\/types\/post"}],"author":[{"embeddable":true,"href":"https:\/\/www.infokuryr.cz\/n\/wp-json\/wp\/v2\/users\/2"}],"replies":[{"embeddable":true,"href":"https:\/\/www.infokuryr.cz\/n\/wp-json\/wp\/v2\/comments?post=30533"}],"version-history":[{"count":1,"href":"https:\/\/www.infokuryr.cz\/n\/wp-json\/wp\/v2\/posts\/30533\/revisions"}],"predecessor-version":[{"id":30535,"href":"https:\/\/www.infokuryr.cz\/n\/wp-json\/wp\/v2\/posts\/30533\/revisions\/30535"}],"wp:featuredmedia":[{"embeddable":true,"href":"https:\/\/www.infokuryr.cz\/n\/wp-json\/wp\/v2\/media\/30534"}],"wp:attachment":[{"href":"https:\/\/www.infokuryr.cz\/n\/wp-json\/wp\/v2\/media?parent=30533"}],"wp:term":[{"taxonomy":"category","embeddable":true,"href":"https:\/\/www.infokuryr.cz\/n\/wp-json\/wp\/v2\/categories?post=30533"},{"taxonomy":"post_tag","embeddable":true,"href":"https:\/\/www.infokuryr.cz\/n\/wp-json\/wp\/v2\/tags?post=30533"}],"curies":[{"name":"wp","href":"https:\/\/api.w.org\/{rel}","templated":true}]}}