{"id":30443,"date":"2023-06-19T01:10:39","date_gmt":"2023-06-18T23:10:39","guid":{"rendered":"http:\/\/www.infokuryr.cz\/n\/?p=30443"},"modified":"2023-06-18T16:48:20","modified_gmt":"2023-06-18T14:48:20","slug":"kreml-slibuje-tresty-za-vyhruzky-zabitim-rusu","status":"publish","type":"post","link":"https:\/\/www.infokuryr.cz\/n\/2023\/06\/19\/kreml-slibuje-tresty-za-vyhruzky-zabitim-rusu\/","title":{"rendered":"Kreml slibuje tresty za v\u00fdhr\u016f\u017eky zabit\u00edm Rus\u016f"},"content":{"rendered":"<div id=\"fb-root\"><\/div>\n<p><span style=\"font-size: 18pt;\"><strong>Z\u00e1padn\u00ed politici by m\u011bli v\u011bd\u011bt, \u017ee podporou Kyjeva pom\u00e1haj\u00ed \u201ede facto vrah\u016fm,\u201c \u0159\u00edk\u00e1 mluv\u010d\u00ed Dmitrij Peskov<\/strong><\/span><\/p>\n<p><span>V\u0161echny osoby, kter\u00e9 vyhro\u017euj\u00ed Rus\u016fm zabit\u00edm, jsou nep\u0159\u00e1tel\u00e9, kte\u0159\u00ed by za to m\u011bli b\u00fdt a budou potrest\u00e1ni, varoval tiskov\u00fd tajemn\u00edk Kremlu Dmitrij Peskov.<\/span><\/p>\n<p><span>V ned\u011bli byl Peskov po\u017e\u00e1d\u00e1n stanic\u00ed Rossyia 1, aby se vyj\u00e1d\u0159il ke slov\u016fm Michaila Podoliaka, hlavn\u00edho poradce ukrajinsk\u00e9ho prezidenta Vladimira Zelensk\u00e9ho, kter\u00fd minul\u00fd t\u00fdden prohl\u00e1sil, \u017ee dlouho o\u010dek\u00e1van\u00e1 protiofenz\u00edva Kyjeva bude \u201enejbrut\u00e1ln\u011bj\u0161\u00edm postupem s maxim\u00e1ln\u00edm\u00a0<\/span><em><span>zab\u00edjen\u00edm Rusov\u00e9 na t\u00e9to trase.&#8220;<\/span><\/em><\/p>\n<p><span>&#8222;To \u0159\u00edkaj\u00ed na\u0161i nep\u0159\u00e1tel\u00e9 a my s nimi mus\u00edme bojovat.&#8220;\u00a0Nem\u016f\u017eete Rus\u016fm vyhro\u017eovat vra\u017edou.\u00a0Rusov\u00e9 by je za to m\u011bli potrestat a my to ud\u011bl\u00e1me,\u201c zd\u016fraznil mluv\u010d\u00ed Kremlu.<\/span><\/p>\n<p><span>Poznamenal, \u017ee Podoliak v tomto ohledu\u00a0<\/span><em><span>\u201enen\u00ed pr\u016fkopn\u00edkem\u201c<\/span><\/em><span>\u00a0, proto\u017ee n\u00e1\u010deln\u00edk Hlavn\u00edho \u0159editelstv\u00ed zpravodajsk\u00e9 slu\u017eby (GUR) ukrajinsk\u00e9 arm\u00e1dy Kirill Budanov a \u010dlenov\u00e9 Rady bezpe\u010dnosti zem\u011b tak\u00e9 \u201eopakovan\u011b hovo\u0159ili o sv\u00e9\u00a0<\/span><em><span>touze zab\u00edt tolik Rus\u016f mo\u017en\u00fd.&#8220;<\/span><\/em><\/p>\n<p><span>Podle rusk\u00e9ho prezidenta Vladimira Putina bylo velitelstv\u00ed GUR v Kyjev\u011b koncem kv\u011btna zasa\u017eeno rusk\u00fdmi raketami.\u00a0Ministerstvo obrany uvedlo, \u017ee \u00fasp\u011b\u0161n\u00fd \u00fader byl zam\u011b\u0159en na\u00a0<\/span><em><span>\u201erozhodovac\u00ed centra\u201c<\/span><\/em><span>\u00a0na Ukrajin\u011b\u00a0<\/span><em><span>, \u201ekde se pl\u00e1novaly teroristick\u00e9 \u00fatoky na rusk\u00e9 \u00fazem\u00ed pod veden\u00edm specialist\u016f ze z\u00e1padn\u00edch zpravodajsk\u00fdch slu\u017eeb\u201c.<\/span><\/em><\/p>\n<p><span>Peskov tak\u00e9 \u0159ekl, \u017ee chce, aby v\u00fdroky Podoliaka a dal\u0161\u00edch ukrajinsk\u00fdch p\u0159edstavitel\u016f o zab\u00edjen\u00ed rusk\u00fdch ob\u010dan\u016f vyhodnotili zahrani\u010dn\u00ed podporovatel\u00e9 Kyjeva.<\/span><\/p>\n<p><em><span>\u201e\u010clenov\u00e9 parlamentu v t\u011bchto zem\u00edch by m\u011bli pochopit, komu pos\u00edlaj\u00ed svou pomoc \u2013 de facto vrah\u016fm;\u00a0lid\u00e9, kte\u0159\u00ed deklaruj\u00ed sv\u016fj \u00famysl zab\u00edjet,\u201c<\/span><\/em><span>\u00a0vysv\u011btlil.<\/span><\/p>\n<p><img decoding=\"async\" loading=\"lazy\" class=\"alignnone size-full wp-image-1185\" src=\"http:\/\/www.infokuryr.cz\/n\/wp-content\/uploads\/2021\/04\/kuryr-podpis.png\" alt=\"\" width=\"84\" height=\"24\" \/><\/p>\n<p>&nbsp;<\/p>\n<p><img decoding=\"async\" loading=\"lazy\" class=\"wp-image-30218 aligncenter\" src=\"http:\/\/www.infokuryr.cz\/n\/wp-content\/uploads\/2023\/06\/PRO-banner-300x36.png\" alt=\"\" width=\"1350\" height=\"162\" srcset=\"https:\/\/www.infokuryr.cz\/n\/wp-content\/uploads\/2023\/06\/PRO-banner-300x36.png 300w, https:\/\/www.infokuryr.cz\/n\/wp-content\/uploads\/2023\/06\/PRO-banner-768x93.png 768w, https:\/\/www.infokuryr.cz\/n\/wp-content\/uploads\/2023\/06\/PRO-banner.png 849w\" sizes=\"(max-width: 1350px) 100vw, 1350px\" \/><\/p>\n<p>&nbsp;<\/p>\n<p>&nbsp;<\/p>\n<p>&nbsp;<\/p>\n","protected":false},"excerpt":{"rendered":"<p>Z\u00e1padn\u00ed politici by m\u011bli v\u011bd\u011bt, \u017ee podporou Kyjeva pom\u00e1haj\u00ed \u201ede facto vrah\u016fm,\u201c \u0159\u00edk\u00e1 mluv\u010d\u00ed Dmitrij&#8230;<\/p>\n","protected":false},"author":2,"featured_media":2335,"comment_status":"closed","ping_status":"closed","sticky":false,"template":"","format":"standard","meta":[],"categories":[7],"tags":[1065,22,858,2067],"_links":{"self":[{"href":"https:\/\/www.infokuryr.cz\/n\/wp-json\/wp\/v2\/posts\/30443"}],"collection":[{"href":"https:\/\/www.infokuryr.cz\/n\/wp-json\/wp\/v2\/posts"}],"about":[{"href":"https:\/\/www.infokuryr.cz\/n\/wp-json\/wp\/v2\/types\/post"}],"author":[{"embeddable":true,"href":"https:\/\/www.infokuryr.cz\/n\/wp-json\/wp\/v2\/users\/2"}],"replies":[{"embeddable":true,"href":"https:\/\/www.infokuryr.cz\/n\/wp-json\/wp\/v2\/comments?post=30443"}],"version-history":[{"count":0,"href":"https:\/\/www.infokuryr.cz\/n\/wp-json\/wp\/v2\/posts\/30443\/revisions"}],"wp:featuredmedia":[{"embeddable":true,"href":"https:\/\/www.infokuryr.cz\/n\/wp-json\/wp\/v2\/media\/2335"}],"wp:attachment":[{"href":"https:\/\/www.infokuryr.cz\/n\/wp-json\/wp\/v2\/media?parent=30443"}],"wp:term":[{"taxonomy":"category","embeddable":true,"href":"https:\/\/www.infokuryr.cz\/n\/wp-json\/wp\/v2\/categories?post=30443"},{"taxonomy":"post_tag","embeddable":true,"href":"https:\/\/www.infokuryr.cz\/n\/wp-json\/wp\/v2\/tags?post=30443"}],"curies":[{"name":"wp","href":"https:\/\/api.w.org\/{rel}","templated":true}]}}