{"id":30419,"date":"2023-06-18T01:17:39","date_gmt":"2023-06-17T23:17:39","guid":{"rendered":"http:\/\/www.infokuryr.cz\/n\/?p=30419"},"modified":"2023-06-17T22:51:51","modified_gmt":"2023-06-17T20:51:51","slug":"cesky-prezident-vyzval-posbirat-rusy-zijici-v-evrope-a-zavrit-je-do-koncentracnich-taboru","status":"publish","type":"post","link":"https:\/\/www.infokuryr.cz\/n\/2023\/06\/18\/cesky-prezident-vyzval-posbirat-rusy-zijici-v-evrope-a-zavrit-je-do-koncentracnich-taboru\/","title":{"rendered":"\u010cesk\u00fd prezident vyzval posb\u00edrat Rusy \u017eij\u00edc\u00ed v Evrop\u011b a zav\u0159\u00edt je do koncentra\u010dn\u00edch t\u00e1bor\u016f"},"content":{"rendered":"<div id=\"fb-root\"><\/div>\n<p><span style=\"font-size: 14pt;\"><strong>\u010cesk\u00fd prezident Petr Pavel vyzval, aby byli Rusov\u00e9 \u017eij\u00edc\u00ed v zahrani\u010d\u00ed, zejm\u00e9na v z\u00e1padn\u00edch zem\u00edch, shrom\u00e1\u017ed\u011bni a \u201ed\u016fsledn\u011b sledov\u00e1ni\u201c bezpe\u010dnostn\u00edmi slu\u017ebami, podobn\u011b jako byli japon\u0161t\u00ed potomci zadr\u017eov\u00e1ni v interna\u010dn\u00edch t\u00e1borech ve Spojen\u00fdch st\u00e1tech americk\u00fdch b\u011bhem Druh\u00e9 sv\u011btov\u00e9 v\u00e1lky.<\/strong><\/span><\/p>\n<p><span>Podle b\u00fdval\u00e9ho gener\u00e1la NATO, kter\u00fd je \u010desk\u00fdm prezidentem od b\u0159ezna 2023 po v\u00edt\u011bzstv\u00ed ve volb\u00e1ch, \u201etoto jsou prost\u011b n\u00e1klady na v\u00e1lku.\u201c<\/span><\/p>\n<p><em><span>&#8222;Kdy\u017e prob\u00edh\u00e1 v\u00e1lka, bezpe\u010dnostn\u00ed opat\u0159en\u00ed t\u00fdkaj\u00edc\u00ed se rusk\u00fdch ob\u010dan\u016f by m\u011bla b\u00fdt p\u0159\u00edsn\u011bj\u0161\u00ed ne\u017e za norm\u00e1ln\u00edch okolnost\u00ed,&#8220;<\/span><\/em><span>\u00a0\u0159ekl Radio Svobodn\u00e1 Evropa se s\u00eddlem v Praze.<\/span><\/p>\n<p><em><span>\\&#8220;V\u0161ichni Rusov\u00e9 \u017eij\u00edc\u00ed v z\u00e1padn\u00edch zem\u00edch by m\u011bli b\u00fdt monitorov\u00e1ni mnohem v\u00edce ne\u017e v minulosti, proto\u017ee jsou ob\u010dany n\u00e1roda, kter\u00fd vede agresivn\u00ed v\u00e1lku,\\&#8220; \u0159ekl<\/span><\/em><span>\u00a0Pavel.<\/span><\/p>\n<p><span style=\"font-size: 18pt;\"><strong>Tweet s orign\u00e1ln\u00edm videem, kde o tom \u010desk\u00fd prezident Pavel mluvil v angli\u010dtin\u011b si m\u016f\u017eete prohl\u00e9dnout zde:<\/strong><\/span><\/p>\n<div class=\"twitter-tweet twitter-tweet-rendered\"><iframe id=\"twitter-widget-0\" class=\"\" title=\"Twitter Tweet\" src=\"https:\/\/platform.twitter.com\/embed\/Tweet.html?dnt=false&amp;embedId=twitter-widget-0&amp;features=eyJ0ZndfdGltZWxpbmVfbGlzdCI6eyJidWNrZXQiOltdLCJ2ZXJzaW9uIjpudWxsfSwidGZ3X2ZvbGxvd2VyX2NvdW50X3N1bnNldCI6eyJidWNrZXQiOnRydWUsInZlcnNpb24iOm51bGx9LCJ0ZndfdHdlZXRfZWRpdF9iYWNrZW5kIjp7ImJ1Y2tldCI6Im9uIiwidmVyc2lvbiI6bnVsbH0sInRmd19yZWZzcmNfc2Vzc2lvbiI6eyJidWNrZXQiOiJvbiIsInZlcnNpb24iOm51bGx9LCJ0ZndfZm9zbnJfc29mdF9pbnRlcnZlbnRpb25zX2VuYWJsZWQiOnsiYnVja2V0Ijoib24iLCJ2ZXJzaW9uIjpudWxsfSwidGZ3X21peGVkX21lZGlhXzE1ODk3Ijp7ImJ1Y2tldCI6InRyZWF0bWVudCIsInZlcnNpb24iOm51bGx9LCJ0ZndfZXhwZXJpbWVudHNfY29va2llX2V4cGlyYXRpb24iOnsiYnVja2V0IjoxMjA5NjAwLCJ2ZXJzaW9uIjpudWxsfSwidGZ3X3Nob3dfYmlyZHdhdGNoX3Bpdm90c19lbmFibGVkIjp7ImJ1Y2tldCI6Im9uIiwidmVyc2lvbiI6bnVsbH0sInRmd19kdXBsaWNhdGVfc2NyaWJlc190b19zZXR0aW5ncyI6eyJidWNrZXQiOiJvbiIsInZlcnNpb24iOm51bGx9LCJ0ZndfdXNlX3Byb2ZpbGVfaW1hZ2Vfc2hhcGVfZW5hYmxlZCI6eyJidWNrZXQiOiJvbiIsInZlcnNpb24iOm51bGx9LCJ0ZndfdmlkZW9faGxzX2R5bmFtaWNfbWFuaWZlc3RzXzE1MDgyIjp7ImJ1Y2tldCI6InRydWVfYml0cmF0ZSIsInZlcnNpb24iOm51bGx9LCJ0ZndfbGVnYWN5X3RpbWVsaW5lX3N1bnNldCI6eyJidWNrZXQiOnRydWUsInZlcnNpb24iOm51bGx9LCJ0ZndfdHdlZXRfZWRpdF9mcm9udGVuZCI6eyJidWNrZXQiOiJvbiIsInZlcnNpb24iOm51bGx9fQ%3D%3D&amp;frame=false&amp;hideCard=false&amp;hideThread=false&amp;id=1669431652731310106&amp;lang=cs&amp;origin=https%3A%2F%2Fwww.badatel.net%2Fcesky-prezident-vyzval-pozbierat-rusov-zijucich-v-europe-a-zavriet-ich-do-koncentracnych-taborov%2F&amp;sessionId=10184ac8e5f251c7516542466990913515ce33ae&amp;theme=light&amp;widgetsVersion=aaf4084522e3a%3A1674595607486&amp;width=550px\" frameborder=\"0\" scrolling=\"no\" allowfullscreen=\"allowfullscreen\" data-tweet-id=\"1669431652731310106\" data-mce-fragment=\"1\"><\/iframe><\/div>\n<p><span style=\"font-size: 18pt;\"><strong>P\u0159eklad tweetu do \u010de\u0161tiny:<\/strong><\/span><\/p>\n<p><em><span>\u201eOby\u010dejn\u00fd evropsk\u00fd nacista.\u00a0\u010cesk\u00fd prezident Petr Pavel vyzval k um\u00edst\u011bn\u00ed Rus\u016f \u017eij\u00edc\u00edch v Evrop\u011b do koncentra\u010dn\u00edch t\u00e1bor\u016f.\u00a0Jako p\u0159\u00edklad uvedl situaci v USA b\u011bhem 2. sv\u011btov\u00e9 v\u00e1lky, kde bylo 120 tis\u00edc Japonc\u016f um\u00edst\u011bno do koncentra\u010dn\u00edch t\u00e1bor\u016f\u2026\u00a0<\/span><a href=\"https:\/\/pic.twitter.com\/kw0MTvuhPs\" target=\"_blank\" rel=\"noopener\"><span>pic.twitter.com\/kw0MTvuhPs<\/span><\/a><span> \u2013 Victor vicktop55 (@vicktop55) 15. \u010dervna 2023\u201c<\/span><\/em><\/p>\n<p><span style=\"font-size: 18pt;\"><strong>\u010cl\u00e1nek v\u00a0<a href=\"https:\/\/www.themoscowtimes.com\/2023\/06\/15\/czech-leader-says-russians-abroad-should-be-monitored-a81525\" target=\"_blank\" rel=\"noopener\">Moscow Times<\/a>\u00a0uv\u00e1d\u00ed:<\/strong><\/span><\/p>\n<p><span>\u010cesk\u00fd prezident Pavel \u0159ekl, \u017ee situace je podobn\u00e1 Druh\u00e9 sv\u011btov\u00e9 v\u00e1lce, kdy v\u00edce ne\u017e 100 000 americk\u00fdch ob\u010dan\u016f, potomk\u016f Japonc\u016f ve Spojen\u00fdch st\u00e1tech, bylo pod \u201ep\u0159\u00edsn\u00fdm monitorovac\u00edm re\u017eimem\u201c, proto\u017ee byli um\u00edst\u011bni v m\u00edstn\u00edch interna\u010dn\u00edch t\u00e1borech.<\/span><\/p>\n<p><span>Pavel, kter\u00fd v dubnu nav\u0161t\u00edvil v\u00e1lkou zni\u010denou Ukrajinu, tak\u00e9 uvedl, \u017ee o\u010dek\u00e1v\u00e1, \u017ee \u010dervencov\u00fd summit NATO ve Vilniusu vyj\u00e1d\u0159\u00ed jasnou podporu \u010dlenstv\u00ed Kyjeva v alianci.<\/span><\/p>\n<p><em><span>\u201ePevn\u011b \u200b\u200bv\u011b\u0159\u00edm, \u017ee v\u0161ichni l\u00edd\u0159i pochop\u00ed, \u017ee m\u00edt Ukrajinu na palub\u011b \u2013 v NATO i EU \u2013 je pravd\u011bpodobn\u011b jedinou z\u00e1rukou, jak zajistit stabilitu v tomto regionu, jak pos\u00edlit NATO i EU a jak dr\u017eet Rusko a jeho agresivn\u00ed politiku na uzd\u011b,\u201c<\/span><\/em><span>\u00a0\u0159ekl \u010desk\u00fd prezident.<\/span><\/p>\n<p><em><span>\\&#8220;Vid\u00edm, \u017ee n\u011bkolik zem\u00ed se dohodlo na dlouhodob\u00e9m pl\u00e1nu podpory Ukrajin\u011b, kter\u00fd nebude zalo\u017een na jednor\u00e1zov\u00fdch p\u0159\u00edsp\u011bvc\u00edch, ale na pe\u010dliv\u011b napl\u00e1novan\u00e9m dlouhodob\u00e9m postupu,\\&#8220;<\/span><\/em><span>\u00a0dodal.<\/span><\/p>\n<p><span>\u010cesk\u00e1 republika, \u010dlen NATO a EU s 10,8 miliony obyvateli, poskytla Kyjevu od rusk\u00e9 invaze zna\u010dnou humanit\u00e1rn\u00ed a vojenskou pomoc.\u00a0P\u0159ijalo tak\u00e9 t\u00e9m\u011b\u0159 p\u016fl milionu v\u00e1le\u010dn\u00fdch uprchl\u00edk\u016f z Ukrajiny.<\/span><\/p>\n<p><span>Autor: Baxter Dmitrij,\u00a0<\/span><a href=\"https:\/\/thepeoplesvoice.tv\/czech-president-calls-for-russian-civilians-to-be-rounded-up-thrown-in-concentration-camps\/\" target=\"_blank\" rel=\"noopener\"><span>thepeoplesvoice.tv<\/span><\/a><span>\u00a0<\/span><\/p>\n<p>&nbsp;<\/p>\n<p><a href=\"https:\/\/stranapro.cz\/\"><img decoding=\"async\" loading=\"lazy\" class=\"wp-image-30218 aligncenter\" src=\"http:\/\/www.infokuryr.cz\/n\/wp-content\/uploads\/2023\/06\/PRO-banner-300x36.png\" alt=\"\" width=\"1375\" height=\"165\" srcset=\"https:\/\/www.infokuryr.cz\/n\/wp-content\/uploads\/2023\/06\/PRO-banner-300x36.png 300w, https:\/\/www.infokuryr.cz\/n\/wp-content\/uploads\/2023\/06\/PRO-banner-768x93.png 768w, https:\/\/www.infokuryr.cz\/n\/wp-content\/uploads\/2023\/06\/PRO-banner.png 849w\" sizes=\"(max-width: 1375px) 100vw, 1375px\" \/><\/a><\/p>\n<p>&nbsp;<\/p>\n<p>&nbsp;<\/p>\n<p>&nbsp;<\/p>\n","protected":false},"excerpt":{"rendered":"<p>\u010cesk\u00fd prezident Petr Pavel vyzval, aby byli Rusov\u00e9 \u017eij\u00edc\u00ed v zahrani\u010d\u00ed, zejm\u00e9na v z\u00e1padn\u00edch zem\u00edch,&#8230;<\/p>\n","protected":false},"author":2,"featured_media":17335,"comment_status":"closed","ping_status":"closed","sticky":false,"template":"","format":"standard","meta":[],"categories":[6],"tags":[455,1173,805,40,1668],"_links":{"self":[{"href":"https:\/\/www.infokuryr.cz\/n\/wp-json\/wp\/v2\/posts\/30419"}],"collection":[{"href":"https:\/\/www.infokuryr.cz\/n\/wp-json\/wp\/v2\/posts"}],"about":[{"href":"https:\/\/www.infokuryr.cz\/n\/wp-json\/wp\/v2\/types\/post"}],"author":[{"embeddable":true,"href":"https:\/\/www.infokuryr.cz\/n\/wp-json\/wp\/v2\/users\/2"}],"replies":[{"embeddable":true,"href":"https:\/\/www.infokuryr.cz\/n\/wp-json\/wp\/v2\/comments?post=30419"}],"version-history":[{"count":0,"href":"https:\/\/www.infokuryr.cz\/n\/wp-json\/wp\/v2\/posts\/30419\/revisions"}],"wp:featuredmedia":[{"embeddable":true,"href":"https:\/\/www.infokuryr.cz\/n\/wp-json\/wp\/v2\/media\/17335"}],"wp:attachment":[{"href":"https:\/\/www.infokuryr.cz\/n\/wp-json\/wp\/v2\/media?parent=30419"}],"wp:term":[{"taxonomy":"category","embeddable":true,"href":"https:\/\/www.infokuryr.cz\/n\/wp-json\/wp\/v2\/categories?post=30419"},{"taxonomy":"post_tag","embeddable":true,"href":"https:\/\/www.infokuryr.cz\/n\/wp-json\/wp\/v2\/tags?post=30419"}],"curies":[{"name":"wp","href":"https:\/\/api.w.org\/{rel}","templated":true}]}}