{"id":30368,"date":"2023-06-17T06:55:17","date_gmt":"2023-06-17T04:55:17","guid":{"rendered":"http:\/\/www.infokuryr.cz\/n\/?p=30368"},"modified":"2023-06-17T06:55:17","modified_gmt":"2023-06-17T04:55:17","slug":"michael-svatos-polsko-vyhlasuje-referendum-proti-rakusanove-dohode-o-relokaci-imigrantu","status":"publish","type":"post","link":"https:\/\/www.infokuryr.cz\/n\/2023\/06\/17\/michael-svatos-polsko-vyhlasuje-referendum-proti-rakusanove-dohode-o-relokaci-imigrantu\/","title":{"rendered":"Michael Svato\u0161: Polsko vyhla\u0161uje referendum proti Raku\u0161anov\u011b dohod\u011b o relokaci imigrant\u016f!!"},"content":{"rendered":"<div id=\"fb-root\"><\/div>\n<p><span style=\"font-size: 18pt;\"><strong>Polsko vyhla\u0161uje referendum proti Raku\u0161anov\u011b dohod\u011b o relokaci imigrant\u016f!! \u0160\u00e9f norsk\u00e9 policie ozna\u010dil liber\u00e1ln\u00ed imigraci za p\u0159\u00ed\u010dinu dramatick\u00e9ho r\u016fstu vra\u017ed, zn\u00e1siln\u011bn\u00ed a kriminality! Imigrantsk\u00e9 krimin\u00e1ln\u00ed gangy pr\u00fd jen doj\u00ed soci\u00e1ln\u00ed syst\u00e9my zem\u00ed EU!<\/strong><\/span><\/p>\n<p>Fial\u016fv pov\u011b\u0159enec pro destabilizaci bezpe\u010dnosti \u010cesk\u00e9 republiky, ministr Raku\u0161an, (STAN), podepsal za vl\u00e1du s Bruselem hanebnou dohodu o relokaci neleg\u00e1ln\u00edch imigrant\u016f do \u010cR, a to v dob\u011b, kdy cel\u00e1 Evropa \u00fap\u00ed pod st\u00e1le rostouc\u00ed, a st\u00e1le brut\u00e1ln\u011bj\u0161\u00ed n\u00e1silnou trestnou \u010dinnost\u00ed imigrant\u016f. \u010cerstv\u011b jmenovan\u00fd \u0161\u00e9f norsk\u00e9 imigra\u010dn\u00ed policie Arne J\u00f8rgen Olafsen, b\u00fdval\u00fd \u010dlen norsk\u00e9 tajn\u00e9 slu\u017eby,\u00a0<a href=\"https:\/\/samnytt.se\/polischef-pekar-ut-massinvandringen-som-orsak-till-valdet\/\">p\u0159edev\u010d\u00edrem natvrdo p\u0159iznal<\/a>,\u00a0<em>\u017ee liber\u00e1ln\u00ed azylov\u00e1 imigrace do Evropy je p\u0159\u00ed\u010dinou rostouc\u00ed kriminality<\/em>. Podle Olafsena\u00a0<em>je nyn\u00ed ve \u0160v\u00e9dsku nejv\u00edce vra\u017ed a p\u0159est\u0159elek v Evrop\u011b pr\u00e1v\u011b proto, \u017ee \u0160v\u00e9dsko cel\u00e9 desetilet\u00ed benevolentn\u011b p\u0159ij\u00edmalo imigranty.<\/em>\u00a0Podle Olafsena\u00a0<em>organizovan\u00e9 imigrantsk\u00e9 krimin\u00e1ln\u00ed gangy jen doj\u00ed syst\u00e9my st\u00e1tn\u00ed soci\u00e1ln\u00ed podpory, infiltruj\u00ed \u00fa\u0159ady a ve\u0159ejn\u011b prosp\u011b\u0161n\u00e9 instituce, a vytv\u00e1\u0159ej\u00ed paraleln\u00ed spole\u010dnost zcela neslu\u010ditelnou s evropskou kulturou. Norsk\u00e1 spole\u010dnost je nyn\u00ed vyd\u011b\u0161en\u00e1 masovou n\u00e1silnou kriminalitou ve \u0160v\u00e9dsku, ale norsk\u00fd st\u00e1t se u\u017e pou\u010dil z chyb \u0160v\u00e9dska, a bude r\u00e1zn\u011b vystupovat proti ne\u0159\u00edzen\u00e9, p\u0159\u00edsn\u011b nev\u00fdb\u011brov\u00e9 imigraci<\/em>. Aby bylo v\u0161em jasn\u00e9, \u017ee policistu Olafsena bychom m\u011bli hned s Norskem vym\u011bnit za Raku\u0161ana a v\u0161echny jeho liber\u00e1ln\u00ed imigra\u010dn\u00ed pomocn\u00edky. Budeme se v dne\u0161n\u00ed anal\u00fdze v\u011bnovat hrozb\u011b, kterou p\u0159edstavuj\u00ed imigranti pro zachov\u00e1n\u00ed \u017eivota ka\u017ed\u00e9ho \u010cecha, a hlavn\u011b v\u0161ech na\u0161ich d\u011bt\u00ed!<\/p>\n<p>Zat\u00edmco \u010desk\u00e9 fialov\u00e9 hradn\u00ed pometlo rad\u011bji ve\u0159ejn\u011b rozumuje, jak by nechalo \u0161piclovat ka\u017ed\u00e9ho Rusa, kter\u00fd do Evropy imigroval, by\u0165 p\u0159ed Putinem, ne\u017e aby \u0159e\u0161ilo nebezpe\u010d\u00ed, kter\u00e9 pro \u010cechy znamen\u00e1 Raku\u0161anova masov\u00e1 vnucen\u00e1 imigrace. Polsk\u00fd prezident vl\u00e1dnouc\u00ed strany PIS Jaros\u0142aw Kaczy\u0144ski u\u017e uk\u00e1zal, \u017ee je jin\u00e1 liga, a v\u010dera v polsk\u00e9m Sejmu ozn\u00e1mil,\u00a0<a href=\"https:\/\/wpolityce.pl\/polityka\/650980-referendum-ws-relokacji-kempa-najuczciwsze-rozwiazanie\">\u017ee Polsko zorganizuje referendum proti Raku\u0161anov\u011b imigra\u010dn\u00ed dohod\u011b!<\/a>\u00a0Proto\u017ee v Polsku plat\u00ed, \u017ee co Kaczy\u0144ski sl\u00edb\u00ed, se stane, m\u00e1 tak Brusel i Raku\u0161an probl\u00e9m. Vlivn\u00e1 polsk\u00e1 Europoslankyn\u011b\u00a0<a href=\"https:\/\/wpolityce.pl\/polityka\/650980-referendum-ws-relokacji-kempa-najuczciwsze-rozwiazanie\">Beata Kempa u\u017e prohl\u00e1sila<\/a>, \u017ee Kaczy\u0144sk\u00e9ho pl\u00e1n na Referendum proti Raku\u0161anov\u011b relokaci imigrant\u016f\u00a0<em>je f\u00e9rov\u00fd n\u00e1vrh pro v\u0161echny Pol\u00e1ky, a nav\u00edc\u00a0<a href=\"https:\/\/wpolityce.pl\/polityka\/650980-referendum-ws-relokacji-kempa-najuczciwsze-rozwiazanie\">v cel\u00e9 Evropsk\u00e9 unii neexistuje lep\u0161\u00ed mand\u00e1t ne\u017e ten, kter\u00fd vypl\u00fdv\u00e1 z referenda proveden\u00e9ho mezi ob\u010dany<\/a>\u00a0velk\u00e9ho \u010dlensk\u00e9ho st\u00e1tu<\/em>! Podle Kempy\u00a0<em>My\u0161lenka relokace uprchl\u00edk\u016f, kter\u00e1 fungovala je\u0161t\u011b p\u0159ed p\u00e1r lety, prakticky dnes ozn\u00e1men\u00edm referenda zkolabovala<\/em>. Podle Kempy,\u00a0<em>vymyslel Brusel vyn\u00e1lezem Raku\u0161anovy relokace uprchl\u00edk\u016f pr\u00e1vn\u00ed kli\u010dku a bude s n\u00ed brzy vyhro\u017eovat t\u011bm zem\u00edm, kter\u00e9 nebudou souhlasit s p\u0159em\u00eds\u0165ov\u00e1n\u00edm imigrant\u016f na sv\u00e9 \u00fazem\u00ed \u2013 \u017ee nerespektuj\u00ed lidsk\u00e1 a ob\u010dansk\u00e1 pr\u00e1va, a proto na n\u011b budou znovu a znovu uplat\u0148ov\u00e1ny r\u016fzn\u00e9 druhy omezen\u00ed<\/em>, jako jsou odebr\u00e1n\u00ed evropsk\u00fdch dotac\u00ed, pokuty, pen\u00e1le, a odeb\u00edr\u00e1n\u00ed hlasovac\u00edch pr\u00e1v v EU.<\/p>\n<p>\u00dastava \u010cR p\u0159edpokl\u00e1d\u00e1 v \u010dl\u00e1nku 2, odstavec 2 vykon\u00e1n\u00ed referenda slovy:\u00a0<a href=\"http:\/\/zakony.centrum.cz\/ustava-ceske-republiky\/hlava-1-clanek-2\"><em>\u00dastavn\u00ed z\u00e1kon m\u016f\u017ee stanovit, kdy lid vykon\u00e1v\u00e1 st\u00e1tn\u00ed moc p\u0159\u00edmo<\/em><\/a>. K proveden\u00ed referenda o Raku\u0161anov\u011b dohod\u011b o relokaci imigrant\u016f tak sta\u010d\u00ed pouze schv\u00e1lit \u00fastavn\u00ed z\u00e1kon, kter\u00fd takov\u00e9to referendum vyhl\u00e1s\u00ed. Nedovedu si p\u0159edstavit, \u017ee by Fialov\u00e1 vl\u00e1dn\u00ed parta, referendum na \u017e\u00e1dost opozi\u010dn\u00edch politick\u00fdch stran podpo\u0159enou demonstracemi nevyhl\u00e1sila, kdy\u017e Referendum vyhl\u00e1s\u00ed v sousedn\u00edm Polsku! Sta\u010d\u00ed pouze, kdy\u017e se opozi\u010dn\u00ed s\u00edly kone\u010dn\u011b jednou spoj\u00ed, pouze aby Referendum prosadily. Pro ODS,\u00a0<a href=\"https:\/\/ecrgroup.eu\/ecr\/country\/czech_republic\">kter\u00e1 je od zakl\u00e1daj\u00edc\u00edho sjezdu v Praze \u010dlenem Euro-koalice ECR spole\u010dn\u011b se stranou Jaros\u0142awa Kaczy\u0144sk\u00e9ho PiS<\/a>\u00a0je polsk\u00e9 referendum o Raku\u0161anov\u011b imigraci fundament\u00e1ln\u00ed ot\u00e1zka. Bu\u010f referendum v Parlamentu a v Sen\u00e1tu s pomoc\u00ed Lidovc\u016f a opozice prosad\u00ed, a nebo se m\u016f\u017ee rovnou p\u0159ihl\u00e1sit do n\u011bjak\u00e9ho spolku bruselsk\u00fdch levi\u010d\u00e1k\u016f, nejl\u00e9pe k Pir\u00e1t\u016fm, a v p\u0159\u00ed\u0161t\u00edch volb\u00e1ch zapomenout na \u00fasp\u011bch, a skon\u010dit jako \u010cSSD.<\/p>\n<p><a href=\"https:\/\/stranapro.cz\/\"><img decoding=\"async\" loading=\"lazy\" class=\"wp-image-30218 aligncenter\" src=\"http:\/\/www.infokuryr.cz\/n\/wp-content\/uploads\/2023\/06\/PRO-banner-300x36.png\" alt=\"\" width=\"1375\" height=\"165\" srcset=\"https:\/\/www.infokuryr.cz\/n\/wp-content\/uploads\/2023\/06\/PRO-banner-300x36.png 300w, https:\/\/www.infokuryr.cz\/n\/wp-content\/uploads\/2023\/06\/PRO-banner-768x93.png 768w, https:\/\/www.infokuryr.cz\/n\/wp-content\/uploads\/2023\/06\/PRO-banner.png 849w\" sizes=\"(max-width: 1375px) 100vw, 1375px\" \/><\/a><\/p>\n<p><span style=\"font-size: 14pt;\"><strong>Aby bylo jasno. P\u00e1r p\u0159\u00edklad\u016f z posledn\u00edch dn\u00ed, jak v Evrop\u011b \u0159\u00e1d\u00ed krimin\u00e1ln\u00edci, kter\u00fdm liber\u00e1lov\u00e9 jako Raku\u0161an u\u017e poskytli uprchlick\u00fd azyl.<\/strong><\/span><\/p>\n<ol>\n<li>\u00dater\u00fd 6. \u010derven \u2013 Innsbruck, Rakousko \u2013\u00a0<a href=\"https:\/\/www.rosenheim24.de\/rosenheim\/inntal\/innsbruck-junge-13-schlaegt-mann-39-ins-kuenstliche-koma-92333681.html\">13 let\u00fd Afg\u00e1nec brut\u00e1ln\u011b zml\u00e1til v nemocnici 39 let\u00e9ho Raku\u0161ana. Ten je od t\u00e9 doby v um\u011bl\u00e9m sp\u00e1nku<\/a>.<\/li>\n<li>\u00dater\u00fd 6. \u010derven \u2013 Dortmund, N\u011bmecko \u2013 \u010cty\u0159i mu\u017ei,<a href=\"https:\/\/www.derwesten.de\/staedte\/dortmund\/dortmund-news-polizei-stadtbahn-b-id300549320.html\">\u00a0podle policejn\u00edho popisu, \u010dern\u00e9 barvy k\u016f\u017ee<\/a>, p\u0159epadli dv\u011b d\u00edvky, 11 a 14 let v m\u011bstsk\u00e9 tramvaji a pokou\u0161eli se je vysvl\u00e9ct do naha. Dva mu\u017ei cestuj\u00edc\u00ed v tramvaji p\u0159i\u0161li d\u00edvk\u00e1m na pomoc, ale byli pachateli napadeni. P\u0159ed p\u0159\u00edjezdem policie \u010dern\u00ed mu\u017ei utekli.<\/li>\n<li>\u00dater\u00fd 6. \u010derven \u2013 Forli, It\u00e1lie \u2013 T\u0159i syr\u0161t\u00ed imigranti se ve 20 hodin ve\u010der uprost\u0159ed m\u011bsta porvali sekerami. Vyd\u011b\u0161en\u00ed Italov\u00e9 prchali.\u00a0<a href=\"https:\/\/tg24.sky.it\/cronaca\/2023\/06\/09\/rissa-accetta-forli-video\">Video zde<\/a>.<\/li>\n<li>St\u0159eda 7. \u010derven \u2013 Stockholm, \u0160v\u00e9dsko \u2013 \u00a0<a href=\"https:\/\/samnytt.se\/knarkpaverkad-gangkriminell-korde-ihjal-cyklande-11-aring\/\">27let\u00fd zdrogovan\u00fd Ir\u00e1\u010dan Daniar Fouad Mohammed, imigrant z roku 2009, sv\u00fdm luxusn\u00edm autem brut\u00e1ln\u011b srazil a zabil 11 let\u00e9ho \u0161v\u00e9dsk\u00e9ho cyklistu<\/a>. Daniar je zn\u00e1m\u00e1 firma. \u0160\u00e9f drogov\u00e9ho gangu. Za vra\u017edy, p\u0159est\u0159elky, \u00fatoky na \u00fa\u0159edn\u00edky a drogov\u00e9 delikty byl u\u017e n\u011bkolikr\u00e1te odsouzen, ale odvolac\u00ed soud ho v\u017edy zprostil pro nedostatek d\u016fkaz\u016f! Vyho\u0161t\u011bn b\u00fdt nem\u016f\u017ee, proto\u017ee u\u017e po deseti m\u011bs\u00edc\u00edch sv\u00e9ho pobytu ve \u0160v\u00e9dsku z\u00edskal ob\u010danstv\u00ed!<\/li>\n<li>St\u0159eda 7. \u010derven \u2013 Br\u00e9my, N\u011bmecko \u2013\u00a0<a href=\"https:\/\/www.bild.de\/regional\/bremen\/bremen-aktuell\/bremen-neustadt-sek-stoppt-syrer-mit-doener-messer-84242836.bild.html\">30 let\u00fd Sy\u0159an ukradl ve st\u00e1nku na Kebab 45 cm dlouh\u00fd n\u016f\u017e, a rozeb\u011bhl se s n\u00edm p\u0159es most do centra m\u011bsta.<\/a>\u00a0Na konci mostu napadl no\u017eem policejn\u00ed hl\u00eddku, kter\u00e1 se ho pokusila zastavit a odzbrojit. Byl zne\u0161kodn\u011bn a\u017e s pomoc\u00ed elektrick\u00e9ho paralyz\u00e9ru.<\/li>\n<li>\u010ctvrtek 8.\u010derven \u2013 Annecy, Francie \u2013\u00a0<a href=\"https:\/\/news.sky.com\/story\/british-girl-3-stabbed-in-annecy-attack-is-named-as-ettie-turner-12900383\">Syrsk\u00fd imigrant no\u017eem pobodal v d\u011btsk\u00e9 \u0161kolce 4 d\u011bti a dva dosp\u011bl\u00e9, ne\u017e byl zpacifikov\u00e1n<\/a>.<\/li>\n<li>\u010ctvrtek 8. \u010derven \u2013 N\u011bmecko \u2013 Byl dopaden Eritrejec,\u00a0<a href=\"https:\/\/www.bild.de\/regional\/frankfurt\/frankfurt-aktuell\/zerstueckelter-rentner-polizei-nimmt-tatverdaechtigen-fest-84256310.bild.html\">kter\u00fd roz\u0159ezal 89 let\u00e9ho d\u016fchodce a \u010d\u00e1sti jeho t\u011bla v pytl\u00edch poschov\u00e1val na n\u011bkolika m\u00edstech<\/a>. Zavra\u017ed\u011bn\u00fd byl tak\u00e9 Erirejec.<\/li>\n<li>\u010ctvrtek 8. \u010derven \u2013 Pireus, \u0158ecko \u2013\u00a0<a href=\"https:\/\/greekcitytimes.com\/2023\/06\/08\/karate-expert-saves-greek-girl-from-attempted-rape-by-four-egyptians\/\">4 Egyp\u0165an\u00e9 p\u0159epadli 17 letou d\u00edvku na pl\u00e1\u017ei a pokou\u0161eli se j\u00ed zn\u00e1silnit.<\/a>\u00a0Na pomoc j\u00ed p\u0159ib\u011bhl 22 let\u00fd profesion\u00e1ln\u00ed boxer, kter\u00fd nedaleko tr\u00e9noval, a \u00fato\u010dn\u00edky zahnal. Na \u00fat\u011bku je dopadla policie.<\/li>\n<li>\u010ctvrtek 8.\u010derven \u2013 Frankfurt, N\u011bmecko \u2013<a href=\"https:\/\/twitter.com\/jannibal_\/status\/1667977734444703752\">\u00a04 Afg\u00e1nci s no\u017ei<\/a>\u00a0napadli na n\u00e1dra\u017e\u00ed 17 let\u00e9ho chlapce.<\/li>\n<li>P\u00e1tek 9.\u010derven \u2013 Chaponost, Francie \u2013 Imigrant z Mali p\u0159epadl policistku, kdy\u017e ven\u010dila sv\u00e9 psy. Povalil j\u00ed a sna\u017eil se j\u00ed zn\u00e1silnit. K\u0159ik ob\u011bti zaslechl soused a \u00fato\u010dn\u00edka zahnal. U soudu Malijec nakonec \u0159ekl \u017ee,\u00a0<a href=\"https:\/\/www.lyonmag.com\/article\/130505\/chaponost-un-malien-agresse-sexuellement-une-policiere-municipale-4-ans-de-prison-ferme\">\u017eenu zn\u00e1sil\u0148oval, aby j\u00ed poskytl rozko\u0161. A\u0165 mu u\u017e daj\u00ed pokoj, proto\u017ee j\u00ed p\u0159eci nezabil<\/a>.<\/li>\n<li>P\u00e1tek 9. \u010derven \u2013 Steinau, N\u011bmecko \u2013 32 let\u00e1 matka dvou dcer \u017eij\u00edc\u00ed na ubytovn\u011b pro uprchl\u00edky<a href=\"https:\/\/www.bild.de\/regional\/frankfurt\/frankfurt-aktuell\/hessen-frau-32-in-fluechtlings-unterkunft-mit-messer-getoetet-84260280.bild.html\">\u00a0byla brut\u00e1ln\u011b ubod\u00e1na dal\u0161\u00edm uprchl\u00edkem<\/a>.<\/li>\n<li>P\u00e1tek 9. \u010derven \u2013 S\u00e9zanne, Francie \u2013 Speci\u00e1ln\u00ed z\u00e1sahov\u00e1 jednotka policie musela n\u011bkolik hodin\u00a0<a href=\"https:\/\/www.lunion.fr\/id492331\/article\/2023-06-09\/intervention-musclee-depuis-le-debut-dapres-midi-rue-aristide-briand-sezanne\">norovat z komun\u00e1ln\u00edho ubytov\u00e1n\u00ed Som\u00e1lce a Sy\u0159any, kte\u0159\u00ed se porvali na no\u017ee<\/a>, a pak se jeden z nich opevnil v byt\u011b. Obyvatel\u00e9 okoln\u00edch dom\u016f si pravideln\u011b zt\u011b\u017euj\u00ed na neust\u00e1l\u00e9 rva\u010dky v tomto za\u0159\u00edzen\u00ed pro imigranty.<\/li>\n<li>P\u00e1tek 9. \u010derven \u2013 Neapol, It\u00e1lie \u2013\u00a0<a href=\"https:\/\/twitter.com\/jannibal_\/status\/1667977736072183809?s=61&amp;t=4jepgfhNqSEmE6aX1xt0sQ\">N\u011bkolik Sy\u0159an\u016f, Ir\u00e1\u010dan\u016f a Afg\u00e1nec se pokusili un\u00e9st tureckou lo\u010f.<\/a><\/li>\n<\/ol>\n<p>Co \u0159\u00edci z\u00e1v\u011brem \u2013 A\u0165 rozhodne o Raku\u0161anov\u011b dohod\u011b Referendum, je u\u017e nejvy\u0161\u0161\u00ed \u010das, aby byl v \u010cesku kone\u010dn\u011b p\u0159ijat z\u00e1kon o referendu. Douf\u00e1m proto, \u017ee se opozice spoj\u00ed. Snad ne marn\u011b.<\/p>\n<p><a href=\"https:\/\/www.michalapetr.com\/map-1706-polsko-vyhlasuje-referendum-proti-rakusanove-dohode-o-relokaci-imigrantu-sef-norske-policie-oznacil-liberalni-imigraci-za-pricinu-dramatickeho-rustu-vrazd-znasilneni-a-kriminality-imigran\/\">Michael Svato\u0161<\/a><\/p>\n<p><img decoding=\"async\" loading=\"lazy\" class=\"alignnone size-full wp-image-27204\" src=\"http:\/\/www.infokuryr.cz\/n\/wp-content\/uploads\/2023\/05\/Michael_Svatos.png\" alt=\"\" width=\"180\" height=\"180\" srcset=\"https:\/\/www.infokuryr.cz\/n\/wp-content\/uploads\/2023\/05\/Michael_Svatos.png 180w, https:\/\/www.infokuryr.cz\/n\/wp-content\/uploads\/2023\/05\/Michael_Svatos-150x150.png 150w\" sizes=\"(max-width: 180px) 100vw, 180px\" \/><\/p>\n<p>&nbsp;<\/p>\n<p><a href=\"https:\/\/stranapro.cz\/\"><img decoding=\"async\" loading=\"lazy\" class=\"wp-image-30218 aligncenter\" src=\"http:\/\/www.infokuryr.cz\/n\/wp-content\/uploads\/2023\/06\/PRO-banner-300x36.png\" alt=\"\" width=\"1358\" height=\"163\" srcset=\"https:\/\/www.infokuryr.cz\/n\/wp-content\/uploads\/2023\/06\/PRO-banner-300x36.png 300w, https:\/\/www.infokuryr.cz\/n\/wp-content\/uploads\/2023\/06\/PRO-banner-768x93.png 768w, https:\/\/www.infokuryr.cz\/n\/wp-content\/uploads\/2023\/06\/PRO-banner.png 849w\" sizes=\"(max-width: 1358px) 100vw, 1358px\" \/><\/a><\/p>\n<p>&nbsp;<\/p>\n<p>&nbsp;<\/p>\n","protected":false},"excerpt":{"rendered":"<p>Polsko vyhla\u0161uje referendum proti Raku\u0161anov\u011b dohod\u011b o relokaci imigrant\u016f!! \u0160\u00e9f norsk\u00e9 policie ozna\u010dil liber\u00e1ln\u00ed imigraci&#8230;<\/p>\n","protected":false},"author":2,"featured_media":1724,"comment_status":"closed","ping_status":"closed","sticky":false,"template":"","format":"standard","meta":[],"categories":[6],"tags":[119,369,535,1483,99],"_links":{"self":[{"href":"https:\/\/www.infokuryr.cz\/n\/wp-json\/wp\/v2\/posts\/30368"}],"collection":[{"href":"https:\/\/www.infokuryr.cz\/n\/wp-json\/wp\/v2\/posts"}],"about":[{"href":"https:\/\/www.infokuryr.cz\/n\/wp-json\/wp\/v2\/types\/post"}],"author":[{"embeddable":true,"href":"https:\/\/www.infokuryr.cz\/n\/wp-json\/wp\/v2\/users\/2"}],"replies":[{"embeddable":true,"href":"https:\/\/www.infokuryr.cz\/n\/wp-json\/wp\/v2\/comments?post=30368"}],"version-history":[{"count":0,"href":"https:\/\/www.infokuryr.cz\/n\/wp-json\/wp\/v2\/posts\/30368\/revisions"}],"wp:featuredmedia":[{"embeddable":true,"href":"https:\/\/www.infokuryr.cz\/n\/wp-json\/wp\/v2\/media\/1724"}],"wp:attachment":[{"href":"https:\/\/www.infokuryr.cz\/n\/wp-json\/wp\/v2\/media?parent=30368"}],"wp:term":[{"taxonomy":"category","embeddable":true,"href":"https:\/\/www.infokuryr.cz\/n\/wp-json\/wp\/v2\/categories?post=30368"},{"taxonomy":"post_tag","embeddable":true,"href":"https:\/\/www.infokuryr.cz\/n\/wp-json\/wp\/v2\/tags?post=30368"}],"curies":[{"name":"wp","href":"https:\/\/api.w.org\/{rel}","templated":true}]}}