{"id":30364,"date":"2023-06-17T06:41:32","date_gmt":"2023-06-17T04:41:32","guid":{"rendered":"http:\/\/www.infokuryr.cz\/n\/?p=30364"},"modified":"2023-06-17T06:41:32","modified_gmt":"2023-06-17T04:41:32","slug":"toto-je-narodni-krize-japonsko-naridilo-vysetrovani-covidovych-vakcin-kvuli-explozi-nadmernych-umrti","status":"publish","type":"post","link":"https:\/\/www.infokuryr.cz\/n\/2023\/06\/17\/toto-je-narodni-krize-japonsko-naridilo-vysetrovani-covidovych-vakcin-kvuli-explozi-nadmernych-umrti\/","title":{"rendered":"\u201eToto je n\u00e1rodn\u00ed krize\u201c: Japonsko na\u0159\u00eddilo vy\u0161et\u0159ov\u00e1n\u00ed covidov\u00fdch vakc\u00edn kv\u016fli explozi nadm\u011brn\u00fdch \u00famrt\u00ed"},"content":{"rendered":"<div id=\"fb-root\"><\/div>\n<p><strong>M\u00e1me tu dal\u0161\u00ed p\u0159\u00edpad v\u010derej\u0161\u00ed konspira\u010dn\u00ed teorie, kter\u00e1 se stala dne\u0161n\u00ed skute\u010dnost\u00ed.\u00a0Mainstreamov\u00e1 m\u00e9dia kone\u010dn\u011b informuj\u00ed o tom, co jsme my celou dobu v\u011bd\u011bli a o \u010dem jsme i nahlas mluvili.<\/strong><\/p>\n<p><span>Biden, Fauci a Gates (u n\u00e1s Mikas, \u010caputov\u00e1 a Heger) n\u00e1m vypr\u00e1v\u011bli dezinformace.\u00a0Pro neo\u010dkovan\u00e9 neexistovala \u017e\u00e1dn\u00e1 \u201ezima t\u011b\u017ek\u00e9ho pr\u016fb\u011bhu onemocn\u011bn\u00ed a smrti\u201c.\u00a0Ve skute\u010dnosti \u0161lo o pandemii o\u010dkovan\u00fdch.<\/span><\/p>\n<p><span>Podle nov\u00fdch \u00fadaj\u016f vzrostl v Japonsku od uveden\u00ed t\u0159et\u00ed \u201eposilovac\u00ed d\u00e1vky\u201c od spole\u010dnosti Pfizer loni nadm\u011brn\u00fd po\u010det \u00famrt\u00ed o neuv\u011b\u0159iteln\u00fdch 400%.<\/span><\/p>\n<p><em><span>\u201eNadm\u011brn\u00e1 \u00famrt\u00ed byla p\u0159ibli\u017en\u011b \u010dty\u0159ikr\u00e1t vy\u0161\u0161\u00ed ne\u017e v letech 2017, 2018, 2019 a 2021,\u201c<\/span><\/em><span>\u00a0uv\u00e1d\u00ed se ve\u00a0<\/span><a href=\"https:\/\/expose-news.com\/2023\/01\/03\/japans-excess-deaths-4x-higher-after-pfizer-booster\/\" target=\"_blank\" rel=\"noopener\"><span>zpr\u00e1v\u011b<\/span><\/a><span>\u00a0port\u00e1lu The Expos\u00e9.<\/span><\/p>\n<p><span>Statistiky ot\u0159\u00e1sly cel\u00fdm establi\u0161mentem v Japonsku.\u00a0Za\u010dalo proto ofici\u00e1ln\u00ed vy\u0161et\u0159ov\u00e1n\u00ed a pracuje se na \u017ealob\u00e1ch.<\/span><\/p>\n<p><em><span>\u201eDnes jsme podali \u017ealobu na japonskou vl\u00e1du za zru\u0161en\u00ed administrativn\u00edho \u0159\u00edzen\u00ed,\u201c<\/span><\/em><span>\u00a0ozn\u00e1mil Dr.\u00a0Masanori Fukushima b\u011bhem tiskov\u00e9 konference.<\/span><\/p>\n<p><span>Jeliko\u017e japonsk\u00e9 ministerstvo zdravotnictv\u00ed odm\u00edt\u00e1 uznat p\u0159\u00ed\u010dinnou souvislost mezi vakc\u00ednami a \u00famrt\u00edmi, profesor Fuku\u0161ima a t\u00fdm v\u011bdc\u016f uvedli, \u017ee nem\u011bli jinou mo\u017enost, ne\u017e se odv\u00e1\u017eit podniknout pr\u00e1vn\u00ed kroky.<\/span><\/p>\n<p><a href=\"https:\/\/stranapro.cz\/\"><img decoding=\"async\" loading=\"lazy\" class=\"wp-image-30218 aligncenter\" src=\"http:\/\/www.infokuryr.cz\/n\/wp-content\/uploads\/2023\/06\/PRO-banner-300x36.png\" alt=\"\" width=\"1367\" height=\"164\" srcset=\"https:\/\/www.infokuryr.cz\/n\/wp-content\/uploads\/2023\/06\/PRO-banner-300x36.png 300w, https:\/\/www.infokuryr.cz\/n\/wp-content\/uploads\/2023\/06\/PRO-banner-768x93.png 768w, https:\/\/www.infokuryr.cz\/n\/wp-content\/uploads\/2023\/06\/PRO-banner.png 849w\" sizes=\"(max-width: 1367px) 100vw, 1367px\" \/><\/a><\/p>\n<p><span>Dr.\u00a0Masanori Fukushima je odborn\u00edk na infek\u010dn\u00ed choroby a emeritn\u00ed profesor na Kj\u00f3tsk\u00e9 univerzit\u011b s v\u00edce ne\u017e 25let\u00fdmi zku\u0161enostmi v oblasti onkologie.\u00a0Profesor poukazuje na trhliny v tvrzen\u00edch o vakc\u00edn\u00e1ch a u\u017e koncem lo\u0148sk\u00e9ho roku ve\u0159ejn\u011b odsoudil japonsk\u00e9 ministerstvo zdravotnictv\u00ed.<\/span><\/p>\n<p><span>Ov\u011b\u0159ili jsme si u japonsk\u00e9ho p\u0159ekladatele p\u0159esnost n\u00e1sleduj\u00edc\u00edho textu z videop\u0159ekladu a zhodnotil ho jako \u201eve skute\u010dnosti docela dobr\u00fd\u201c:<\/span><\/p>\n<p><em><span>\u201eDnes je pro japonskou vl\u00e1du z\u00e1sadn\u011b d\u016fle\u017eit\u00e9 neust\u00e1le shroma\u017e\u010fovat a zve\u0159ej\u0148ovat p\u0159esn\u00e9 \u00fadaje,\u201c<\/span><\/em><span>\u00a0vyj\u00e1d\u0159il se profesor Fuku\u0161ima.<\/span><\/p>\n<p><em><span>\u201eByl jsem v\u0161ak sv\u011bdkem ned\u00e1vn\u00e9ho podvodn\u00e9ho skand\u00e1lu sp\u00e1chan\u00e9ho ministerstvem zdravotnictv\u00ed.\u00a0Uv\u011bdomil jsem si, \u017ee jde o historicky v\u00e1\u017en\u00fd probl\u00e9m, kter\u00fd ohro\u017euje samotnou existenci japonsk\u00e9ho n\u00e1roda,\u201c<\/span><\/em><span>\u00a0zd\u016fraznil.<\/span><\/p>\n<p><em><span>\u201eJako l\u00e9ka\u0159 a v\u011bdec jsem nem\u011bl jinou mo\u017enost, jen se odv\u00e1\u017eit podniknout pr\u00e1vn\u00ed kroky.\u201c<\/span><\/em><\/p>\n<p><span>Dr.\u00a0Fukushima pokra\u010duje a vysv\u011btluje d\u016fle\u017eitost \u010destn\u00e9ho zve\u0159ej\u0148ov\u00e1n\u00ed \u00fadaj\u016f o ve\u0159ejn\u00e9m zdrav\u00ed:<\/span><\/p>\n<p><em><span>\u201eNet\u0159eba dod\u00e1vat, \u017ee je naprosto d\u016fle\u017eit\u00e9 zve\u0159ej\u0148ovat re\u00e1ln\u00e9 \u00fadaje o \u00fa\u010dinnosti a bezpe\u010dnosti o\u010dkov\u00e1n\u00ed proti Covid-19.\u00a0Je to proto, \u017ee takov\u00e9 \u00fadaje p\u0159\u00edmo souvisej\u00ed se zdravotn\u00ed p\u00e9\u010d\u00ed, \u017eivobyt\u00edm a ekonomikou lid\u00ed.<\/span><\/em><\/p>\n<p><em><span>Proto se domn\u00edv\u00e1m, \u017ee japonsk\u00e1 vl\u00e1da, tedy ministerstvo zdravotnictv\u00ed, mus\u00ed tyto \u00fadaje \u0159\u00e1dn\u011b zve\u0159ejnit.\u201c<\/span><\/em><\/p>\n<p><span>Profesor Masanori Fukushima n\u00e1sledn\u011b rozeb\u00edr\u00e1 n\u011bkolik p\u0159ekvapiv\u00fdch \u00fadaj\u016f:<\/span><\/p>\n<p><em><span>\u201ePod\u00edvejte se na \u00fadaje pro v\u011bkov\u00e9 skupiny 65-69 a 70-79.\u00a0P\u0159ekvapiv\u011b je po\u010det nov\u00fdch infekc\u00ed nebo pozitivn\u00edch p\u0159\u00edpad\u016f na 100 000 lid\u00ed \u010dty\u0159ikr\u00e1t vy\u0161\u0161\u00ed u lid\u00ed, kte\u0159\u00ed byli o\u010dkov\u00e1ni dvakr\u00e1t ve srovn\u00e1n\u00ed s\u00a0<\/span><a href=\"https:\/\/www.badatel.net\/zaockovani-3-davkami-maju-teraz-az-5-nasobnu-sancu-nakazy-covidom-ako-neockovani\/\"><span>neo\u010dkovan\u00fdmi<\/span><\/a><span>\u00a0lidmi.<\/span><\/em><\/p>\n<p><em><span>Pod\u00edvejte se tak\u00e9 na \u00fadaje, kter\u00e9 poskytla poradn\u00ed rada v z\u00e1\u0159\u00ed 2021. \u00damrtnost neo\u010dkovan\u00fdch lid\u00ed a \u00famrtnost lid\u00ed s jednod\u00e1vkovou a dvoud\u00e1vkovou vakc\u00ednou byly uvedeny spr\u00e1vn\u011b.\u00a0Podle \u00fadaj\u016f o\u010dkov\u00e1n\u00ed skute\u010dn\u011b sn\u00ed\u017eilo \u00famrtnost osob nad 65 let.<\/span><\/em><\/p>\n<p><em><span>Pro v\u0161echny ostatn\u00ed v\u011bkov\u00e9 kategorie v\u0161ak o\u010dkov\u00e1n\u00ed prok\u00e1zalo opa\u010dn\u00fd \u00fa\u010dinek, kter\u00fd zp\u016fsobuje vy\u0161\u0161\u00ed \u00famrtnost.\u00a0Jde o paradoxn\u00ed jev,\u201c<\/span><\/em><span>\u00a0uvedl profesor.<\/span><\/p>\n<p><em><span>\u201eData o \u00famrtnosti byla nakonec zve\u0159ejn\u011bna v ofici\u00e1ln\u00edch dokumentech.\u00a0V lo\u0148sk\u00fdch \u00fadaj\u00edch v\u0161ak ministerstvo zdravotnictv\u00ed v\u0161echny tyto informace vymazalo,\u201c<\/span><\/em><span>\u00a0znechucen\u011b konstatuje doktor Fuku\u0161ima.<\/span><\/p>\n<p><em><span>\u201eVe skute\u010dnosti bylo o\u010dkov\u00e1n\u00ed doporu\u010deno s vysv\u011btlen\u00edm, \u017ee o\u010dkov\u00e1n\u00ed sice nezabr\u00e1n\u00ed infekci, ale zabr\u00e1n\u00ed z\u00e1va\u017en\u00fdm onemocn\u011bn\u00edm a sn\u00ed\u017e\u00ed \u00famrtnost.\u201c<\/span><\/em><\/p>\n<p><span>Doktor Fuku\u0161ima v\u0161ak na z\u00e1v\u011br kontruje:<\/span><\/p>\n<p><em><span>\u201eNa z\u00e1klad\u011b \u00fadaj\u016f zve\u0159ejn\u011bn\u00fdch Poradn\u00edm v\u00fdborem v z\u00e1\u0159\u00ed 2021 argumenty na doporu\u010den\u00ed o\u010dkov\u00e1n\u00ed pro v\u0161echny v\u011bkov\u00e9 kategorie ji\u017e neexistovaly.\u00a0P\u0159esto ministerstvo zdravotnictv\u00ed prosadilo pokra\u010dov\u00e1n\u00ed o\u010dkov\u00e1n\u00ed.\u201c<\/span><\/em><\/p>\n<p><span>Profesor Fuku\u0161ima proto pova\u017euje situaci za v\u00e1\u017enou n\u00e1rodn\u00ed krizi a rozhodl se v tuto chv\u00edli podat na vl\u00e1du \u017ealobu.<\/span><\/p>\n<p><span>Autor: Baxter Dmitrij, Zdroj:\u00a0<\/span><a href=\"https:\/\/thepeoplesvoice.tv\/this-is-a-national-crisis-japan-orders-investigation-into-covid-jabs-as-excess-deaths-skyrocket\/\" target=\"_blank\" rel=\"noopener\"><span>thepeoplesvoice.tv<\/span><\/a><span>\u00a0<\/span><\/p>\n<p>&nbsp;<\/p>\n<p><a href=\"https:\/\/stranapro.cz\/\"><img decoding=\"async\" loading=\"lazy\" class=\"wp-image-30218 aligncenter\" src=\"http:\/\/www.infokuryr.cz\/n\/wp-content\/uploads\/2023\/06\/PRO-banner-300x36.png\" alt=\"\" width=\"1383\" height=\"166\" srcset=\"https:\/\/www.infokuryr.cz\/n\/wp-content\/uploads\/2023\/06\/PRO-banner-300x36.png 300w, https:\/\/www.infokuryr.cz\/n\/wp-content\/uploads\/2023\/06\/PRO-banner-768x93.png 768w, https:\/\/www.infokuryr.cz\/n\/wp-content\/uploads\/2023\/06\/PRO-banner.png 849w\" sizes=\"(max-width: 1383px) 100vw, 1383px\" \/><\/a><\/p>\n<p>&nbsp;<\/p>\n<p>&nbsp;<\/p>\n","protected":false},"excerpt":{"rendered":"<p>M\u00e1me tu dal\u0161\u00ed p\u0159\u00edpad v\u010derej\u0161\u00ed konspira\u010dn\u00ed teorie, kter\u00e1 se stala dne\u0161n\u00ed skute\u010dnost\u00ed.\u00a0Mainstreamov\u00e1 m\u00e9dia kone\u010dn\u011b informuj\u00ed&#8230;<\/p>\n","protected":false},"author":2,"featured_media":16293,"comment_status":"closed","ping_status":"closed","sticky":false,"template":"","format":"standard","meta":[],"categories":[7],"tags":[105,523,651,1398],"_links":{"self":[{"href":"https:\/\/www.infokuryr.cz\/n\/wp-json\/wp\/v2\/posts\/30364"}],"collection":[{"href":"https:\/\/www.infokuryr.cz\/n\/wp-json\/wp\/v2\/posts"}],"about":[{"href":"https:\/\/www.infokuryr.cz\/n\/wp-json\/wp\/v2\/types\/post"}],"author":[{"embeddable":true,"href":"https:\/\/www.infokuryr.cz\/n\/wp-json\/wp\/v2\/users\/2"}],"replies":[{"embeddable":true,"href":"https:\/\/www.infokuryr.cz\/n\/wp-json\/wp\/v2\/comments?post=30364"}],"version-history":[{"count":0,"href":"https:\/\/www.infokuryr.cz\/n\/wp-json\/wp\/v2\/posts\/30364\/revisions"}],"wp:featuredmedia":[{"embeddable":true,"href":"https:\/\/www.infokuryr.cz\/n\/wp-json\/wp\/v2\/media\/16293"}],"wp:attachment":[{"href":"https:\/\/www.infokuryr.cz\/n\/wp-json\/wp\/v2\/media?parent=30364"}],"wp:term":[{"taxonomy":"category","embeddable":true,"href":"https:\/\/www.infokuryr.cz\/n\/wp-json\/wp\/v2\/categories?post=30364"},{"taxonomy":"post_tag","embeddable":true,"href":"https:\/\/www.infokuryr.cz\/n\/wp-json\/wp\/v2\/tags?post=30364"}],"curies":[{"name":"wp","href":"https:\/\/api.w.org\/{rel}","templated":true}]}}