{"id":30361,"date":"2023-06-17T05:39:56","date_gmt":"2023-06-17T03:39:56","guid":{"rendered":"http:\/\/www.infokuryr.cz\/n\/?p=30361"},"modified":"2023-06-17T05:39:56","modified_gmt":"2023-06-17T03:39:56","slug":"migranti-pro-cr-rakusan-nas-v-bruselu-prodal-jindrich-rajchl-ve-varu","status":"publish","type":"post","link":"https:\/\/www.infokuryr.cz\/n\/2023\/06\/17\/migranti-pro-cr-rakusan-nas-v-bruselu-prodal-jindrich-rajchl-ve-varu\/","title":{"rendered":"Migranti pro \u010cR. \u201eRaku\u0161an n\u00e1s v Bruselu prodal!\u201c Jind\u0159ich Rajchl ve varu"},"content":{"rendered":"<div id=\"fb-root\"><\/div>\n<div class=\"introtext\">\n<p><span style=\"font-size: 14pt;\"><strong>Rozhovor pro Parlamentn\u00ed listy: \u201eJ\u00e1 nechci \u017e\u00e1dn\u00e9 v\u00fdjimky! J\u00e1 to nechci platit!\u201c Podle elitn\u00edho advok\u00e1ta, p\u0159edsedy strany PRO Jind\u0159icha Rajchla se vrac\u00edme do doby, kdy n\u011bmeck\u00e1 kancl\u00e9\u0159ka Angela Merkelov\u00e1 pronesla sv\u00e9 legend\u00e1rn\u00ed \u201eWir schaffen das\u201c.<\/strong><\/span><\/p>\n<\/div>\n<div class=\"fulltext\">\n<p>\u201eOtev\u0159ela br\u00e1ny v\u0161em migrant\u016fm ze st\u0159edn\u00ed, severn\u00ed Afriky i z Asie,\u201c podot\u00fdk\u00e1 Rajchl. \u201eDokonce bych si troufnul \u0159\u00edct, \u017ee jde o nejv\u011bt\u0161\u00ed podraz od roku 1989,\u201c dodal k aktu\u00e1ln\u00ed \u010desk\u00e9 politick\u00e9 strategii a hovo\u0159\u00ed otev\u0159en\u011b tak\u00e9 o \u201ekoalici ob\u011btovan\u00fdch\u201c.<\/p>\n<p><span style=\"font-size: 14pt;\"><strong>Proj\u00ed\u017ed\u00edte obce a m\u011bsta, m\u011bl jste te\u010f na soci\u00e1ln\u00ed s\u00edti \u00fasp\u011b\u0161nou fotografii zapln\u011bn\u00e9ho s\u00e1lu z Ostravy. Jak\u00e1 byla \u00fa\u010dast a co lidi nejv\u00edc zaj\u00edm\u00e1?<\/strong><\/span><\/p>\n<p>Chod\u00ed \u010d\u00edm d\u00e1l v\u00edce lid\u00ed a jsme za to obrovsky r\u00e1di. Je vid\u011bt, \u017ee se lid\u00e9 probouzej\u00ed, nev\u011b\u0159\u00ed nesmysln\u00fdm n\u00e1lepk\u00e1m, kter\u00e9 se n\u00e1m sna\u017e\u00ed d\u00e1t n\u011bjak\u00e1 mainstreamov\u00e1 m\u00e9dia a to, \u017ee jsme stranou antisyst\u00e9movou nebo proruskou. Jsou to l\u017ei, kter\u00fdmi se sna\u017e\u00ed odvr\u00e1tit pozornost od toho, \u017ee nab\u00edz\u00edme jasn\u00e9 realistick\u00e9 \u0159e\u0161en\u00ed, jak se dostat ze sou\u010dasn\u00fdch probl\u00e9m\u016f v \u010cesk\u00e9 republice. Jde n\u00e1m prim\u00e1rn\u011b o \u010ceskou republiku, ne o v\u00e1lku na Ukrajin\u011b. \u017de lid\u00e9 chod\u00ed, zaj\u00edmaj\u00ed se o politiku, je stra\u0161n\u011b moc dob\u0159e. \u017de v Ostrav\u011b bylo asi sedm set lid\u00ed, je n\u011bco neskute\u010dn\u00e9ho. Mn\u011b nezb\u00fdv\u00e1 nic jin\u00e9ho, ne\u017e v\u0161em podporovatel\u016fm za z\u00e1jem pod\u011bkovat. V\u011b\u0159te mi, \u017ee si uv\u011bdomujeme, \u017ee je pro n\u00e1s d\u016fv\u011bra, kterou v n\u00e1s vkl\u00e1daj\u00ed, obrovsk\u00fdm z\u00e1vazkem. Mnoho lid\u00ed mi \u0159\u00edk\u00e1, \u017ee jsme posledn\u00ed nad\u011bje k tomu, aby se v t\u00e9to zemi n\u011bco zm\u011bnilo. Pokud bychom zklamali my, u\u017e by nev\u011b\u0159ili nikomu. Pro n\u00e1s je to skute\u010dn\u011b obrovsk\u00fd z\u00e1vazek. \u017de n\u00e1m p\u0159ijde do s\u00e1lu v\u00edc lid\u00ed, ne\u017e jin\u00fdm na demonstrace, je velk\u00e9 smeknut\u00ed p\u0159ed lidmi, kte\u0159\u00ed n\u00e1m vyjad\u0159uj\u00ed p\u0159\u00edze\u0148.<\/p>\n<p><span style=\"font-size: 14pt;\"><strong>Minul\u00fd t\u00fdden, v ten sam\u00fd den, kdy ve Francii pobodal syrsk\u00fd uprchl\u00edk d\u011bti, zasedli minist\u0159i vnitra st\u00e1t\u016f EU za jednac\u00ed st\u016fl v Lucemburku, aby se dohodli na nov\u00fdch pravidlech p\u0159ij\u00edm\u00e1n\u00ed uprchl\u00edk\u016f do Evropy. St\u00e1ty EU se se\u0161ly okolo konceptu \u201eflexibiln\u00ed solidarity\u201c nebo dal\u0161\u00ed ho naz\u00fdvaj\u00ed \u201epovinn\u00e1 solidarita\u201c, kdy ka\u017ed\u00fd bude pom\u00e1hat podle sv\u00e9ho uv\u00e1\u017een\u00ed. V\u00e1\u0161 n\u00e1zor z pohledu pr\u00e1vn\u00edka?<\/strong><\/span><\/p>\n<p>Miluji tyto marketingov\u00e9 n\u00e1zvy. Flexibiln\u00ed solidarita? Netu\u0161\u00edm, co t\u00edm cht\u011bl b\u00e1sn\u00edk \u0159\u00edci. Povinn\u00e1 solidarita? Oxym\u00f3ron. Solidarita nem\u016f\u017ee b\u00fdt z principu povinn\u00e1. Bu\u010f jste solid\u00e1rn\u00ed, proto\u017ee chcete, nebo nejste solid\u00e1rn\u00ed. Realita je takov\u00e1, \u017ee se vr\u00e1t\u00edme do doby, kdy Angela Merkelov\u00e1 \u0159\u00edkala: Wir schaffen das! Zvl\u00e1dneme to. A otev\u0159ela br\u00e1ny v\u0161em migrant\u016fm ze st\u0159edn\u00ed, severn\u00ed Afriky i z Asie. Nikdo z \u010cesk\u00e9 republiky se n\u00e1s neptal, jestli s t\u00edm souhlas\u00edme nebo nesouhlas\u00edme, jestli, kdy\u017e N\u011bmecko nebude zvl\u00e1dat migra\u010dn\u00ed vlnu, tak se pod\u011bl\u00edme o n\u00e1klady, p\u0159\u00edpadn\u011b, \u017ee si \u010d\u00e1st migrant\u016f p\u0159evezmeme na sv\u00e9 \u00fazem\u00ed. Nikdo se n\u00e1s neptal. Pr\u00e1v\u011b proto po n\u00e1s nikdo nem\u016f\u017ee cht\u00edt, abychom p\u0159evzali spoluodpov\u011bdnost za situaci, kterou si vytvo\u0159ily st\u00e1ty z\u00e1padn\u00ed Evropy samy. Rozhodly se pro to a mus\u00ed n\u00e9st plnou zodpov\u011bdnost.<\/p>\n<p><a href=\"https:\/\/stranapro.cz\/\"><img decoding=\"async\" loading=\"lazy\" class=\"wp-image-30218 aligncenter\" src=\"http:\/\/www.infokuryr.cz\/n\/wp-content\/uploads\/2023\/06\/PRO-banner-300x36.png\" alt=\"\" width=\"1367\" height=\"164\" srcset=\"https:\/\/www.infokuryr.cz\/n\/wp-content\/uploads\/2023\/06\/PRO-banner-300x36.png 300w, https:\/\/www.infokuryr.cz\/n\/wp-content\/uploads\/2023\/06\/PRO-banner-768x93.png 768w, https:\/\/www.infokuryr.cz\/n\/wp-content\/uploads\/2023\/06\/PRO-banner.png 849w\" sizes=\"(max-width: 1367px) 100vw, 1367px\" \/><\/a><\/p>\n<p>Jak\u00e1koliv podpora z\u00e1m\u011bru by byla krokem v bytostn\u00e9m rozporu se z\u00e1jmy ob\u010dan\u016f \u010cesk\u00e9 republiky. \u017de pro to pan Raku\u0161an zvedl ruku, pota\u017emo na\u0161e vl\u00e1da, je n\u011bco, co pova\u017euji za naprost\u00fd podraz na ob\u010dany t\u00e9to zem\u011b. Dokonce bych si troufnul \u0159\u00edct, \u017ee jde o nejv\u011bt\u0161\u00ed podraz od roku 1989. Kdybyste si ud\u011blali anketu, kolik ob\u010dan\u016f \u010cesk\u00e9 republiky by souhlasilo s t\u00edmto krokem? P\u0159es devades\u00e1t procent lid\u00ed by se vyj\u00e1d\u0159ilo proti takto nesmysln\u011b nastaven\u00e9 politice. Pan Raku\u0161an, nebo na\u0161e vl\u00e1da, jednala v rozporu se sv\u00fdmi p\u0159edvolebn\u00edmi prohl\u00e1\u0161en\u00edmi, proto\u017ee kdyby toto \u0159ekli p\u0159ed volbami, volby by nevyhr\u00e1li a ve Strakov\u011b akademii nesed\u011bli. Tenhle nesmysl, kter\u00fd EU p\u0159ipravila, je mnohem hor\u0161\u00ed, ne\u017e povinn\u00e9 kv\u00f3ty. Ma\u010farsko s Polskem hlasovaly proti, Slovensko s Bulharskem se zdr\u017eely. \u017de \u010cesk\u00e1 republika hlasovala pro, je d\u016fkazem naprost\u00e9 servility \u010desk\u00e9 vl\u00e1dy v\u016f\u010di EU. Vl\u00e1dy, kter\u00e1 u\u017e rezignovala na jak\u00e9koli prosazov\u00e1n\u00ed \u010desk\u00fdch n\u00e1rodn\u00edch z\u00e1jm\u016f.<\/p>\n<p>D\u00e1m p\u0159\u00edklad, kter\u00fd, si mysl\u00edm, \u017ee dokonale sed\u00ed. P\u0159edstavte si, \u017ee s n\u011bk\u00fdm bydl\u00edte ve dvojdomku a ten n\u011bkdo si nast\u011bhuje do sv\u00e9 \u010d\u00e1sti domku dvacet lid\u00ed a \u0159ekne: Chci jim pom\u00e1hat a v\u016fbec se t\u011b nebudu pt\u00e1t, jestli chce\u0161 nebo nechce\u0161 a t\u011bch dvacet lid\u00ed zvl\u00e1dnu. Po p\u011bti letech zjist\u00ed, \u017ee to nezvl\u00e1dne a \u0159ekne: Tak te\u010f si jich deset ode m\u011b vezme\u0161, nebo bude\u0161 platit p\u011bt tis\u00edc za ka\u017ed\u00e9ho, co tady m\u00e1m, proto\u017ee to finan\u010dn\u011b nezvl\u00e1d\u00e1m a nejsem schopen se o n\u011b postarat. To je n\u011bco absolutn\u011b nef\u00e9rov\u00e9ho. Asi ka\u017ed\u00fd obyvatel dvojdomku by \u0159ekl: Nezlob se, ale ty jsi je tam vzal, tak to vy\u0159e\u0161. To je p\u0159esn\u011b p\u0159\u00edklad pro \u010ceskou republiku.<\/p>\n<p>Rezignovali na bezpe\u010dnost a finan\u010dn\u00ed stabilitu. Jsme postaveni p\u0159ed volbu, \u017ee vezmeme ur\u010dit\u00fd po\u010det migrant\u016f bez ohledu na azylov\u00e9 pr\u00e1vo, \u017ee ti lid\u00e9 nebudou podl\u00e9hat klasick\u00e9mu \u0159\u00edzen\u00ed, budeme je muset vz\u00edt, proto\u017ee n\u00e1m je EU p\u0159id\u011bl\u00ed, nebo se z t\u00e9to povinnosti budeme muset vykoupit \u010d\u00e1stkou dvacet tis\u00edc eur na hlavu, co\u017e je v\u00edce ne\u017e pr\u016fm\u011brn\u00fd d\u016fchod na\u0161ich senior\u016f. Rozhodnut\u00ed, kter\u00e9 jde tot\u00e1ln\u011b proti z\u00e1jm\u016fm \u010cesk\u00e9 republiky. Jsem naprosto jednozna\u010dn\u011b p\u0159esv\u011bd\u010den, \u017ee postup m\u011bl b\u00fdt odm\u00edtnut.<\/p>\n<p><span style=\"font-size: 14pt;\"><strong>\u010cesk\u00e1 republika byla ze syst\u00e9mu vyjmuta kv\u016fli stovk\u00e1m tis\u00edc ukrajinsk\u00fdch uprchl\u00edk\u016f, \u017ee?<\/strong><\/span><\/p>\n<p>(Sm\u00edch). J\u00e1 nechci \u017e\u00e1dn\u00e9 v\u00fdjimky. J\u00e1 to nechci platit. \u017de pan Raku\u0161an p\u0159ijde s t\u00edm, \u017ee m\u00e1 v\u00fdjimky z\u0159ejm\u011b na dobu trv\u00e1n\u00ed v\u00e1lky? Principi\u00e1ln\u011b odm\u00edt\u00e1m platit cokoliv z\u00e1padn\u00edm st\u00e1t\u016fm za to, \u017ee si rozlily pov\u011bstn\u00e9 ml\u00e9ko. Rozhodly se, bez toho, ani\u017e by se n\u00e1s ptaly a oni te\u010f mus\u00ed n\u00e9st zodpov\u011bdnost. Nemohu p\u0159ece p\u0159en\u00e9st odpov\u011bdnost za sv\u00e9 \u0161patn\u00e9 rozhodnut\u00ed na n\u011bkoho jin\u00e9ho, ani\u017e bych se ho zeptal, zda s t\u00edm souhlas\u00ed nebo nesouhlas\u00ed. M\u011b \u017e\u00e1dn\u00e1 v\u00fdjimka nezaj\u00edm\u00e1. Nedat z\u00e1padn\u00edm st\u00e1t\u016fm ani korunu! Je to jejich probl\u00e9m. Samy si ho nava\u0159ily, a\u0165 si ho vy\u0159e\u0161\u00ed!<\/p>\n<p><span style=\"font-size: 14pt;\"><strong>I v tiskov\u00e9 zpr\u00e1v\u011b vysv\u011btluje ministr vnitra V\u00edt Raku\u0161an, jak m\u011bl k rozhodnut\u00ed mand\u00e1t. Ke v\u0161em legislativn\u00edm n\u00e1vrh\u016fm byly toti\u017e po jejich p\u0159edlo\u017een\u00ed Evropskou komis\u00ed schv\u00e1leny r\u00e1mcov\u00e9 pozice pro vyjedn\u00e1v\u00e1n\u00ed \u010cR na \u00farovni EU, kter\u00e9 schvaloval v\u017edy V\u00fdbor pro Evropskou unii na vl\u00e1dn\u00ed \u00farovni. \u201eTyto r\u00e1mcov\u00e9 pozice n\u00e1sledn\u011b podpo\u0159ily v\u00fdbory pro evropsk\u00e9 z\u00e1le\u017eitosti Poslaneck\u00e9 sn\u011bmovny a Sen\u00e1tu Parlamentu \u010cR. Schv\u00e1len\u00e9 r\u00e1mcov\u00e9 pozice potvrzovaly, \u017ee nep\u0159ekro\u010ditelnou \u010dervenou lini\u00ed jsou pro n\u00e1s povinn\u00e9 relokace a \u010cR m\u00e1 po\u017eadovat zakotven\u00ed flexibiln\u00edch forem solidarity. Co\u017e se nakonec poda\u0159ilo,\u201c uvedl p\u0159esn\u011b Raku\u0161an. Co vy na to?<\/strong><\/span><\/p>\n<p>Patologick\u00fd lh\u00e1\u0159! On u\u017e podle m\u011b ani nev\u00ed, \u017ee l\u017ee, kdy\u017e mluv\u00ed. Prost\u011b z\u00e1kladn\u00ed probl\u00e9m je v tom, \u017ee \u017e\u00e1dn\u00fd mand\u00e1t nem\u011bl. Jedin\u00fd mand\u00e1t, kter\u00fd mohl m\u00edt, by byl mand\u00e1t ob\u010dan\u016f \u010cesk\u00e9 republiky. A ten zcela jist\u011b nem\u011bl, proto\u017ee ob\u010dan\u00e9 \u010cesk\u00e9 republiky si nic takov\u00e9ho nep\u0159ej\u00ed. Nikoho se nezeptal, s nik\u00fdm to dop\u0159edu neprojednal, nezeptal se, co na to ob\u010dan\u00e9 \u0159\u00edkaj\u00ed a p\u0159ijel s t\u00edm, \u017ee to odsouhlasil. Nef\u00e9rov\u00fd, podraz\u00e1ck\u00fd p\u0159\u00edstup, kter\u00fd ukazuje, \u017ee se jednozna\u010dn\u011b b\u00e1l sd\u011blit to \u010desk\u00fdm ob\u010dan\u016fm dop\u0159edu. Pokud by n\u011bco sd\u011blil, ob\u010dan\u00e9 by mu dali z\u0159eteln\u011b n\u00e1zor najevo. \u017de pan Raku\u0161an nesouhlas\u00ed s povinnou relokac\u00ed, je fajn, ale my si povinnou relokaci budeme muset vykoupit dvaceti tis\u00edci eury za jednoho p\u0159id\u011blen\u00e9ho migranta. To je v t\u00e9to chv\u00edli jasn\u00e1 z\u00e1le\u017eitost. On to ze sv\u00e9ho platit nebude. Kdyby m\u011bl, tak v\u00e1m garantuji, \u017ee pro to nehlasuje. Jen rozhazuje na\u0161e pen\u00edze, na\u0161e spole\u010dn\u00e9 pen\u00edze v dob\u011b, kdy je \u010desk\u00fd rozpo\u010det pod tlakem, a je\u0161t\u011b n\u011bjakou dobu bude. Je to nezodpov\u011bdn\u00e9 rozhodnut\u00ed politika, kter\u00fd up\u0159ednostnil z\u00e1jmy Evropsk\u00e9 unie p\u0159ed z\u00e1jmy ob\u010dan\u016f \u010cesk\u00e9 republiky. On n\u00e1s prost\u011b v Bruselu prodal!<\/p>\n<p><span style=\"font-size: 14pt;\"><strong>Evropsk\u00e1 unie samoz\u0159ejm\u011b nad\u00e1le \u010del\u00ed neleg\u00e1ln\u00ed migraci p\u0159edev\u0161\u00edm ob\u010dan\u016f ze zem\u00ed Afriky a Bl\u00edzk\u00e9ho v\u00fdchodu. Za prvn\u00ed \u010dtvrtlet\u00ed jich do n\u00ed p\u0159icestoval p\u0159es St\u0159edomo\u0159\u00ed dvojn\u00e1sobek oproti lo\u0148sku. Vid\u00edte v\u016fbec n\u011bkde n\u011bjak\u00e9 racion\u00e1ln\u00ed \u0159e\u0161en\u00ed?<\/strong><\/span><\/p>\n<p>Racion\u00e1ln\u00ed \u0159e\u0161en\u00ed u\u017e jsme prop\u00e1sli. Politika Angely Merkelov\u00e9 byla naprosto chybn\u00e1. V tuto chv\u00edli je na \u010dase, abychom se t\u00edm v\u00e1\u017en\u011b zab\u00fdvali a p\u0159ipravili jasnou koncepci migra\u010dn\u00ed politiky, kter\u00e1 nen\u00ed postaven\u00e1 na principu otev\u0159en\u00fdch dve\u0159\u00ed, n\u00fdbr\u017e na principu p\u0159edb\u011b\u017en\u00e9 opatrnosti. A za druh\u00e9, abychom pak odm\u00edtli v\u0161echna \u0159e\u0161en\u00ed, kter\u00e1 nemaj\u00ed jin\u00fd \u00fa\u010del ne\u017e rozprost\u0159\u00edt pr\u016f\u0161vih na zem\u011b, kter\u00e9 se na n\u011bm nepod\u00edlely. V \u017e\u00e1dn\u00e9m p\u0159\u00edpad\u011b to nep\u0159ipust\u00edme, odm\u00edt\u00e1me jasn\u011b a neodvolateln\u011b. Z hlediska na\u0161\u00ed migra\u010dn\u00ed politiky plat\u00ed, \u017ee ten, kdo neprojde azylov\u00fdm \u0159\u00edzen\u00edm \u010cesk\u00e9 republiky, v n\u00ed nem\u00e1 co d\u011blat.<\/p>\n<p><span style=\"font-size: 14pt;\"><strong>Skupina zem\u00ed NATO by mohla vyslat sv\u00e9 voj\u00e1ky na Ukrajinu, pokud \u010dlensk\u00e9 st\u00e1ty na bl\u00ed\u017e\u00edc\u00edm se summitu ve Vilniusu neposkytnou Kyjevu hmatateln\u00e9 bezpe\u010dnostn\u00ed z\u00e1ruky. To \u0159ekl n\u011bkdej\u0161\u00ed gener\u00e1ln\u00ed tajemn\u00edk obrann\u00e9 aliance Anders Fogh Rasmussen listu The Guardian. Co \u0159\u00edk\u00e1te na postup vyslat voj\u00e1ky NATO na Ukrajinu? Dojde na z\u00e1sah \u201ekoalice ochotn\u00fdch\u201c?<\/strong><\/span><\/p>\n<p>Coby bytostn\u00e9mu optimistovi by se mi cht\u011blo doufat, \u017ee jde o p\u0159elud v mysli pana Rasmussena. Bohu\u017eel coby realista si mysl\u00edm, \u017ee tomu tak nen\u00ed, a tak \u017ee n\u011bco podobn\u00e9ho se v mysl\u00edch n\u011bkter\u00fdch st\u00e1tn\u00edk\u016f rod\u00ed. Nap\u0159\u00edklad v Polsku by z\u0159ejm\u011b byli schopn\u00ed se n\u011b\u010deho podobn\u00e9ho \u00fa\u010dastnit. Pro \u010ceskou republiku je to z\u00e1sadn\u011b nebezpe\u010dn\u00e9 a nem\u016f\u017eeme na to p\u0159istoupit. Pokud po\u0161leme jedin\u00e9ho voj\u00e1ka na Ukrajinu, poskytujeme z\u00e1minku k tomu, aby na n\u00e1s mohl n\u011bkdo za\u00fato\u010dit. To je p\u0159\u00edm\u00e9 ohro\u017een\u00ed bezpe\u010dnosti \u010cR nep\u0159edstaviteln\u00fdch rozm\u011br\u016f. Snaha Z\u00e1padu, aby Ukrajinc\u016fm pomohly pouze v\u00fdchodn\u00ed st\u00e1ty, tedy Polsko, Pobaltsk\u00e9 st\u00e1ty, \u010cesko a Slovensko, je zase snaha o sejmut\u00ed zodpov\u011bdnosti. Snaha nechat to na ostatn\u00edch, d\u00edvat se, jak si ni\u010d\u00edme vlastn\u00ed ekonomiku a jak jim je\u0161t\u011b plat\u00edme za v\u00fdzbroj a za munici. Op\u011bt \u010dir\u00fd naivismus, pokud bychom na n\u011bco takov\u00e9ho k\u00fdvli. Nen\u00ed to v na\u0161em z\u00e1jmu a ohrozili bychom bezpe\u010dnost republiky. Nenaz\u00fdv\u00e1m to \u201ekoalic\u00ed ochotn\u00fdch\u201c, ale \u201ekoalic\u00ed ob\u011btovan\u00fdch\u201c. \u010cesk\u00e1 republika, pokud m\u00e1 alespo\u0148 z\u00e1klad racionality a na\u0161i politici v\u0161ech p\u011bt pohromad\u011b, na n\u011bco takov\u00e9ho nemohou nikdy k\u00fdvnout.<\/p>\n<p><span style=\"font-size: 14pt;\"><strong>Rezonuje ot\u00e1zka p\u0159ijet\u00ed Ukrajiny do evropsk\u00fdch struktur. Do jak\u00e9 m\u00edry je nutn\u00e9 Ukrajinc\u016fm co nejrychleji nab\u00eddnout cestu ke \u010dlenstv\u00ed do EU a NATO, aby se zabr\u00e1nilo eskalaci konfliktu?<\/strong><\/span><\/p>\n<p>Protimluv. V moment\u011b, kdy p\u0159ijmeme Ukrajinu do NATO, k eskalaci dojde. Naopak toto eskalaci zp\u016fsob\u00ed. Za prv\u00e9, zem\u011b v aktivn\u00edm stavu v\u00e1lky nem\u016f\u017ee b\u00fdt p\u0159ijata do NATO, aktu\u00e1ln\u011b nic takov\u00e9 nen\u00ed na po\u0159adu dne. Druh\u00e1 teze je, \u017ee pan Stoltenberg \u0159\u00edk\u00e1, \u017ee st\u00e1ty NATO souhlas\u00ed s p\u0159ijet\u00edm Ukrajiny do NATO? S t\u00edm bych si dovolil polemizovat. Turecko a Ma\u010farsko doposud nevyj\u00e1d\u0159ily ani souhlas se vstupem \u0160v\u00e9dska do NATO. Pan Stoltenberg n\u00e1m otev\u0159en\u011b l\u017ee, nebo se \u010dlensk\u00fdch st\u00e1t\u016f neptal, nebo mo\u017en\u00e1 zapomn\u011bl, \u017ee m\u00e1 st\u00e1le Turecko a Ma\u010farsko v NATO a u\u017e s nimi nepo\u010d\u00edt\u00e1? \u010cir\u00e1 propaganda, kter\u00e1 nem\u00e1 se skute\u010dnost\u00ed nic spole\u010dn\u00e9ho. Dle m\u00e9ho n\u00e1zoru by byl vstup Ukrajiny do NATO v\u00fdrazn\u00fdm ohro\u017een\u00edm bezpe\u010dnostn\u00ed situace v Evrop\u011b, riziko eskalace konfliktu a zasa\u017een\u00ed dal\u0161\u00edch \u010dlensk\u00fdch st\u00e1t\u016f NATO by se v\u00fdrazn\u011b zv\u00fd\u0161ilo. To znamen\u00e1, \u017ee je naprosto podstatn\u00e9 \u0159\u00edct, \u017ee by Ukrajina nem\u011bla b\u00fdt p\u0159ijata, je to v rozporu se z\u00e1jmy \u010cR. Rozhodn\u011b nem\u016f\u017eeme cht\u00edt, aby se p\u00e1r set kilometr\u016f od n\u00e1s eskaloval konflikt a\u017e do rozm\u011br\u016f, kter\u00e9 si neum\u00edme a nechceme p\u0159edstavit. Pro \u010ceskou republiku je d\u016fle\u017eit\u00e9, aby Ukrajina nebyla p\u0159ijata do NATO. Plat\u00ed jednomyslnost a m\u011bli bychom se p\u0159idat ke st\u00e1t\u016fm s t\u00edmto postojem.<\/p>\n<p>J\u00e1 za sebe \u0159\u00edk\u00e1m, \u017ee za t\u011bchto okolnost\u00ed, a pokud bych m\u011bl zodpov\u011bdnost za spr\u00e1vu v\u011bc\u00ed ve\u0159ejn\u00fdch, nikdy bych nezvedl ruku proto, aby byla Ukrajina p\u0159ijata do NATO.<\/p>\n<p><span style=\"font-size: 14pt;\"><strong>A va\u0161e slovo na z\u00e1v\u011br?<\/strong><\/span><\/p>\n<p>Snad mohu pod\u011bkovat za podporu a d\u016fv\u011bru lidem, se kter\u00fdmi se setk\u00e1v\u00e1me v cel\u00e9 republice v nejr\u016fzn\u011bj\u0161\u00edch s\u00e1lech. S\u00edl\u00edme ka\u017ed\u00fdm dnem. Pevn\u011b douf\u00e1m, \u017ee lid\u00e9 n\u00e1m d\u016fv\u011bru zachovaj\u00ed a jedine\u010dnou, unik\u00e1tn\u00ed p\u0159\u00edle\u017eitost, prov\u00e9st z\u00e1sadn\u00ed zm\u011bny a nikoli kosmetick\u00e9, nepromarn\u00edme. Tohle je poprv\u00e9, kdy vznik\u00e1 subjekt zdola, a ne seshora proto, \u017ee si to usmyslel jeden \u010dlov\u011bk podporovan\u00fd m\u00e9dii. V\u011b\u0159\u00edm, \u017ee se n\u00e1m to povede. Za sebe \u0159\u00edk\u00e1m, \u017ee lidi nezklameme a nezrad\u00edme.<\/p>\n<\/div>\n<p>&nbsp;<\/p>\n<p><a href=\"https:\/\/stranapro.cz\/\"><img decoding=\"async\" loading=\"lazy\" class=\"wp-image-30218 aligncenter\" src=\"http:\/\/www.infokuryr.cz\/n\/wp-content\/uploads\/2023\/06\/PRO-banner-300x36.png\" alt=\"\" width=\"1367\" height=\"164\" srcset=\"https:\/\/www.infokuryr.cz\/n\/wp-content\/uploads\/2023\/06\/PRO-banner-300x36.png 300w, https:\/\/www.infokuryr.cz\/n\/wp-content\/uploads\/2023\/06\/PRO-banner-768x93.png 768w, https:\/\/www.infokuryr.cz\/n\/wp-content\/uploads\/2023\/06\/PRO-banner.png 849w\" sizes=\"(max-width: 1367px) 100vw, 1367px\" \/><\/a><\/p>\n<p>&nbsp;<\/p>\n<p>&nbsp;<\/p>\n<p>&nbsp;<\/p>\n","protected":false},"excerpt":{"rendered":"<p>Rozhovor pro Parlamentn\u00ed listy: \u201eJ\u00e1 nechci \u017e\u00e1dn\u00e9 v\u00fdjimky! J\u00e1 to nechci platit!\u201c Podle elitn\u00edho advok\u00e1ta,&#8230;<\/p>\n","protected":false},"author":2,"featured_media":20061,"comment_status":"closed","ping_status":"closed","sticky":false,"template":"","format":"standard","meta":[],"categories":[6],"tags":[2992,2663,1052],"_links":{"self":[{"href":"https:\/\/www.infokuryr.cz\/n\/wp-json\/wp\/v2\/posts\/30361"}],"collection":[{"href":"https:\/\/www.infokuryr.cz\/n\/wp-json\/wp\/v2\/posts"}],"about":[{"href":"https:\/\/www.infokuryr.cz\/n\/wp-json\/wp\/v2\/types\/post"}],"author":[{"embeddable":true,"href":"https:\/\/www.infokuryr.cz\/n\/wp-json\/wp\/v2\/users\/2"}],"replies":[{"embeddable":true,"href":"https:\/\/www.infokuryr.cz\/n\/wp-json\/wp\/v2\/comments?post=30361"}],"version-history":[{"count":1,"href":"https:\/\/www.infokuryr.cz\/n\/wp-json\/wp\/v2\/posts\/30361\/revisions"}],"predecessor-version":[{"id":30362,"href":"https:\/\/www.infokuryr.cz\/n\/wp-json\/wp\/v2\/posts\/30361\/revisions\/30362"}],"wp:featuredmedia":[{"embeddable":true,"href":"https:\/\/www.infokuryr.cz\/n\/wp-json\/wp\/v2\/media\/20061"}],"wp:attachment":[{"href":"https:\/\/www.infokuryr.cz\/n\/wp-json\/wp\/v2\/media?parent=30361"}],"wp:term":[{"taxonomy":"category","embeddable":true,"href":"https:\/\/www.infokuryr.cz\/n\/wp-json\/wp\/v2\/categories?post=30361"},{"taxonomy":"post_tag","embeddable":true,"href":"https:\/\/www.infokuryr.cz\/n\/wp-json\/wp\/v2\/tags?post=30361"}],"curies":[{"name":"wp","href":"https:\/\/api.w.org\/{rel}","templated":true}]}}