{"id":30351,"date":"2023-06-17T01:14:13","date_gmt":"2023-06-16T23:14:13","guid":{"rendered":"http:\/\/www.infokuryr.cz\/n\/?p=30351"},"modified":"2023-06-16T20:10:27","modified_gmt":"2023-06-16T18:10:27","slug":"cesky-prezident-v-sobe-byvaleho-rozvedcika-nezaprel-a-v-sokujicim-prohlaseni-na-svobodne-evrope-vyzval-ke-sledovani-naprosto-vsech-rusu","status":"publish","type":"post","link":"https:\/\/www.infokuryr.cz\/n\/2023\/06\/17\/cesky-prezident-v-sobe-byvaleho-rozvedcika-nezaprel-a-v-sokujicim-prohlaseni-na-svobodne-evrope-vyzval-ke-sledovani-naprosto-vsech-rusu\/","title":{"rendered":"\u010cesk\u00fd prezident v sob\u011b b\u00fdval\u00e9ho rozv\u011bd\u010d\u00edka nezap\u0159el a v \u0161okuj\u00edc\u00edm prohl\u00e1\u0161en\u00ed na Svobodn\u00e9 Evrop\u011b vyzval ke sledov\u00e1n\u00ed naprosto v\u0161ech Rus\u016f"},"content":{"rendered":"<div id=\"fb-root\"><\/div>\n<h4>\u010cesk\u00fd prezident v sob\u011b b\u00fdval\u00e9ho rozv\u011bd\u010d\u00edka nezap\u0159el a v \u0161okuj\u00edc\u00edm prohl\u00e1\u0161en\u00ed na Svobodn\u00e9 Evrop\u011b vyzval ke sledov\u00e1n\u00ed naprosto v\u0161ech Rus\u016f v cel\u00e9m z\u00e1padn\u00edm sv\u011bt\u011b tajn\u00fdmi slu\u017ebami! Inspiraci si p\u0159itom vzal chybn\u011b z USA, kde Ameri\u010dan\u00e9 nejprve vstoupili po Pearl Harboru do v\u00e1lky a teprve pot\u00e9 pozav\u00edrali do koncentr\u00e1k\u016f p\u0159es 100 000 Ameri\u010dan\u016f japonsk\u00e9ho p\u016fvodu! Americk\u00e1 vl\u00e1da se za to nakonec musela omluvit a od\u0161kodnila p\u0159es 80 000 z nich \u010d\u00e1stkou p\u0159evy\u0161uj\u00edc\u00ed 1,6 miliardy dolar\u016f! Petr Pavel se nav\u00edc v\u00fdrokem dopustil trestn\u00e9ho \u010dinu, ale jako prezident m\u00e1 indemnitu!<\/h4>\n<p>\u010cesk\u00fd prezident Petr Pavel vyvolal dal\u0161\u00ed celosv\u011btov\u00fd skand\u00e1l. V rozhovoru pro Svobodnou Evropu se toti\u017e ve \u010dtvrtek vyj\u00e1d\u0159il v tom smyslu, \u017ee<strong>\u00a0vzhledem k tomu, \u017ee prob\u00edh\u00e1 v\u00e1lka, tak by m\u011blo doj\u00edt k monitorov\u00e1n\u00ed v\u0161ech Rus\u016f \u017eij\u00edc\u00edch v z\u00e1padn\u00edch zem\u00edch [<a href=\"https:\/\/href.li\/?https:\/\/www.rt.com\/news\/578074-pavel-monitoring-russian-citizens\/\" target=\"_blank\" rel=\"nofollow noopener\">1<\/a>]<\/strong>, proto\u017ee jsou p\u0159\u00edslu\u0161n\u00edky n\u00e1roda, kter\u00fd rozpoutal agresivn\u00ed v\u00e1lku! Nev\u00edm, jestli je to zp\u016fsobeno slab\u0161\u00ed angli\u010dtinou Petra Pavla, ale on ve sv\u00e9m projevu neobvinil za v\u00e1le\u010dnou agresi Putinovu vl\u00e1du, dokonce ani Rusko jako st\u00e1t \u0159\u00edzen\u00fd Kremlem, tedy st\u00e1tn\u00ed moc, ale p\u0159\u00edmo cel\u00fd rusk\u00fd n\u00e1rod. Petr Pavel p\u0159itom mluv\u00ed americkou angli\u010dtinou (nikoliv britskou), ve kter\u00e9 se st\u00e1t ozna\u010duje pevn\u011b jako \u201c<em>country<\/em>\u201d a v\u00fdraz \u201c<em>nation<\/em>\u201d je rezervovan\u00fd \u010dist\u011b pro n\u00e1rod.<\/p>\n<p>&nbsp;<\/p>\n<div id=\"rumble_v2rykz3\">\n<div id=\"vid_v2rykz3\" class=\"rumble_v2rykz3-Rumble-cls\" tabindex=\"-1\">\n<div>\n<div class=\"bigPlayUI ctp\">\n<div class=\"bigPlayUIInner ctp\"><div class='videoWrapper'>\r\n\t            <iframe src='https:\/\/rumble.com\/embed\/pj.v2rykz3\/' frameborder='0' allowfullscreen><\/iframe>\r\n\t        <\/div><\/div>\n<\/div>\n<\/div>\n<\/div>\n<\/div>\n<p>&nbsp;<\/p>\n<p>Proti tomu se v Rusku i v zahrani\u010d\u00ed zvedla obrovsk\u00e1 nevole a Pavel byl ozna\u010den za \u010dlov\u011bka, kter\u00fd uvaluje na cel\u00fd rusk\u00fd n\u00e1rod kolektivn\u00ed vinu, \u00fapln\u011b stejn\u011b jako Ameri\u010dan\u00e9, kdy\u017e pozav\u00edrali po vyhl\u00e1\u0161en\u00ed v\u00e1lky Japonsku do koncentr\u00e1k\u016f sv\u00e9 vlastn\u00ed ob\u010dany s japonsk\u00fdm p\u016fvodem. Jen\u017ee Petr Pavel zapomn\u011bl, \u017ee z\u00e1padn\u00ed zem\u011b p\u0159ece v \u017e\u00e1dn\u00e9 v\u00e1lce s Ruskem nejsou, ne? Nebo n\u00e1m n\u011bco uniklo? Anebo jde o\u00a0<em>Freudovsk\u00fd syndrom<\/em>, kdy Petr Pavel u\u017e v\u00ed, \u017ee je NATO ve v\u00e1lce, ale ve\u0159ejnosti v EU a v zem\u00edch NATO to je\u0161t\u011b nikdo neozn\u00e1mil.<\/p>\n<h6><span style=\"font-size: 18pt;\">Gener\u00e1l-prezident Pavel v sob\u011b rozv\u011bd\u010d\u00edka nezap\u0159el, chce sledovat p\u0159es 4 miliony Rus\u016f v zem\u00edch z\u00e1padn\u00edho sv\u011bta!<\/span><\/h6>\n<p>Petr Pavel jako b\u00fdval\u00fd p\u0159ipravovan\u00fd rozv\u011bd\u010d\u00edk pro pr\u00e1ci komunistick\u00e9 vojensk\u00e9 rozv\u011bdky tak prost\u011b v sob\u011b b\u00fdvalou profesi nezap\u0159el a vyzval ke \u0161pehov\u00e1n\u00ed v\u00edce ne\u017e 4 milion\u016f Rus\u016f, kte\u0159\u00ed podle odhad\u016f rusk\u00fdch m\u00e9di\u00ed \u017eij\u00ed v z\u00e1padn\u00edch zem\u00edch. To by si tajn\u00e9 slu\u017eby opravdu m\u00e1kly, jen co je pravda. Hromadn\u00e9 sledov\u00e1n\u00ed v\u0161ech Rus\u016f by bylo o to v\u00edce absurdn\u00ed v tom, \u017ee tito\u00a0<strong>Rusov\u00e9 na z\u00e1pad\u011b jsou paradoxn\u011b pr\u00e1v\u011b ti, kte\u0159\u00ed nemohou p\u0159ij\u00edt Putinovi na jm\u00e9no a z Ruska utekli, tak\u017ee Petr Pavel zde prov\u00e1d\u00ed doslova pr\u00e1ci pro Kreml<\/strong>, proto\u017ee Rusov\u00e9 v z\u00e1padn\u00edch zem\u00edch si te\u010f \u0159eknou, \u017ee Putin m\u011bl pravdu, kdy\u017e je varoval, \u017ee z\u00e1pad Rusy nen\u00e1vid\u00ed a m\u011bli by se vr\u00e1tit do Ruska. Reakce na soci\u00e1ln\u00edch s\u00edt\u00edch na Pavl\u016fv v\u00fdrok na Svobodn\u00e9 Evrop\u011b je naprosto zdrcuj\u00edc\u00ed.<\/p>\n<figure id=\"attachment_54401\" class=\"wp-caption aligncenter\" style=\"width: 697px;\"><a href=\"https:\/\/aeronet.news\/wp-content\/uploads\/GeneralPavelChairmanNATO.jpg\"><img decoding=\"async\" loading=\"lazy\" class=\"wp-image-54401 \" src=\"https:\/\/aeronet.news\/wp-content\/uploads\/GeneralPavelChairmanNATO-1024x682.jpg\" sizes=\"(max-width: 700px) 100vw, 700px\" srcset=\"https:\/\/aeronet.news\/wp-content\/uploads\/GeneralPavelChairmanNATO-1024x682.jpg 1024w, https:\/\/aeronet.news\/wp-content\/uploads\/GeneralPavelChairmanNATO-300x200.jpg 300w, https:\/\/aeronet.news\/wp-content\/uploads\/GeneralPavelChairmanNATO-768x511.jpg 768w, https:\/\/aeronet.news\/wp-content\/uploads\/GeneralPavelChairmanNATO-700x466.jpg 700w, https:\/\/aeronet.news\/wp-content\/uploads\/GeneralPavelChairmanNATO-536x357.jpg 536w, https:\/\/aeronet.news\/wp-content\/uploads\/GeneralPavelChairmanNATO-726x483.jpg 726w, https:\/\/aeronet.news\/wp-content\/uploads\/GeneralPavelChairmanNATO.jpg 1280w\" alt=\"\" width=\"697\" height=\"464\" \/><\/a><figcaption class=\"wp-caption-text\">Petr Pavel jako p\u0159edseda vojensk\u00e9ho v\u00fdboru NATO<\/figcaption><\/figure>\n<p>Do koment\u00e1\u0159\u016f p\u00ed\u0161\u00ed Rusov\u00e9 z cel\u00e9 Evropy, \u017ee jsou zhrozeni, \u017ee Putin m\u011bl nakonec asi fakt pravdu, kdy\u017e je varoval p\u0159ed \u00fatiskem v z\u00e1padn\u00edch zem\u00edch, \u017ee kdy\u017e Rusov\u00e9 z\u016fstanou na z\u00e1pad\u011b, budou \u010delit teroru, \u00fatisku, okradou je v bank\u00e1ch o ve\u0161ker\u00e9 pen\u00edze, zabav\u00ed jim ve\u0161ker\u00e9 nemovitosti a budou je na ka\u017ed\u00e9m kroku \u0161pehovat tajn\u00e9 slu\u017eby. A ten g\u00e9nius P\u00e1vek vystoup\u00ed na Svobodn\u00e9 Evrop\u011b a p\u0159\u00edmo k tomu vyzve! Za\u010d\u00edn\u00e1me v redakci Petra Pavla podez\u00edrat, jestli nen\u00ed dvojit\u00fd agent a jestli n\u00e1hodou nepracuje pro Kreml, proto\u017ee tento v\u00fdrok Petra Pavla doslova nahnal vodu na ml\u00fdn Vladimira Putina. Rusk\u00e1 m\u00e9dia u\u017e v\u00fdrok zhodnotila, \u017ee jde o potvrzen\u00ed xenofobie z\u00e1padn\u00edho sv\u011bta proti rusk\u00e9mu n\u00e1rodu.<\/p>\n<h6><span style=\"font-size: 18pt;\">Zem\u011b NATO nejsou ve v\u00e1lce, ale Petr Pavel chce zah\u00e1jit Rusy v z\u00e1padn\u00edch zem\u00edch, jako by v\u00e1lka u\u017e byla<\/span><\/h6>\n<p>\u010cesk\u00fd prezident v\u00fdrok opravdu nedomyslel, proto\u017ee ofici\u00e1ln\u011b a po pr\u00e1vn\u00ed str\u00e1nce \u017e\u00e1dn\u00e1 zem\u011b EU a ani NATO nen\u00ed k dne\u0161n\u00edmu dni ofici\u00e1ln\u011b ve v\u00e1le\u010dn\u00e9m stavu a nejsou vedeny v\u00e1le\u010dn\u00e9 operace zem\u00ed NATO proti Rusku, ani nebyla Rusku vyhl\u00e1\u0161ena v\u00e1lka.\u00a0<strong>Dokonce i ta inspirace z USA, kterou Petr Pavel uvedl, kulh\u00e1 na ob\u011b nohy, proto\u017ee USA nejprve vyhl\u00e1sily Japonsku v\u00e1lku, a teprve pot\u00e9 zah\u00e1jily obyvatele japonsk\u00e9ho etnick\u00e9ho p\u016fvodu.<\/strong>\u00a0Tady by najednou agent P\u00e1vek cht\u011bl zahajovat miliony Rus\u016f tajn\u00fdmi slu\u017ebami, aby ty Rusy monitorovaly, rozum\u011bj sledovaly a \u0161pehovaly. Kdy za\u010dnou vznikat koncentra\u010dn\u00ed t\u00e1bory pro rusk\u00e9 ob\u010dany, kte\u0159\u00ed ode\u0161li z Ruska do z\u00e1padn\u00edch zem\u00ed?<\/p>\n<figure id=\"attachment_54728\" class=\"wp-caption aligncenter\" style=\"width: 695px;\"><a href=\"https:\/\/aeronet.news\/wp-content\/uploads\/PetrPavel_PetrFiala.jpg\"><img decoding=\"async\" loading=\"lazy\" class=\"wp-image-54728 \" src=\"https:\/\/aeronet.news\/wp-content\/uploads\/PetrPavel_PetrFiala-1024x576.jpg\" sizes=\"(max-width: 700px) 100vw, 700px\" srcset=\"https:\/\/aeronet.news\/wp-content\/uploads\/PetrPavel_PetrFiala-1024x576.jpg 1024w, https:\/\/aeronet.news\/wp-content\/uploads\/PetrPavel_PetrFiala-300x169.jpg 300w, https:\/\/aeronet.news\/wp-content\/uploads\/PetrPavel_PetrFiala-768x432.jpg 768w, https:\/\/aeronet.news\/wp-content\/uploads\/PetrPavel_PetrFiala-700x394.jpg 700w, https:\/\/aeronet.news\/wp-content\/uploads\/PetrPavel_PetrFiala-635x357.jpg 635w, https:\/\/aeronet.news\/wp-content\/uploads\/PetrPavel_PetrFiala-859x483.jpg 859w, https:\/\/aeronet.news\/wp-content\/uploads\/PetrPavel_PetrFiala.jpg 1280w\" alt=\"\" width=\"695\" height=\"391\" \/><\/a><figcaption class=\"wp-caption-text\">Petr Pavel a Petr Fiala, dvojice podporovatel\u016f v\u00e1lky na Ukrajin\u011b<\/figcaption><\/figure>\n<p>A bude k tomu pot\u0159eba nejprve vyhl\u00e1sit Rusku v\u00e1lku, anebo se to obejde bez toho? Pokud b\u00fdval\u00fd \u0161\u00e9f vojensk\u00e9 sekce NATO prohl\u00e1s\u00ed, \u017ee by tajn\u00e9 slu\u017eby m\u011bly sledovat a monitorovat v\u0161echny Rusy v z\u00e1padn\u00edch zem\u00edch, a to p\u0159itom je\u0161t\u011b v\u00e1lka vyhl\u00e1\u0161ena nebyla a NATO na Ukrajinu je\u0161t\u011b ofici\u00e1ln\u011b nevstoupilo, tak to znamen\u00e1, \u017ee se na nic ne\u010dek\u00e1 a Rusov\u00e9 budou litovat toho, \u017ee z Ruska ode\u0161li.<\/p>\n<p><strong>Pavl\u016fv v\u00fdrok m\u00e1 ale je\u0161t\u011b jeden rozm\u011br, a to trestn\u011b-pr\u00e1vn\u00ed.<\/strong>\u00a0Obvin\u011bn\u00ed cel\u00e9ho rusk\u00e9ho n\u00e1roda z v\u00e1le\u010dn\u00e9 agrese a vyz\u00fdv\u00e1n\u00ed k jejich sledov\u00e1n\u00ed tajn\u00fdmi slu\u017ebami v r\u00e1mci kolektivn\u00ed viny napl\u0148uje skutkovou podstatu trestn\u00e9ho \u010dinu\u00a0Podn\u011bcov\u00e1n\u00ed k nen\u00e1visti v\u016f\u010di skupin\u011b osob nebo k omezov\u00e1n\u00ed jejich pr\u00e1v a svobod.<\/p>\n<p>&nbsp;<\/p>\n<p><a href=\"https:\/\/stranapro.cz\/\"><img decoding=\"async\" loading=\"lazy\" class=\"wp-image-30218 aligncenter\" src=\"http:\/\/www.infokuryr.cz\/n\/wp-content\/uploads\/2023\/06\/PRO-banner-300x36.png\" alt=\"\" width=\"1367\" height=\"164\" srcset=\"https:\/\/www.infokuryr.cz\/n\/wp-content\/uploads\/2023\/06\/PRO-banner-300x36.png 300w, https:\/\/www.infokuryr.cz\/n\/wp-content\/uploads\/2023\/06\/PRO-banner-768x93.png 768w, https:\/\/www.infokuryr.cz\/n\/wp-content\/uploads\/2023\/06\/PRO-banner.png 849w\" sizes=\"(max-width: 1367px) 100vw, 1367px\" \/><\/a><\/p>\n<p>&nbsp;<\/p>\n<h6><span style=\"font-size: 18pt;\">\u010cesk\u00fd prezident se z\u0159ejm\u011b dopustil trestn\u00e9ho \u010dinu, ale nic mu za to nehroz\u00ed, m\u00e1 toti\u017e indemnitu<\/span><\/h6>\n<p>A to podle\u00a0\u00a7 356 Tr. Z. \u010d. 40\/2009 Sb. a ve zn\u011bn\u00ed pozd\u011bj\u0161\u00edch p\u0159edpis\u016f\u00a0<strong>[<a href=\"https:\/\/href.li\/?http:\/\/zakony.centrum.cz\/trestni-zakonik\/cast-2-hlava-10-dil-5-paragraf-356#:~:text=%C2%A7%20356Podn%C4%9Bcov%C3%A1n%C3%AD%20k%20nen%C3%A1visti%20v%C5%AF%C4%8Di,svobody%20a%C5%BE%20na%20dv%C4%9B%20l%C3%A9ta.\" target=\"_blank\" rel=\"nofollow noopener\">2<\/a>]<\/strong>, kde se v odstavci 1 uv\u00e1d\u00ed, \u017ee\u2026\u00a0<em>kdo ve\u0159ejn\u011b podn\u011bcuje k nen\u00e1visti k n\u011bkter\u00e9mu n\u00e1rodu (v tomto p\u0159\u00edpad\u011b rusk\u00e9mu), rase, etnick\u00e9 skupin\u011b, n\u00e1bo\u017eenstv\u00ed, t\u0159\u00edd\u011b nebo jin\u00e9 skupin\u011b osob nebo k omezov\u00e1n\u00ed pr\u00e1v a svobod jejich p\u0159\u00edslu\u0161n\u00edk\u016f, bude potrest\u00e1n odn\u011bt\u00edm svobody a\u017e na dv\u011b l\u00e9ta.<\/em><\/p>\n<p>A v odstavci 3 se nav\u00edc uv\u00e1d\u00ed, \u017ee\u2026\u00a0<em>odn\u011bt\u00edm svobody na \u0161est m\u011bs\u00edc\u016f a\u017e t\u0159i l\u00e9ta bude pachatel potrest\u00e1n, a to podle p\u00edsmene a,\u00a0sp\u00e1ch\u00e1-li \u010din uveden\u00fd v odstavci 1 tiskem, filmem, rozhlasem, televiz\u00ed, ve\u0159ejn\u011b p\u0159\u00edstupnou po\u010d\u00edta\u010dovou s\u00edt\u00ed nebo jin\u00fdm obdobn\u011b \u00fa\u010dinn\u00fdm zp\u016fsobem<\/em>. V tomto p\u0159\u00edpad\u011b \u0161lo o v\u00fdrok proveden\u00fd rozhlasem a sou\u010dasn\u011b televizn\u00edm, resp. obrazov\u00fdm z\u00e1znamem.<\/p>\n<figure id=\"attachment_55584\" class=\"wp-caption aligncenter\" style=\"width: 843px;\"><a href=\"https:\/\/aeronet.news\/wp-content\/uploads\/CZ75_Pavel_Zelensky.jpg\"><img decoding=\"async\" loading=\"lazy\" class=\"wp-image-55584 \" src=\"https:\/\/aeronet.news\/wp-content\/uploads\/CZ75_Pavel_Zelensky.jpg\" sizes=\"(max-width: 1024px) 100vw, 1024px\" srcset=\"https:\/\/aeronet.news\/wp-content\/uploads\/CZ75_Pavel_Zelensky.jpg 1024w, https:\/\/aeronet.news\/wp-content\/uploads\/CZ75_Pavel_Zelensky-150x150.jpg 150w, https:\/\/aeronet.news\/wp-content\/uploads\/CZ75_Pavel_Zelensky-300x300.jpg 300w, https:\/\/aeronet.news\/wp-content\/uploads\/CZ75_Pavel_Zelensky-768x768.jpg 768w, https:\/\/aeronet.news\/wp-content\/uploads\/CZ75_Pavel_Zelensky-700x700.jpg 700w, https:\/\/aeronet.news\/wp-content\/uploads\/CZ75_Pavel_Zelensky-357x357.jpg 357w, https:\/\/aeronet.news\/wp-content\/uploads\/CZ75_Pavel_Zelensky-483x483.jpg 483w, https:\/\/aeronet.news\/wp-content\/uploads\/CZ75_Pavel_Zelensky-210x210.jpg 210w\" alt=\"\" width=\"843\" height=\"843\" \/><\/a><figcaption class=\"wp-caption-text\">Petr Pavel odevzdal Volodymyru Zelensk\u00e9mu \u010deskou pistoli CZ-75 p\u0159i n\u00e1v\u0161t\u011bv\u011b v Kyjev\u011b, aby se m\u011bl \u010d\u00edm zast\u0159elit?<\/figcaption><\/figure>\n<p>\u010cesk\u00fd prezident toti\u017e vyzval k omezen\u00ed svobod a pr\u00e1v v\u0161ech p\u0159\u00edslu\u0161n\u00edk\u016f rusk\u00e9ho n\u00e1roda v tzv. z\u00e1padn\u00edch zem\u00edch, \u010d\u00edm\u017e byla spln\u011bna skutkov\u00e1 podstata indiskrimina\u010dn\u00edho uplatn\u011bn\u00ed viny na cel\u00fd n\u00e1rod, kter\u00fd podle uveden\u00e9ho v\u00fdroku m\u00e1 b\u00fdt monitorov\u00e1n a sledov\u00e1n tajn\u00fdmi slu\u017ebami, proto\u017ee\u00a0<strong>na z\u00e1klad\u011b kolektivn\u00edho kl\u00ed\u010de je uplat\u0148ov\u00e1na domn\u011bl\u00e1 vina v\u00e1le\u010dn\u00e9 agrese na v\u0161echny Rusy. T\u00edm se prezident bez jak\u00e9koliv pochybnosti dopustil trestn\u00e9ho \u010dinu podle v\u00fd\u0161e uveden\u00e9ho paragrafu.<\/strong>\u00a0Jen\u017ee prezident je po\u017eivatelem indemnity (<em>nest\u00edhatelnosti<\/em>) a souzen m\u016f\u017ee b\u00fdt jen pro velezradu nebo hrub\u00e9 poru\u0161en\u00ed \u00dastavy. Za \u0161\u00ed\u0159en\u00ed a podn\u011bcov\u00e1n\u00ed k nen\u00e1visti proti n\u00e1rodu a jeho etniku b\u00fdt souzen nem\u016f\u017ee.<\/p>\n<h6><span style=\"font-size: 18pt;\">Do\u010dk\u00e1me se i v\u00fdzev k budov\u00e1n\u00ed koncentr\u00e1k\u016f pro Rusy? A co n\u00e1ramky jako pro v\u011bzn\u011b? Anebo povinn\u00fd tracking v mobilech? Nap\u00edchnut\u00e9 telefony?<\/span><\/h6>\n<p>Proto se d\u00e1 o\u010dek\u00e1vat, \u017ee se brzy do\u010dk\u00e1me i dal\u0161\u00edch v\u00fdrok\u016f, nap\u0159. k tomu, aby Rusov\u00e9 v EU byli zav\u00edr\u00e1n\u00ed do koncentra\u010dn\u00edch t\u00e1bor\u016f, anebo aby nosili sledovac\u00ed n\u00e1ramky apod. Rusofobie bude postupn\u011b nab\u00edrat neuv\u011b\u0159iteln\u00fdch rozm\u011br\u016f v EU, a to spolu s t\u00edm jak se bude v\u00edce a v\u00edce hroutit sen z\u00e1padu o por\u00e1\u017ece Ruska. Vztek se p\u0159enese pr\u00e1v\u011b na Rusy, kte\u0159\u00ed \u017eij\u00ed v z\u00e1padn\u00edch zem\u00edch a s v\u00e1lkou maj\u00ed nejm\u00e9n\u011b co spole\u010dn\u00e9ho.\u00a0<strong>Ameri\u010dan\u00e9 se zp\u011btn\u011b za zav\u00edr\u00e1n\u00ed etnick\u00fdch Japonc\u016f v USA do koncentr\u00e1k\u016f b\u011bhem v\u00e1lky nakonec omluvili a podle z\u00e1znam\u016f od\u0161kodnili 82 219 osob v \u00fahrnn\u00e9 sum\u011b p\u0159es 1,6 miliardy dolar\u016f.<\/strong>\u00a0A to i p\u0159esto, \u017ee ta internace prob\u011bhla v dob\u011b v\u00e1le\u010dn\u00e9ho stavu a po vyhl\u00e1\u0161en\u00ed v\u00e1lky Japonsku.<\/p>\n<figure id=\"attachment_56032\" class=\"wp-caption aligncenter\" style=\"width: 696px;\"><a href=\"https:\/\/aeronet.news\/wp-content\/uploads\/forced-internment-japanese-americans.jpg\"><img decoding=\"async\" loading=\"lazy\" class=\"wp-image-56032 \" src=\"https:\/\/aeronet.news\/wp-content\/uploads\/forced-internment-japanese-americans-1024x492.jpg\" sizes=\"(max-width: 700px) 100vw, 700px\" srcset=\"https:\/\/aeronet.news\/wp-content\/uploads\/forced-internment-japanese-americans-1024x492.jpg 1024w, https:\/\/aeronet.news\/wp-content\/uploads\/forced-internment-japanese-americans-300x144.jpg 300w, https:\/\/aeronet.news\/wp-content\/uploads\/forced-internment-japanese-americans-768x369.jpg 768w, https:\/\/aeronet.news\/wp-content\/uploads\/forced-internment-japanese-americans-700x336.jpg 700w, https:\/\/aeronet.news\/wp-content\/uploads\/forced-internment-japanese-americans-743x357.jpg 743w, https:\/\/aeronet.news\/wp-content\/uploads\/forced-internment-japanese-americans-1005x483.jpg 1005w, https:\/\/aeronet.news\/wp-content\/uploads\/forced-internment-japanese-americans.jpg 1280w\" alt=\"\" width=\"696\" height=\"334\" \/><\/a><figcaption class=\"wp-caption-text\">Interna\u010dn\u00ed t\u00e1bor s Ameri\u010dany japonsk\u00e9ho p\u016fvodu v americk\u00e9m m\u011bst\u011b Santa Anita v Kalifornii, 1942<\/figcaption><\/figure>\n<p>Z toho lze dovodit tu m\u00edru fa\u0161izace Petra Pavla, kter\u00fd chce zah\u00e1jit ve v\u0161ech z\u00e1padn\u00edch zem\u00edch miliony Rus\u016f, a to jen kv\u016fli tomu, \u017ee podle jeho slov jsou p\u0159\u00edslu\u0161n\u00edky n\u00e1roda, kter\u00fd za\u010dal agresivn\u00ed v\u00e1lku na Ukrajin\u011b.\u00a0<strong>Toto je pouze potvrzen\u00edm toho, \u017ee P\u00e1vka dostali na Hrad s jasn\u00fdm c\u00edlem, aby jako b\u00fdval\u00fd \u0161\u00e9f vojensk\u00e9 sekce NATO kul \u017eelezo v\u00e1lky a nen\u00e1visti proti Rusku, dokud je \u017ehav\u00e9.<\/strong>\u00a0A ta v\u00e1lka se vede bez serv\u00edtk\u016f, nejen proti rusk\u00e9 arm\u00e1d\u011b, ale proti v\u0161em Rus\u016fm, proti n\u00e1rodu Rus\u016f.<\/p>\n<p>Nev\u011b\u0159\u00edm, \u017ee Petr Pavel pou\u017eil ozna\u010den\u00ed \u201c<em>nation<\/em>\u201d omylem, p\u0159esn\u011b takto o cel\u00e9m rusk\u00e9m n\u00e1rod\u011b z\u00e1pad p\u0159em\u00fd\u0161l\u00ed. A sledovat 4 miliony Rus\u016f? Nasadit jim sledova\u010dky do mobil\u016f? Nap\u00edchnout jim telefony? \u017d\u00e1dn\u00fd probl\u00e9m pro P\u00e1vka. V\u00fdcvikem vojensk\u00e9 rozv\u011bdky pro\u0161el sice u\u017e p\u0159ed v\u00edce jak 30 lety, ale to se nezapom\u00edn\u00e1, a t\u00edm je to dan\u00e9! Budeme \u0161pehovat v\u0161echny Rusy, miliony Rus\u016f na z\u00e1pad\u011b! \u00dapln\u011b v\u0161echny! Zp\u00e1tky ni krok!<\/p>\n<p><a href=\"https:\/\/aeronet.news\/cesky-prezident-v-sobe-byvaleho-rozvedcika-nezaprel-a-v-sokujicim-prohlaseni-na-svobodne-evrope-vyzval-ke-sledovani-naprosto-vsech-rusu-v-celem-zapadnim-svete-tajnymi-sluzbami\/\">-VK- \u0160\u00e9fredaktor AE News<\/a><\/p>\n<p>&nbsp;<\/p>\n<p><a href=\"https:\/\/stranapro.cz\/\"><img decoding=\"async\" loading=\"lazy\" class=\"wp-image-30218 aligncenter\" src=\"http:\/\/www.infokuryr.cz\/n\/wp-content\/uploads\/2023\/06\/PRO-banner-300x36.png\" alt=\"\" width=\"1375\" height=\"165\" srcset=\"https:\/\/www.infokuryr.cz\/n\/wp-content\/uploads\/2023\/06\/PRO-banner-300x36.png 300w, https:\/\/www.infokuryr.cz\/n\/wp-content\/uploads\/2023\/06\/PRO-banner-768x93.png 768w, https:\/\/www.infokuryr.cz\/n\/wp-content\/uploads\/2023\/06\/PRO-banner.png 849w\" sizes=\"(max-width: 1375px) 100vw, 1375px\" \/><\/a><\/p>\n<p>&nbsp;<\/p>\n<p>&nbsp;<\/p>\n<p>&nbsp;<\/p>\n","protected":false},"excerpt":{"rendered":"<p>\u010cesk\u00fd prezident v sob\u011b b\u00fdval\u00e9ho rozv\u011bd\u010d\u00edka nezap\u0159el a v \u0161okuj\u00edc\u00edm prohl\u00e1\u0161en\u00ed na Svobodn\u00e9 Evrop\u011b vyzval&#8230;<\/p>\n","protected":false},"author":2,"featured_media":30352,"comment_status":"closed","ping_status":"closed","sticky":false,"template":"","format":"standard","meta":[],"categories":[6],"tags":[178,1173,165,1052,805],"_links":{"self":[{"href":"https:\/\/www.infokuryr.cz\/n\/wp-json\/wp\/v2\/posts\/30351"}],"collection":[{"href":"https:\/\/www.infokuryr.cz\/n\/wp-json\/wp\/v2\/posts"}],"about":[{"href":"https:\/\/www.infokuryr.cz\/n\/wp-json\/wp\/v2\/types\/post"}],"author":[{"embeddable":true,"href":"https:\/\/www.infokuryr.cz\/n\/wp-json\/wp\/v2\/users\/2"}],"replies":[{"embeddable":true,"href":"https:\/\/www.infokuryr.cz\/n\/wp-json\/wp\/v2\/comments?post=30351"}],"version-history":[{"count":0,"href":"https:\/\/www.infokuryr.cz\/n\/wp-json\/wp\/v2\/posts\/30351\/revisions"}],"wp:featuredmedia":[{"embeddable":true,"href":"https:\/\/www.infokuryr.cz\/n\/wp-json\/wp\/v2\/media\/30352"}],"wp:attachment":[{"href":"https:\/\/www.infokuryr.cz\/n\/wp-json\/wp\/v2\/media?parent=30351"}],"wp:term":[{"taxonomy":"category","embeddable":true,"href":"https:\/\/www.infokuryr.cz\/n\/wp-json\/wp\/v2\/categories?post=30351"},{"taxonomy":"post_tag","embeddable":true,"href":"https:\/\/www.infokuryr.cz\/n\/wp-json\/wp\/v2\/tags?post=30351"}],"curies":[{"name":"wp","href":"https:\/\/api.w.org\/{rel}","templated":true}]}}